{"id":67008,"date":"2026-03-07T22:15:25","date_gmt":"2026-03-08T01:15:25","guid":{"rendered":"https:\/\/www.rivera.gub.uy\/portal\/?p=67008"},"modified":"2026-03-07T22:21:12","modified_gmt":"2026-03-08T01:21:12","slug":"rivera-abre-gira-del-sodre-en-el-teatro-municipal","status":"publish","type":"post","link":"https:\/\/www.rivera.gub.uy\/portal\/rivera-abre-gira-del-sodre-en-el-teatro-municipal\/","title":{"rendered":"Rivera abre gira del SODRE en el Teatro Municipal"},"content":{"rendered":"<p><strong>El Ballet Nacional SODRE (BNS) inicia la Gira Nacional en Rivera presentando obra emblem\u00e1tica de la danza cl\u00e1sica bajo la direcci\u00f3n art\u00edstica de Mar\u00eda Noel Riccetto, EL LAGO DE LOS CISNES. <\/strong><\/p>\n<p>De esta manera, la Intendencia Departamental de Rivera refuerza el v\u00ednculo con la principal instituci\u00f3n cultural del pa\u00eds, SODRE, que, enmarcado en las pol\u00edticas de descentralizaci\u00f3n cultural, brinda en nuestra casa teatral espect\u00e1culos de primer nivel al p\u00fablico de la frontera.<\/p>\n<p><strong>El Lago de los Cisnes, de la autor\u00eda del compositor ruso Piotr Ilich Tchaikovsky, es un espect\u00e1culo que ha embelesado a los distintos p\u00fablicos desde 1877, y que debutar\u00e1 en nuestro principal escenario los d\u00edas 11 y 12 de marzo a partir de las 20 horas<\/strong>. Esta producci\u00f3n, realizada en los talleres del Auditorio Nacional Adela Reta, combina t\u00e9cnica de excelencia, danza, m\u00fasica inolvidable y una escenograf\u00eda deslumbrante.<\/p>\n<p><strong>De esta manera el Teatro XV de Febrero de 1985 inaugura la Temporada Cultural 2026<\/strong> con una programaci\u00f3n que apunta a promover la cultura, fortalecer la econom\u00eda creativa local y de la regi\u00f3n, pero tambi\u00e9n promoviendo el derecho cultural de todos los p\u00fablicos ya que en la segunda funci\u00f3n se habilitar\u00e1 un n\u00famero importante de butacas en modalidad de extensi\u00f3n cultural.<\/p>\n<hr \/>\n<p><strong>Algo a destacar de esta Temporada es que la venta de ingresos ser\u00e1 con butacas numeradas, y se facilitar\u00e1 a los hermanos brasile\u00f1os para que puedan abonar v\u00eda PIX.<\/strong><\/p>\n<p><strong>La Open Class que se realiza habitualmente inicia a las 17:25 horas.<\/strong><\/p>\n<p><strong>Las puertas se abren a las 19:00 horas para recibirlos en esta nueva temporada cultural. Se ruega puntualidad.<\/strong><\/p>\n<hr \/>\n<p><strong>Informaci\u00f3n de entradas:<\/strong><\/p>\n<table style=\"border-collapse: collapse; width: 100%;\" border=\"1\">\n<tbody>\n<tr>\n<td style=\"width: 40.8818%;\">\n<ul>\n<li><strong>Valor:<\/strong><\/li>\n<\/ul>\n<\/td>\n<td style=\"width: 59.1182%;\">\u00a0$650<\/td>\n<\/tr>\n<tr>\n<td style=\"width: 40.8818%;\">\n<ul>\n<li><strong>Venta online:<\/strong><\/li>\n<\/ul>\n<\/td>\n<td style=\"width: 59.1182%;\"><a href=\"http:\/\/redtickets.uy\" target=\"_blank\" rel=\"noopener\">redtickets.uy<\/a><\/td>\n<\/tr>\n<tr>\n<td style=\"width: 40.8818%;\">\n<ul>\n<li><strong>Venta online (link directo):<\/strong><\/li>\n<\/ul>\n<\/td>\n<td style=\"width: 59.1182%;\"><a href=\"https:\/\/redtickets.uy\/evento\/EL-LAGO-DE-LOS-CISNES-en-Rivera\/27808\/\" target=\"_blank\" rel=\"noopener\">https:\/\/redtickets.uy\/evento\/EL-LAGO-DE-LOS-CISNES-en-Rivera\/27808\/<\/a>)<\/td>\n<\/tr>\n<tr>\n<td style=\"width: 40.8818%;\">\n<ul>\n<li><strong>Venta presencial:<\/strong><\/li>\n<\/ul>\n<\/td>\n<td style=\"width: 59.1182%;\">Boleter\u00eda del Teatro Municipal con pago digital.<\/td>\n<\/tr>\n<\/tbody>\n<\/table>\n<p><strong>Ficha t\u00e9cnica:<\/strong><\/p>\n<table style=\"width: 100%; border-collapse: collapse;\" border=\"0\">\n<tbody>\n<tr>\n<td style=\"width: 33.3333%;\">\n<ul>\n<li><strong>Direcci\u00f3n:<\/strong><\/li>\n<\/ul>\n<\/td>\n<td style=\"width: 48.3709%;\">Mar\u00eda Noel Riccetto<\/td>\n<\/tr>\n<tr>\n<td style=\"width: 33.3333%;\">\n<ul>\n<li><strong>Coreograf\u00eda:<\/strong><\/li>\n<\/ul>\n<\/td>\n<td style=\"width: 48.3709%;\">Ra\u00fal Candal<\/td>\n<\/tr>\n<tr>\n<td style=\"width: 33.3333%;\">\n<ul>\n<li><strong>M\u00fasica original:<\/strong><\/li>\n<\/ul>\n<\/td>\n<td style=\"width: 48.3709%;\">Piotr Ilich Tchaikovsky<\/td>\n<\/tr>\n<tr>\n<td style=\"width: 33.3333%;\">\n<ul>\n<li><strong>Libreto original:<\/strong><\/li>\n<\/ul>\n<\/td>\n<td style=\"width: 48.3709%;\">Vladimir Begichev &amp; Vassily Geltzer<\/td>\n<\/tr>\n<tr>\n<td style=\"width: 33.3333%;\">\n<ul>\n<li><strong>Dise\u00f1o de escenograf\u00eda:<\/strong><\/li>\n<\/ul>\n<\/td>\n<td style=\"width: 48.3709%;\">Gast\u00f3n Joubert<\/td>\n<\/tr>\n<tr>\n<td style=\"width: 33.3333%;\">\n<ul>\n<li><strong>Dise\u00f1o de vestuario:<\/strong><\/li>\n<\/ul>\n<\/td>\n<td style=\"width: 48.3709%;\">Hugo Mill\u00e1n<\/td>\n<\/tr>\n<tr>\n<td style=\"width: 33.3333%;\">\n<ul>\n<li><strong>Dise\u00f1o de iluminaci\u00f3n:<\/strong><\/li>\n<\/ul>\n<\/td>\n<td style=\"width: 48.3709%;\">Sebasti\u00e1n Marrero<\/td>\n<\/tr>\n<tr>\n<td style=\"width: 33.3333%;\">\n<ul>\n<li><strong>Adaptaci\u00f3n de iluminaci\u00f3n:<\/strong><\/li>\n<\/ul>\n<\/td>\n<td style=\"width: 48.3709%;\">Pablo Pulido<\/td>\n<\/tr>\n<tr>\n<td style=\"width: 33.3333%;\">\n<ul>\n<li><strong>Stage Manager:<\/strong><\/li>\n<\/ul>\n<\/td>\n<td style=\"width: 48.3709%;\">Mart\u00edn Ezequiel Segovia<\/td>\n<\/tr>\n<tr>\n<td style=\"width: 33.3333%;\">\n<ul>\n<li><strong>Realizaci\u00f3n:<\/strong><\/li>\n<\/ul>\n<\/td>\n<td style=\"width: 48.3709%;\">Ballet Nacional SODRE<\/td>\n<\/tr>\n<tr>\n<td style=\"width: 33.3333%;\">\n<ul>\n<li><strong>Funciones:<\/strong><\/li>\n<\/ul>\n<\/td>\n<td style=\"width: 48.3709%;\">11 y 12 de marzo \u2013 20 horas.<\/td>\n<\/tr>\n<tr>\n<td style=\"width: 33.3333%;\">\n<ul>\n<li><strong>Lugar:<\/strong><\/li>\n<\/ul>\n<\/td>\n<td style=\"width: 48.3709%;\">Teatro Municipal 15 de Febrero de 1985 \u2013 Rivera<\/td>\n<\/tr>\n<\/tbody>\n<\/table>\n<p>&nbsp;<\/p>\n","protected":false},"excerpt":{"rendered":"<p>El Ballet Nacional SODRE (BNS) inicia la Gira Nacional en Rivera presentando obra emblem\u00e1tica de la danza cl\u00e1sica bajo la direcci\u00f3n art\u00edstica de Mar\u00eda Noel Riccetto, EL LAGO DE LOS CISNES. De esta manera, la Intendencia Departamental de Rivera refuerza el v\u00ednculo con la principal instituci\u00f3n cultural del pa\u00eds, SODRE, que, enmarcado en las pol\u00edticas [&hellip;]<\/p>\n","protected":false},"author":5,"featured_media":67018,"comment_status":"open","ping_status":"open","sticky":false,"template":"","format":"standard","meta":{"footnotes":""},"categories":[1],"tags":[],"class_list":["post-67008","post","type-post","status-publish","format-standard","has-post-thumbnail","hentry","category-novedades"],"_links":{"self":[{"href":"https:\/\/www.rivera.gub.uy\/portal\/wp-json\/wp\/v2\/posts\/67008","targetHints":{"allow":["GET"]}}],"collection":[{"href":"https:\/\/www.rivera.gub.uy\/portal\/wp-json\/wp\/v2\/posts"}],"about":[{"href":"https:\/\/www.rivera.gub.uy\/portal\/wp-json\/wp\/v2\/types\/post"}],"author":[{"embeddable":true,"href":"https:\/\/www.rivera.gub.uy\/portal\/wp-json\/wp\/v2\/users\/5"}],"replies":[{"embeddable":true,"href":"https:\/\/www.rivera.gub.uy\/portal\/wp-json\/wp\/v2\/comments?post=67008"}],"version-history":[{"count":13,"href":"https:\/\/www.rivera.gub.uy\/portal\/wp-json\/wp\/v2\/posts\/67008\/revisions"}],"predecessor-version":[{"id":67025,"href":"https:\/\/www.rivera.gub.uy\/portal\/wp-json\/wp\/v2\/posts\/67008\/revisions\/67025"}],"wp:featuredmedia":[{"embeddable":true,"href":"https:\/\/www.rivera.gub.uy\/portal\/wp-json\/wp\/v2\/media\/67018"}],"wp:attachment":[{"href":"https:\/\/www.rivera.gub.uy\/portal\/wp-json\/wp\/v2\/media?parent=67008"}],"wp:term":[{"taxonomy":"category","embeddable":true,"href":"https:\/\/www.rivera.gub.uy\/portal\/wp-json\/wp\/v2\/categories?post=67008"},{"taxonomy":"post_tag","embeddable":true,"href":"https:\/\/www.rivera.gub.uy\/portal\/wp-json\/wp\/v2\/tags?post=67008"}],"curies":[{"name":"wp","href":"https:\/\/api.w.org\/{rel}","templated":true}]}}