{"id":67038,"date":"2026-03-09T11:09:21","date_gmt":"2026-03-09T14:09:21","guid":{"rendered":"https:\/\/www.rivera.gub.uy\/portal\/?p=67038"},"modified":"2026-03-09T11:12:28","modified_gmt":"2026-03-09T14:12:28","slug":"rivera-participo-en-taller-internacional-sobre-ciberseguridad-urbana","status":"publish","type":"post","link":"https:\/\/www.rivera.gub.uy\/portal\/rivera-participo-en-taller-internacional-sobre-ciberseguridad-urbana\/","title":{"rendered":"Rivera particip\u00f3 en taller internacional sobre ciberseguridad urbana"},"content":{"rendered":"<p data-start=\"140\" data-end=\"369\">La Intendencia de Rivera form\u00f3 parte de una <strong>instancia regional de capacitaci\u00f3n y simulaci\u00f3n orientada a fortalecer la resiliencia digital de las ciudades y la protecci\u00f3n de los servicios p\u00fablicos frente a incidentes cibern\u00e9ticos<\/strong>.<\/p>\n<p data-start=\"371\" data-end=\"734\">La actividad se desarroll\u00f3 del mi\u00e9rcoles 4 al viernes 6 de marzo en el piso 26 de la Torre de las Telecomunicaciones de Antel, en Montevideo, en el marco del taller internacional <em data-start=\"551\" data-end=\"597\">\u201cFormaci\u00f3n en ciberseguridad y ejercicio TTX*<\/em>: \u00bfEs tu ciudad cibersegura?\u201d, que reuni\u00f3 a representantes de gobiernos locales, organismos nacionales y especialistas internacionales.<\/p>\n<p data-start=\"736\" data-end=\"1277\">El encuentro fue organizado por el proyecto <a href=\"https:\/\/www.eucybernet.eu\/\" target=\"_blank\" rel=\"noopener\"><strong data-start=\"780\" data-end=\"795\">EU CyberNet<\/strong><\/a>, financiado por la <a href=\"https:\/\/european-union.europa.eu\/index_es\" target=\"_blank\" rel=\"noopener\"><strong data-start=\"815\" data-end=\"832\">Uni\u00f3n Europea<\/strong><\/a>, junto con el <a href=\"https:\/\/www.lac4.eu\/es\/\" target=\"_blank\" rel=\"noopener\"><strong data-start=\"847\" data-end=\"914\">Centro de Cibercapacidades de A m\u00e9rica Latina y el Caribe (LAC4)<\/strong><\/a>, y tuvo como anfitriona a la <a href=\"https:\/\/montevideo.gub.uy\/\" target=\"_blank\" rel=\"noopener\"><strong data-start=\"944\" data-end=\"973\">Intendencia de Montevideo<\/strong><\/a>. La actividad cont\u00f3 adem\u00e1s con la participaci\u00f3n de instituciones nacionales vinculadas a la seguridad digital y la gesti\u00f3n de crisis, entre ellas <a href=\"https:\/\/www.gub.uy\/agencia-gobierno-electronico-sociedad-informacion-conocimiento\/\" target=\"_blank\" rel=\"noopener\"><strong data-start=\"1120\" data-end=\"1130\">AGESIC<\/strong><\/a>, <a href=\"https:\/\/www.antel.com.uy\/\" target=\"_blank\" rel=\"noopener\"><strong data-start=\"1132\" data-end=\"1141\">ANTEL<\/strong> <\/a>y el <a href=\"https:\/\/www.gub.uy\/ministerio-defensa-nacional\/\" target=\"_blank\" rel=\"noopener\"><strong data-start=\"1147\" data-end=\"1172\">Ministerio de Defensa<\/strong><\/a>, as\u00ed como delegaciones de algunos departamentos del pa\u00eds y de ciudades de <strong data-start=\"1247\" data-end=\"1276\">Chile, Brasil y Argentina<\/strong>.<\/p>\n<p data-start=\"1279\" data-end=\"1576\">En representaci\u00f3n de la Intendencia de Rivera participaron equipos t\u00e9cnicos de <strong data-start=\"1425\" data-end=\"1477\">RRTT (Recursos Tecnol\u00f3gicos, Secretar\u00eda General),<\/strong> <strong data-start=\"1480\" data-end=\"1575\">UIDIU (Unidad de Investigaci\u00f3n, Desarrollo e Innovaci\u00f3n Urbana, Direcci\u00f3n General de Obras) <\/strong>y <strong data-start=\"1480\" data-end=\"1575\">ATIAC (Acceso a TIC y Atenci\u00f3n Ciudadana, Secretar\u00eda General)<\/strong>.<\/p>\n<p data-start=\"1578\" data-end=\"2066\">Durante las tres jornadas se desarrollaron espacios de capacitaci\u00f3n t\u00e9cnica, intercambio de experiencias entre ciudades y an\u00e1lisis de escenarios vinculados a la seguridad de la informaci\u00f3n y la protecci\u00f3n de infraestructuras digitales. <strong>Las instancias formativas estuvieron a cargo de expertos internacionales provenientes de Alemania, Portugal y Estonia<\/strong>, quienes compartieron herramientas y buenas pr\u00e1cticas para fortalecer la preparaci\u00f3n institucional frente a amenazas cibern\u00e9ticas.<\/p>\n<p data-start=\"2068\" data-end=\"2433\">El programa incluy\u00f3 adem\u00e1s un <strong><em data-start=\"2099\" data-end=\"2138\">ejercicio pr\u00e1ctico de simulaci\u00f3n (TTX<\/em>)<\/strong>*, en el que las delegaciones trabajaron sobre un escenario hipot\u00e9tico de incidente inform\u00e1tico que afectaba servicios urbanos esenciales. A trav\u00e9s de esta din\u00e1mica se pusieron en pr\u00e1ctica mecanismos de coordinaci\u00f3n interinstitucional, comunicaci\u00f3n y toma de decisiones en contextos de crisis.<\/p>\n<p data-start=\"2435\" data-end=\"2754\">La participaci\u00f3n en este tipo de instancias permite fortalecer las capacidades de los gobiernos locales para anticipar riesgos, mejorar la respuesta ante incidentes digitales y avanzar en la construcci\u00f3n de ciudades m\u00e1s preparadas frente a los desaf\u00edos que plantea la creciente digitalizaci\u00f3n de los servicios p\u00fablicos.<\/p>\n<p data-start=\"2756\" data-end=\"2927\"><strong data-start=\"2756\" data-end=\"2927\">Para la Intendencia de Rivera, fortalecer la seguridad digital es clave para proteger los servicios p\u00fablicos y acompa\u00f1ar los desaf\u00edos de la transformaci\u00f3n tecnol\u00f3gica.<\/strong><\/p>\n<h6 data-start=\"2929\" data-end=\"3089\">* TTX = Simulaci\u00f3n basada en un escenario hipot\u00e9tico de ciberataque donde se analizan y discuten roles y respuestas en un entorno controlado y sin riesgos.<\/h6>\n<p><a href=\"https:\/\/www.rivera.gub.uy\/portal\/wp-content\/uploads\/2026\/03\/55130199126_020d7cbb24_k.jpg\"><img loading=\"lazy\" decoding=\"async\" class=\"alignnone wp-image-67046 size-medium\" src=\"https:\/\/www.rivera.gub.uy\/portal\/wp-content\/uploads\/2026\/03\/55130199126_020d7cbb24_k-282x188.jpg\" alt=\"\" width=\"282\" height=\"188\" srcset=\"https:\/\/www.rivera.gub.uy\/portal\/wp-content\/uploads\/2026\/03\/55130199126_020d7cbb24_k-282x188.jpg 282w, https:\/\/www.rivera.gub.uy\/portal\/wp-content\/uploads\/2026\/03\/55130199126_020d7cbb24_k-939x626.jpg 939w, https:\/\/www.rivera.gub.uy\/portal\/wp-content\/uploads\/2026\/03\/55130199126_020d7cbb24_k-141x94.jpg 141w, https:\/\/www.rivera.gub.uy\/portal\/wp-content\/uploads\/2026\/03\/55130199126_020d7cbb24_k-768x512.jpg 768w, https:\/\/www.rivera.gub.uy\/portal\/wp-content\/uploads\/2026\/03\/55130199126_020d7cbb24_k-1536x1024.jpg 1536w, https:\/\/www.rivera.gub.uy\/portal\/wp-content\/uploads\/2026\/03\/55130199126_020d7cbb24_k-600x400.jpg 600w, https:\/\/www.rivera.gub.uy\/portal\/wp-content\/uploads\/2026\/03\/55130199126_020d7cbb24_k-820x547.jpg 820w, https:\/\/www.rivera.gub.uy\/portal\/wp-content\/uploads\/2026\/03\/55130199126_020d7cbb24_k-272x182.jpg 272w, https:\/\/www.rivera.gub.uy\/portal\/wp-content\/uploads\/2026\/03\/55130199126_020d7cbb24_k.jpg 2048w\" sizes=\"auto, (max-width: 282px) 100vw, 282px\" \/><\/a> <img loading=\"lazy\" decoding=\"async\" class=\"alignnone size-medium wp-image-67045\" src=\"https:\/\/www.rivera.gub.uy\/portal\/wp-content\/uploads\/2026\/03\/55129310792_2493f8dca5_k-282x188.jpg\" alt=\"\" width=\"282\" height=\"188\" srcset=\"https:\/\/www.rivera.gub.uy\/portal\/wp-content\/uploads\/2026\/03\/55129310792_2493f8dca5_k-282x188.jpg 282w, https:\/\/www.rivera.gub.uy\/portal\/wp-content\/uploads\/2026\/03\/55129310792_2493f8dca5_k-939x626.jpg 939w, https:\/\/www.rivera.gub.uy\/portal\/wp-content\/uploads\/2026\/03\/55129310792_2493f8dca5_k-141x94.jpg 141w, https:\/\/www.rivera.gub.uy\/portal\/wp-content\/uploads\/2026\/03\/55129310792_2493f8dca5_k-768x512.jpg 768w, https:\/\/www.rivera.gub.uy\/portal\/wp-content\/uploads\/2026\/03\/55129310792_2493f8dca5_k-1536x1024.jpg 1536w, https:\/\/www.rivera.gub.uy\/portal\/wp-content\/uploads\/2026\/03\/55129310792_2493f8dca5_k-600x400.jpg 600w, https:\/\/www.rivera.gub.uy\/portal\/wp-content\/uploads\/2026\/03\/55129310792_2493f8dca5_k-820x547.jpg 820w, https:\/\/www.rivera.gub.uy\/portal\/wp-content\/uploads\/2026\/03\/55129310792_2493f8dca5_k-272x182.jpg 272w, https:\/\/www.rivera.gub.uy\/portal\/wp-content\/uploads\/2026\/03\/55129310792_2493f8dca5_k.jpg 2048w\" sizes=\"auto, (max-width: 282px) 100vw, 282px\" \/> \u00a0<a href=\"https:\/\/www.rivera.gub.uy\/portal\/wp-content\/uploads\/2026\/03\/55132260499_3593a587bc_k.jpg\"><img loading=\"lazy\" decoding=\"async\" class=\"alignnone wp-image-67043 size-medium\" src=\"https:\/\/www.rivera.gub.uy\/portal\/wp-content\/uploads\/2026\/03\/55132260499_3593a587bc_k-282x188.jpg\" alt=\"\" width=\"282\" height=\"188\" srcset=\"https:\/\/www.rivera.gub.uy\/portal\/wp-content\/uploads\/2026\/03\/55132260499_3593a587bc_k-282x188.jpg 282w, https:\/\/www.rivera.gub.uy\/portal\/wp-content\/uploads\/2026\/03\/55132260499_3593a587bc_k-939x626.jpg 939w, https:\/\/www.rivera.gub.uy\/portal\/wp-content\/uploads\/2026\/03\/55132260499_3593a587bc_k-141x94.jpg 141w, https:\/\/www.rivera.gub.uy\/portal\/wp-content\/uploads\/2026\/03\/55132260499_3593a587bc_k-768x512.jpg 768w, https:\/\/www.rivera.gub.uy\/portal\/wp-content\/uploads\/2026\/03\/55132260499_3593a587bc_k-1536x1024.jpg 1536w, https:\/\/www.rivera.gub.uy\/portal\/wp-content\/uploads\/2026\/03\/55132260499_3593a587bc_k-600x400.jpg 600w, https:\/\/www.rivera.gub.uy\/portal\/wp-content\/uploads\/2026\/03\/55132260499_3593a587bc_k-820x547.jpg 820w, https:\/\/www.rivera.gub.uy\/portal\/wp-content\/uploads\/2026\/03\/55132260499_3593a587bc_k-272x182.jpg 272w, https:\/\/www.rivera.gub.uy\/portal\/wp-content\/uploads\/2026\/03\/55132260499_3593a587bc_k.jpg 2048w\" sizes=\"auto, (max-width: 282px) 100vw, 282px\" \/><\/a> <a href=\"https:\/\/www.rivera.gub.uy\/portal\/wp-content\/uploads\/2026\/03\/55132804503_b9dd536747_k.jpg\"><img loading=\"lazy\" decoding=\"async\" class=\"alignnone wp-image-67040 size-medium\" src=\"https:\/\/www.rivera.gub.uy\/portal\/wp-content\/uploads\/2026\/03\/55132804503_b9dd536747_k-282x188.jpg\" alt=\"\" width=\"282\" height=\"188\" srcset=\"https:\/\/www.rivera.gub.uy\/portal\/wp-content\/uploads\/2026\/03\/55132804503_b9dd536747_k-282x188.jpg 282w, https:\/\/www.rivera.gub.uy\/portal\/wp-content\/uploads\/2026\/03\/55132804503_b9dd536747_k-939x626.jpg 939w, https:\/\/www.rivera.gub.uy\/portal\/wp-content\/uploads\/2026\/03\/55132804503_b9dd536747_k-141x94.jpg 141w, https:\/\/www.rivera.gub.uy\/portal\/wp-content\/uploads\/2026\/03\/55132804503_b9dd536747_k-768x512.jpg 768w, https:\/\/www.rivera.gub.uy\/portal\/wp-content\/uploads\/2026\/03\/55132804503_b9dd536747_k-1536x1024.jpg 1536w, https:\/\/www.rivera.gub.uy\/portal\/wp-content\/uploads\/2026\/03\/55132804503_b9dd536747_k-600x400.jpg 600w, https:\/\/www.rivera.gub.uy\/portal\/wp-content\/uploads\/2026\/03\/55132804503_b9dd536747_k-820x547.jpg 820w, https:\/\/www.rivera.gub.uy\/portal\/wp-content\/uploads\/2026\/03\/55132804503_b9dd536747_k-272x182.jpg 272w, https:\/\/www.rivera.gub.uy\/portal\/wp-content\/uploads\/2026\/03\/55132804503_b9dd536747_k.jpg 2048w\" sizes=\"auto, (max-width: 282px) 100vw, 282px\" \/><\/a>\u00a0<a href=\"https:\/\/www.rivera.gub.uy\/portal\/wp-content\/uploads\/2026\/03\/55128533676_aee7387b75_k.jpg\"><img loading=\"lazy\" decoding=\"async\" class=\"alignnone wp-image-67048 size-medium\" src=\"https:\/\/www.rivera.gub.uy\/portal\/wp-content\/uploads\/2026\/03\/55128533676_aee7387b75_k-282x188.jpg\" alt=\"\" width=\"282\" height=\"188\" srcset=\"https:\/\/www.rivera.gub.uy\/portal\/wp-content\/uploads\/2026\/03\/55128533676_aee7387b75_k-282x188.jpg 282w, https:\/\/www.rivera.gub.uy\/portal\/wp-content\/uploads\/2026\/03\/55128533676_aee7387b75_k-939x626.jpg 939w, https:\/\/www.rivera.gub.uy\/portal\/wp-content\/uploads\/2026\/03\/55128533676_aee7387b75_k-141x94.jpg 141w, https:\/\/www.rivera.gub.uy\/portal\/wp-content\/uploads\/2026\/03\/55128533676_aee7387b75_k-768x512.jpg 768w, https:\/\/www.rivera.gub.uy\/portal\/wp-content\/uploads\/2026\/03\/55128533676_aee7387b75_k-1536x1024.jpg 1536w, https:\/\/www.rivera.gub.uy\/portal\/wp-content\/uploads\/2026\/03\/55128533676_aee7387b75_k-600x400.jpg 600w, https:\/\/www.rivera.gub.uy\/portal\/wp-content\/uploads\/2026\/03\/55128533676_aee7387b75_k-820x547.jpg 820w, https:\/\/www.rivera.gub.uy\/portal\/wp-content\/uploads\/2026\/03\/55128533676_aee7387b75_k-272x182.jpg 272w, https:\/\/www.rivera.gub.uy\/portal\/wp-content\/uploads\/2026\/03\/55128533676_aee7387b75_k.jpg 2048w\" sizes=\"auto, (max-width: 282px) 100vw, 282px\" \/><\/a><a href=\"https:\/\/www.rivera.gub.uy\/portal\/wp-content\/uploads\/2026\/03\/55130439104_372113487e_k.jpg\"><img loading=\"lazy\" decoding=\"async\" class=\"alignnone wp-image-67050 size-medium\" src=\"https:\/\/www.rivera.gub.uy\/portal\/wp-content\/uploads\/2026\/03\/55130439104_372113487e_k-282x188.jpg\" alt=\"\" width=\"282\" height=\"188\" srcset=\"https:\/\/www.rivera.gub.uy\/portal\/wp-content\/uploads\/2026\/03\/55130439104_372113487e_k-282x188.jpg 282w, https:\/\/www.rivera.gub.uy\/portal\/wp-content\/uploads\/2026\/03\/55130439104_372113487e_k-939x626.jpg 939w, https:\/\/www.rivera.gub.uy\/portal\/wp-content\/uploads\/2026\/03\/55130439104_372113487e_k-141x94.jpg 141w, https:\/\/www.rivera.gub.uy\/portal\/wp-content\/uploads\/2026\/03\/55130439104_372113487e_k-768x512.jpg 768w, https:\/\/www.rivera.gub.uy\/portal\/wp-content\/uploads\/2026\/03\/55130439104_372113487e_k-1536x1024.jpg 1536w, https:\/\/www.rivera.gub.uy\/portal\/wp-content\/uploads\/2026\/03\/55130439104_372113487e_k-600x400.jpg 600w, https:\/\/www.rivera.gub.uy\/portal\/wp-content\/uploads\/2026\/03\/55130439104_372113487e_k-820x547.jpg 820w, https:\/\/www.rivera.gub.uy\/portal\/wp-content\/uploads\/2026\/03\/55130439104_372113487e_k-272x182.jpg 272w, https:\/\/www.rivera.gub.uy\/portal\/wp-content\/uploads\/2026\/03\/55130439104_372113487e_k.jpg 2048w\" sizes=\"auto, (max-width: 282px) 100vw, 282px\" \/><\/a><a href=\"https:\/\/www.rivera.gub.uy\/portal\/wp-content\/uploads\/2026\/03\/55132804743_ebb3ae8ea1_k.jpg\"><img loading=\"lazy\" decoding=\"async\" class=\"alignnone wp-image-67041 size-medium\" src=\"https:\/\/www.rivera.gub.uy\/portal\/wp-content\/uploads\/2026\/03\/55132804743_ebb3ae8ea1_k-282x188.jpg\" alt=\"\" width=\"282\" height=\"188\" srcset=\"https:\/\/www.rivera.gub.uy\/portal\/wp-content\/uploads\/2026\/03\/55132804743_ebb3ae8ea1_k-282x188.jpg 282w, https:\/\/www.rivera.gub.uy\/portal\/wp-content\/uploads\/2026\/03\/55132804743_ebb3ae8ea1_k-939x626.jpg 939w, https:\/\/www.rivera.gub.uy\/portal\/wp-content\/uploads\/2026\/03\/55132804743_ebb3ae8ea1_k-141x94.jpg 141w, https:\/\/www.rivera.gub.uy\/portal\/wp-content\/uploads\/2026\/03\/55132804743_ebb3ae8ea1_k-768x512.jpg 768w, https:\/\/www.rivera.gub.uy\/portal\/wp-content\/uploads\/2026\/03\/55132804743_ebb3ae8ea1_k-1536x1024.jpg 1536w, https:\/\/www.rivera.gub.uy\/portal\/wp-content\/uploads\/2026\/03\/55132804743_ebb3ae8ea1_k-600x400.jpg 600w, https:\/\/www.rivera.gub.uy\/portal\/wp-content\/uploads\/2026\/03\/55132804743_ebb3ae8ea1_k-820x547.jpg 820w, https:\/\/www.rivera.gub.uy\/portal\/wp-content\/uploads\/2026\/03\/55132804743_ebb3ae8ea1_k-272x182.jpg 272w, https:\/\/www.rivera.gub.uy\/portal\/wp-content\/uploads\/2026\/03\/55132804743_ebb3ae8ea1_k.jpg 2048w\" sizes=\"auto, (max-width: 282px) 100vw, 282px\" \/><\/a><a href=\"https:\/\/www.rivera.gub.uy\/portal\/wp-content\/uploads\/2026\/03\/55132600253_d97eb8923b_k.jpg\"><img loading=\"lazy\" decoding=\"async\" class=\"alignnone wp-image-67049 size-medium\" src=\"https:\/\/www.rivera.gub.uy\/portal\/wp-content\/uploads\/2026\/03\/55132600253_d97eb8923b_k-282x188.jpg\" alt=\"\" width=\"282\" height=\"188\" srcset=\"https:\/\/www.rivera.gub.uy\/portal\/wp-content\/uploads\/2026\/03\/55132600253_d97eb8923b_k-282x188.jpg 282w, https:\/\/www.rivera.gub.uy\/portal\/wp-content\/uploads\/2026\/03\/55132600253_d97eb8923b_k-941x626.jpg 941w, https:\/\/www.rivera.gub.uy\/portal\/wp-content\/uploads\/2026\/03\/55132600253_d97eb8923b_k-141x94.jpg 141w, https:\/\/www.rivera.gub.uy\/portal\/wp-content\/uploads\/2026\/03\/55132600253_d97eb8923b_k-768x511.jpg 768w, https:\/\/www.rivera.gub.uy\/portal\/wp-content\/uploads\/2026\/03\/55132600253_d97eb8923b_k-1536x1022.jpg 1536w, https:\/\/www.rivera.gub.uy\/portal\/wp-content\/uploads\/2026\/03\/55132600253_d97eb8923b_k-600x400.jpg 600w, https:\/\/www.rivera.gub.uy\/portal\/wp-content\/uploads\/2026\/03\/55132600253_d97eb8923b_k-820x546.jpg 820w, https:\/\/www.rivera.gub.uy\/portal\/wp-content\/uploads\/2026\/03\/55132600253_d97eb8923b_k-272x182.jpg 272w, https:\/\/www.rivera.gub.uy\/portal\/wp-content\/uploads\/2026\/03\/55132600253_d97eb8923b_k.jpg 2048w\" sizes=\"auto, (max-width: 282px) 100vw, 282px\" \/><\/a><a href=\"https:\/\/www.rivera.gub.uy\/portal\/wp-content\/uploads\/2026\/03\/55132600208_65f6afae8e_k.jpg\"><img loading=\"lazy\" decoding=\"async\" class=\"alignnone wp-image-67042 size-medium\" src=\"https:\/\/www.rivera.gub.uy\/portal\/wp-content\/uploads\/2026\/03\/55132600208_65f6afae8e_k-282x188.jpg\" alt=\"\" width=\"282\" height=\"188\" srcset=\"https:\/\/www.rivera.gub.uy\/portal\/wp-content\/uploads\/2026\/03\/55132600208_65f6afae8e_k-282x188.jpg 282w, https:\/\/www.rivera.gub.uy\/portal\/wp-content\/uploads\/2026\/03\/55132600208_65f6afae8e_k-941x626.jpg 941w, https:\/\/www.rivera.gub.uy\/portal\/wp-content\/uploads\/2026\/03\/55132600208_65f6afae8e_k-141x94.jpg 141w, https:\/\/www.rivera.gub.uy\/portal\/wp-content\/uploads\/2026\/03\/55132600208_65f6afae8e_k-768x511.jpg 768w, https:\/\/www.rivera.gub.uy\/portal\/wp-content\/uploads\/2026\/03\/55132600208_65f6afae8e_k-1536x1022.jpg 1536w, https:\/\/www.rivera.gub.uy\/portal\/wp-content\/uploads\/2026\/03\/55132600208_65f6afae8e_k-600x400.jpg 600w, https:\/\/www.rivera.gub.uy\/portal\/wp-content\/uploads\/2026\/03\/55132600208_65f6afae8e_k-820x546.jpg 820w, https:\/\/www.rivera.gub.uy\/portal\/wp-content\/uploads\/2026\/03\/55132600208_65f6afae8e_k-272x182.jpg 272w, https:\/\/www.rivera.gub.uy\/portal\/wp-content\/uploads\/2026\/03\/55132600208_65f6afae8e_k.jpg 2048w\" sizes=\"auto, (max-width: 282px) 100vw, 282px\" \/><\/a><\/p>\n<div class=\"flex flex-col text-sm pb-25\">\n<article class=\"text-token-text-primary w-full focus:outline-none [--shadow-height:45px] has-data-writing-block:pointer-events-none has-data-writing-block:-mt-(--shadow-height) has-data-writing-block:pt-(--shadow-height) [&amp;:has([data-writing-block])&gt;*]:pointer-events-auto scroll-mt-[calc(var(--header-height)+min(200px,max(70px,20svh)))]\" dir=\"auto\" tabindex=\"-1\" data-turn-id=\"request-WEB:47902d33-bf67-43a3-aec1-024d95ef7cc6-4\" data-testid=\"conversation-turn-10\" data-scroll-anchor=\"true\" data-turn=\"assistant\">\n<div class=\"text-base my-auto mx-auto pb-10 [--thread-content-margin:var(--thread-content-margin-xs,calc(var(--spacing)*4))] @w-sm\/main:[--thread-content-margin:var(--thread-content-margin-sm,calc(var(--spacing)*6))] @w-lg\/main:[--thread-content-margin:var(--thread-content-margin-lg,calc(var(--spacing)*16))] px-(--thread-content-margin)\">\n<div class=\"[--thread-content-max-width:40rem] @w-lg\/main:[--thread-content-max-width:48rem] mx-auto max-w-(--thread-content-max-width) flex-1 group\/turn-messages focus-visible:outline-hidden relative flex w-full min-w-0 flex-col agent-turn\" tabindex=\"-1\">\n<div class=\"mt-3 w-full empty:hidden\">\n<div class=\"text-center\"><\/div>\n<\/div>\n<\/div>\n<\/div>\n<\/article>\n<\/div>\n","protected":false},"excerpt":{"rendered":"<p>La Intendencia de Rivera form\u00f3 parte de una instancia regional de capacitaci\u00f3n y simulaci\u00f3n orientada a fortalecer la resiliencia digital de las ciudades y la protecci\u00f3n de los servicios p\u00fablicos frente a incidentes cibern\u00e9ticos. La actividad se desarroll\u00f3 del mi\u00e9rcoles 4 al viernes 6 de marzo en el piso 26 de la Torre de las [&hellip;]<\/p>\n","protected":false},"author":5,"featured_media":67042,"comment_status":"open","ping_status":"open","sticky":false,"template":"","format":"standard","meta":{"footnotes":""},"categories":[1],"tags":[],"class_list":["post-67038","post","type-post","status-publish","format-standard","has-post-thumbnail","hentry","category-novedades"],"_links":{"self":[{"href":"https:\/\/www.rivera.gub.uy\/portal\/wp-json\/wp\/v2\/posts\/67038","targetHints":{"allow":["GET"]}}],"collection":[{"href":"https:\/\/www.rivera.gub.uy\/portal\/wp-json\/wp\/v2\/posts"}],"about":[{"href":"https:\/\/www.rivera.gub.uy\/portal\/wp-json\/wp\/v2\/types\/post"}],"author":[{"embeddable":true,"href":"https:\/\/www.rivera.gub.uy\/portal\/wp-json\/wp\/v2\/users\/5"}],"replies":[{"embeddable":true,"href":"https:\/\/www.rivera.gub.uy\/portal\/wp-json\/wp\/v2\/comments?post=67038"}],"version-history":[{"count":6,"href":"https:\/\/www.rivera.gub.uy\/portal\/wp-json\/wp\/v2\/posts\/67038\/revisions"}],"predecessor-version":[{"id":67056,"href":"https:\/\/www.rivera.gub.uy\/portal\/wp-json\/wp\/v2\/posts\/67038\/revisions\/67056"}],"wp:featuredmedia":[{"embeddable":true,"href":"https:\/\/www.rivera.gub.uy\/portal\/wp-json\/wp\/v2\/media\/67042"}],"wp:attachment":[{"href":"https:\/\/www.rivera.gub.uy\/portal\/wp-json\/wp\/v2\/media?parent=67038"}],"wp:term":[{"taxonomy":"category","embeddable":true,"href":"https:\/\/www.rivera.gub.uy\/portal\/wp-json\/wp\/v2\/categories?post=67038"},{"taxonomy":"post_tag","embeddable":true,"href":"https:\/\/www.rivera.gub.uy\/portal\/wp-json\/wp\/v2\/tags?post=67038"}],"curies":[{"name":"wp","href":"https:\/\/api.w.org\/{rel}","templated":true}]}}