{"id":67077,"date":"2026-03-11T08:50:57","date_gmt":"2026-03-11T11:50:57","guid":{"rendered":"https:\/\/www.rivera.gub.uy\/portal\/?p=67077"},"modified":"2026-03-11T08:50:57","modified_gmt":"2026-03-11T11:50:57","slug":"el-teatro-municipal-fortalece-su-infraestructura-y-presenta-su-agenda-cultural-2026","status":"publish","type":"post","link":"https:\/\/www.rivera.gub.uy\/portal\/el-teatro-municipal-fortalece-su-infraestructura-y-presenta-su-agenda-cultural-2026\/","title":{"rendered":"El Teatro Municipal fortalece su infraestructura y presenta su agenda cultural 2026"},"content":{"rendered":"<p>La Intendencia Departamental contin\u00faa consolidando el posicionamiento del Teatro Municipal como referente cultural en la frontera, con nuevas inversiones en equipamiento y una nutrida programaci\u00f3n anual que incluir\u00e1 espect\u00e1culos nacionales, propuestas para la infancia y el primer festival de teatro del departamento.<\/p>\n<p>El Director General de Promoci\u00f3n y Acci\u00f3n Social, Cr. Giovani Conti, destac\u00f3 que, desde la reinauguraci\u00f3n de la sala, el 17 de mayo de 2024, se viene trabajando intensamente para jerarquizar el teatro como un \u00edcono cultural del departamento.<\/p>\n<p><em>\u201cDesde entonces no solo se ha trabajado en su infraestructura, a partir de la obra realizada por la Intendencia, sino tambi\u00e9n en su equipamiento\u201d<\/em>, se\u00f1al\u00f3.<\/p>\n<p><strong>Nueva inversi\u00f3n en equipamiento<\/strong><\/p>\n<p>En ese marco, Conti record\u00f3 la incorporaci\u00f3n de un sistema de iluminaci\u00f3n donado por la Embajada de China y anunci\u00f3 la inauguraci\u00f3n de una licitaci\u00f3n realizada el pasado a\u00f1o por un monto de 70 mil d\u00f3lares destinada a la adquisici\u00f3n de equipamiento de audio, que ser\u00e1 instalado luego de la presentaci\u00f3n del Ballet del Sodre.<\/p>\n<p>El jerarca subray\u00f3 que estas mejoras forman parte de una pol\u00edtica sostenida de fortalecimiento de los escenarios culturales del departamento, que incluye tambi\u00e9n al Centro Cultural Artigas y al Teatro de Verano.<\/p>\n<p><strong>El Sodre llega con \u201cEl Lago de los Cisnes\u201d<\/strong><\/p>\n<p><strong>Como evento destacado del mes de marzo, el Teatro recibir\u00e1 al Sodre los d\u00edas 11 y 12 con doble funci\u00f3n del espect\u00e1culo<em> \u201cEl Lago de los Cisnes\u201d<\/em><\/strong>, bajo la direcci\u00f3n de Mar\u00eda Riccetto.<\/p>\n<p>Adem\u00e1s de las funciones centrales,<strong> los integrantes del ballet brindar\u00e1n una clase abierta el d\u00eda 11 en horas de la tarde, generando una instancia de formaci\u00f3n y acercamiento con la comunidad.<\/strong><\/p>\n<p>En paralelo, <strong>se inaugurar\u00e1 la exposici\u00f3n fotogr\u00e1fica de la ANIP del Sodre, titulada \u201cCampo y orientales\u201d<\/strong>, que estar\u00e1 montada <strong>en el foyer del Teatro y en el Centro Cultural<\/strong>, ampliando la propuesta art\u00edstica en ambos espacios.<\/p>\n<p><strong>Agenda cultural 2026<\/strong><\/p>\n<p>Durante su intervenci\u00f3n, Conti adelant\u00f3 un resumen de la programaci\u00f3n prevista para el a\u00f1o:<\/p>\n<ul>\n<li><strong>Abril:<\/strong> celebraciones de Semana Santa con dos obras vinculadas a la cultura sacra.<\/li>\n<\/ul>\n<ul>\n<li><strong>Mayo:<\/strong> la Academia de Danza de Paula Cardozo presentar\u00e1 una relectura en danza del cl\u00e1sico de Horacio Quiroga, \u201cLa abeja haragana\u201d.<\/li>\n<\/ul>\n<ul>\n<li><strong>Junio:<\/strong> el elenco teatral infantil desarrollar\u00e1 propuestas de extensi\u00f3n cultural centradas en el cuidado del planeta.<\/li>\n<\/ul>\n<ul>\n<li><strong>Julio:<\/strong> \u201cVacaciones Divertidas\u201d del Teatro Municipal, con novedades en teatro circense para ni\u00f1as y ni\u00f1os.<\/li>\n<\/ul>\n<ul>\n<li><strong>Agosto:<\/strong> en conjunto con el Sodre, se realizar\u00e1 una propuesta especial por el Mes de la Infancia, incluyendo \u201cTeatrino en Gira\u201d, donde los ni\u00f1os ser\u00e1n protagonistas de sus propias creaciones.<\/li>\n<\/ul>\n<ul>\n<li><strong>Septiembre:<\/strong> con el apoyo del Instituto Nacional de Artes Esc\u00e9nicas (INAE), se desarrollar\u00e1 el primer festival de teatro, promoviendo la circulaci\u00f3n de elencos del interior, como Tacuaremb\u00f3 y Durazno, adem\u00e1s de propuestas de la capital.<\/li>\n<\/ul>\n<ul>\n<li><strong>Octubre:<\/strong> en el mes aniversario del Teatro, se prepara una programaci\u00f3n especial enfocada en la puesta en valor de artistas locales.<\/li>\n<\/ul>\n<p><strong>Un teatro binacional<\/strong><\/p>\n<p>Conti resalt\u00f3 que el Teatro Municipal se ha consolidado como un espacio binacional, albergando espect\u00e1culos internacionales y propuestas provenientes de Brasil, lo que fortalece su perfil fronterizo.<\/p>\n<p>Asimismo, destac\u00f3 el v\u00ednculo sostenido con el Sodre, instituci\u00f3n que \u2014seg\u00fan expres\u00f3\u2014 ha valorado las condiciones t\u00e9cnicas y de infraestructura de la sala, reafirmando el compromiso de continuar acercando espect\u00e1culos de primer nivel a la comunidad.<\/p>\n<p>De esta manera, la Intendencia reafirma su apuesta por la cultura como herramienta de integraci\u00f3n, desarrollo y acceso para toda la ciudadan\u00eda.<\/p>\n<div id='gallery-1' class='gallery galleryid-67077 gallery-columns-3 gallery-size-medium'><figure class='gallery-item'>\n\t\t\t<div class='gallery-icon landscape'>\n\t\t\t\t<a href='https:\/\/www.rivera.gub.uy\/portal\/wp-content\/uploads\/2026\/03\/DSC_7044-scaled.jpg'><img loading=\"lazy\" decoding=\"async\" width=\"282\" height=\"188\" src=\"https:\/\/www.rivera.gub.uy\/portal\/wp-content\/uploads\/2026\/03\/DSC_7044-282x188.jpg\" class=\"attachment-medium size-medium\" alt=\"\" srcset=\"https:\/\/www.rivera.gub.uy\/portal\/wp-content\/uploads\/2026\/03\/DSC_7044-282x188.jpg 282w, https:\/\/www.rivera.gub.uy\/portal\/wp-content\/uploads\/2026\/03\/DSC_7044-939x626.jpg 939w, https:\/\/www.rivera.gub.uy\/portal\/wp-content\/uploads\/2026\/03\/DSC_7044-141x94.jpg 141w, https:\/\/www.rivera.gub.uy\/portal\/wp-content\/uploads\/2026\/03\/DSC_7044-768x512.jpg 768w, https:\/\/www.rivera.gub.uy\/portal\/wp-content\/uploads\/2026\/03\/DSC_7044-1536x1024.jpg 1536w, https:\/\/www.rivera.gub.uy\/portal\/wp-content\/uploads\/2026\/03\/DSC_7044-2048x1365.jpg 2048w, https:\/\/www.rivera.gub.uy\/portal\/wp-content\/uploads\/2026\/03\/DSC_7044-600x400.jpg 600w, https:\/\/www.rivera.gub.uy\/portal\/wp-content\/uploads\/2026\/03\/DSC_7044-820x547.jpg 820w, https:\/\/www.rivera.gub.uy\/portal\/wp-content\/uploads\/2026\/03\/DSC_7044-272x182.jpg 272w\" sizes=\"auto, (max-width: 282px) 100vw, 282px\" \/><\/a>\n\t\t\t<\/div><\/figure><figure class='gallery-item'>\n\t\t\t<div class='gallery-icon landscape'>\n\t\t\t\t<a href='https:\/\/www.rivera.gub.uy\/portal\/wp-content\/uploads\/2026\/03\/DSC_7083-scaled.jpg'><img loading=\"lazy\" decoding=\"async\" width=\"282\" height=\"188\" src=\"https:\/\/www.rivera.gub.uy\/portal\/wp-content\/uploads\/2026\/03\/DSC_7083-282x188.jpg\" class=\"attachment-medium size-medium\" alt=\"\" srcset=\"https:\/\/www.rivera.gub.uy\/portal\/wp-content\/uploads\/2026\/03\/DSC_7083-282x188.jpg 282w, https:\/\/www.rivera.gub.uy\/portal\/wp-content\/uploads\/2026\/03\/DSC_7083-939x626.jpg 939w, https:\/\/www.rivera.gub.uy\/portal\/wp-content\/uploads\/2026\/03\/DSC_7083-141x94.jpg 141w, https:\/\/www.rivera.gub.uy\/portal\/wp-content\/uploads\/2026\/03\/DSC_7083-768x512.jpg 768w, https:\/\/www.rivera.gub.uy\/portal\/wp-content\/uploads\/2026\/03\/DSC_7083-1536x1024.jpg 1536w, https:\/\/www.rivera.gub.uy\/portal\/wp-content\/uploads\/2026\/03\/DSC_7083-2048x1365.jpg 2048w, https:\/\/www.rivera.gub.uy\/portal\/wp-content\/uploads\/2026\/03\/DSC_7083-600x400.jpg 600w, https:\/\/www.rivera.gub.uy\/portal\/wp-content\/uploads\/2026\/03\/DSC_7083-820x547.jpg 820w, https:\/\/www.rivera.gub.uy\/portal\/wp-content\/uploads\/2026\/03\/DSC_7083-272x182.jpg 272w\" sizes=\"auto, (max-width: 282px) 100vw, 282px\" \/><\/a>\n\t\t\t<\/div><\/figure><figure class='gallery-item'>\n\t\t\t<div class='gallery-icon landscape'>\n\t\t\t\t<a href='https:\/\/www.rivera.gub.uy\/portal\/wp-content\/uploads\/2026\/03\/DSC_7088-scaled.jpg'><img loading=\"lazy\" decoding=\"async\" width=\"282\" height=\"188\" src=\"https:\/\/www.rivera.gub.uy\/portal\/wp-content\/uploads\/2026\/03\/DSC_7088-282x188.jpg\" class=\"attachment-medium size-medium\" alt=\"\" srcset=\"https:\/\/www.rivera.gub.uy\/portal\/wp-content\/uploads\/2026\/03\/DSC_7088-282x188.jpg 282w, https:\/\/www.rivera.gub.uy\/portal\/wp-content\/uploads\/2026\/03\/DSC_7088-939x626.jpg 939w, https:\/\/www.rivera.gub.uy\/portal\/wp-content\/uploads\/2026\/03\/DSC_7088-141x94.jpg 141w, https:\/\/www.rivera.gub.uy\/portal\/wp-content\/uploads\/2026\/03\/DSC_7088-768x512.jpg 768w, https:\/\/www.rivera.gub.uy\/portal\/wp-content\/uploads\/2026\/03\/DSC_7088-1536x1024.jpg 1536w, https:\/\/www.rivera.gub.uy\/portal\/wp-content\/uploads\/2026\/03\/DSC_7088-2048x1365.jpg 2048w, https:\/\/www.rivera.gub.uy\/portal\/wp-content\/uploads\/2026\/03\/DSC_7088-600x400.jpg 600w, https:\/\/www.rivera.gub.uy\/portal\/wp-content\/uploads\/2026\/03\/DSC_7088-820x547.jpg 820w, https:\/\/www.rivera.gub.uy\/portal\/wp-content\/uploads\/2026\/03\/DSC_7088-272x182.jpg 272w\" sizes=\"auto, (max-width: 282px) 100vw, 282px\" \/><\/a>\n\t\t\t<\/div><\/figure><figure class='gallery-item'>\n\t\t\t<div class='gallery-icon landscape'>\n\t\t\t\t<a href='https:\/\/www.rivera.gub.uy\/portal\/wp-content\/uploads\/2026\/03\/DSC_7080-scaled.jpg'><img loading=\"lazy\" decoding=\"async\" width=\"282\" height=\"188\" src=\"https:\/\/www.rivera.gub.uy\/portal\/wp-content\/uploads\/2026\/03\/DSC_7080-282x188.jpg\" class=\"attachment-medium size-medium\" alt=\"\" srcset=\"https:\/\/www.rivera.gub.uy\/portal\/wp-content\/uploads\/2026\/03\/DSC_7080-282x188.jpg 282w, https:\/\/www.rivera.gub.uy\/portal\/wp-content\/uploads\/2026\/03\/DSC_7080-939x626.jpg 939w, https:\/\/www.rivera.gub.uy\/portal\/wp-content\/uploads\/2026\/03\/DSC_7080-141x94.jpg 141w, https:\/\/www.rivera.gub.uy\/portal\/wp-content\/uploads\/2026\/03\/DSC_7080-768x512.jpg 768w, https:\/\/www.rivera.gub.uy\/portal\/wp-content\/uploads\/2026\/03\/DSC_7080-1536x1024.jpg 1536w, https:\/\/www.rivera.gub.uy\/portal\/wp-content\/uploads\/2026\/03\/DSC_7080-2048x1365.jpg 2048w, https:\/\/www.rivera.gub.uy\/portal\/wp-content\/uploads\/2026\/03\/DSC_7080-600x400.jpg 600w, https:\/\/www.rivera.gub.uy\/portal\/wp-content\/uploads\/2026\/03\/DSC_7080-820x547.jpg 820w, https:\/\/www.rivera.gub.uy\/portal\/wp-content\/uploads\/2026\/03\/DSC_7080-272x182.jpg 272w\" sizes=\"auto, (max-width: 282px) 100vw, 282px\" \/><\/a>\n\t\t\t<\/div><\/figure><figure class='gallery-item'>\n\t\t\t<div class='gallery-icon landscape'>\n\t\t\t\t<a href='https:\/\/www.rivera.gub.uy\/portal\/wp-content\/uploads\/2026\/03\/DSC_7101-scaled.jpg'><img loading=\"lazy\" decoding=\"async\" width=\"282\" height=\"188\" src=\"https:\/\/www.rivera.gub.uy\/portal\/wp-content\/uploads\/2026\/03\/DSC_7101-282x188.jpg\" class=\"attachment-medium size-medium\" alt=\"\" srcset=\"https:\/\/www.rivera.gub.uy\/portal\/wp-content\/uploads\/2026\/03\/DSC_7101-282x188.jpg 282w, https:\/\/www.rivera.gub.uy\/portal\/wp-content\/uploads\/2026\/03\/DSC_7101-939x626.jpg 939w, https:\/\/www.rivera.gub.uy\/portal\/wp-content\/uploads\/2026\/03\/DSC_7101-141x94.jpg 141w, https:\/\/www.rivera.gub.uy\/portal\/wp-content\/uploads\/2026\/03\/DSC_7101-768x512.jpg 768w, https:\/\/www.rivera.gub.uy\/portal\/wp-content\/uploads\/2026\/03\/DSC_7101-1536x1024.jpg 1536w, https:\/\/www.rivera.gub.uy\/portal\/wp-content\/uploads\/2026\/03\/DSC_7101-2048x1365.jpg 2048w, https:\/\/www.rivera.gub.uy\/portal\/wp-content\/uploads\/2026\/03\/DSC_7101-600x400.jpg 600w, https:\/\/www.rivera.gub.uy\/portal\/wp-content\/uploads\/2026\/03\/DSC_7101-820x547.jpg 820w, https:\/\/www.rivera.gub.uy\/portal\/wp-content\/uploads\/2026\/03\/DSC_7101-272x182.jpg 272w\" sizes=\"auto, (max-width: 282px) 100vw, 282px\" \/><\/a>\n\t\t\t<\/div><\/figure>\n\t\t<\/div>\n\n","protected":false},"excerpt":{"rendered":"<p>La Intendencia Departamental contin\u00faa consolidando el posicionamiento del Teatro Municipal como referente cultural en la frontera, con nuevas inversiones en equipamiento y una nutrida programaci\u00f3n anual que incluir\u00e1 espect\u00e1culos nacionales, propuestas para la infancia y el primer festival de teatro del departamento. El Director General de Promoci\u00f3n y Acci\u00f3n Social, Cr. Giovani Conti, destac\u00f3 que, [&hellip;]<\/p>\n","protected":false},"author":5,"featured_media":67080,"comment_status":"open","ping_status":"open","sticky":false,"template":"","format":"standard","meta":{"footnotes":""},"categories":[1],"tags":[],"class_list":["post-67077","post","type-post","status-publish","format-standard","has-post-thumbnail","hentry","category-novedades"],"_links":{"self":[{"href":"https:\/\/www.rivera.gub.uy\/portal\/wp-json\/wp\/v2\/posts\/67077","targetHints":{"allow":["GET"]}}],"collection":[{"href":"https:\/\/www.rivera.gub.uy\/portal\/wp-json\/wp\/v2\/posts"}],"about":[{"href":"https:\/\/www.rivera.gub.uy\/portal\/wp-json\/wp\/v2\/types\/post"}],"author":[{"embeddable":true,"href":"https:\/\/www.rivera.gub.uy\/portal\/wp-json\/wp\/v2\/users\/5"}],"replies":[{"embeddable":true,"href":"https:\/\/www.rivera.gub.uy\/portal\/wp-json\/wp\/v2\/comments?post=67077"}],"version-history":[{"count":8,"href":"https:\/\/www.rivera.gub.uy\/portal\/wp-json\/wp\/v2\/posts\/67077\/revisions"}],"predecessor-version":[{"id":67093,"href":"https:\/\/www.rivera.gub.uy\/portal\/wp-json\/wp\/v2\/posts\/67077\/revisions\/67093"}],"wp:featuredmedia":[{"embeddable":true,"href":"https:\/\/www.rivera.gub.uy\/portal\/wp-json\/wp\/v2\/media\/67080"}],"wp:attachment":[{"href":"https:\/\/www.rivera.gub.uy\/portal\/wp-json\/wp\/v2\/media?parent=67077"}],"wp:term":[{"taxonomy":"category","embeddable":true,"href":"https:\/\/www.rivera.gub.uy\/portal\/wp-json\/wp\/v2\/categories?post=67077"},{"taxonomy":"post_tag","embeddable":true,"href":"https:\/\/www.rivera.gub.uy\/portal\/wp-json\/wp\/v2\/tags?post=67077"}],"curies":[{"name":"wp","href":"https:\/\/api.w.org\/{rel}","templated":true}]}}