{"id":67094,"date":"2026-03-11T09:18:49","date_gmt":"2026-03-11T12:18:49","guid":{"rendered":"https:\/\/www.rivera.gub.uy\/portal\/?p=67094"},"modified":"2026-03-11T09:18:49","modified_gmt":"2026-03-11T12:18:49","slug":"intendente-destaco-inversion-en-cultura-y-anuncio-el-inicio-de-la-temporada-2026-del-teatro-municipal","status":"publish","type":"post","link":"https:\/\/www.rivera.gub.uy\/portal\/intendente-destaco-inversion-en-cultura-y-anuncio-el-inicio-de-la-temporada-2026-del-teatro-municipal\/","title":{"rendered":"Intendente destac\u00f3 inversi\u00f3n en cultura y anunci\u00f3 el inicio de la temporada 2026 del Teatro Municipal"},"content":{"rendered":"<p>El Intendente Departamental de Rivera, Cr. Richard Sander, resalt\u00f3 la apuesta sostenida de la Intendencia en materia cultural y deportiva, al tiempo que anunci\u00f3 el inicio oficial de la temporada 2026 del Teatro Municipal, con la presentaci\u00f3n del Ballet del Sodre en la ciudad.<\/p>\n<p>Durante la actividad, el jefe comunal dio la bienvenida al equipo t\u00e9cnico y art\u00edstico del Sodre, que arrib\u00f3 a Rivera con camiones de equipamiento y el \u00f3mnibus que trasladar\u00e1 al elenco en las dos funciones previstas. <em>\u201cEstamos muy felices. Ya en el per\u00edodo pasado hab\u00edamos tomado la decisi\u00f3n de invertir fuerte en cultura y deportes, y lo venimos haciendo\u201d<\/em>, afirm\u00f3.<\/p>\n<p><strong>Inversi\u00f3n y consolidaci\u00f3n de la infraestructura cultural<\/strong><\/p>\n<p>Sander record\u00f3 el proceso de recuperaci\u00f3n y puesta en valor de los espacios culturales del departamento, entre ellos el Centro Cultural Artigas, cuya ampliaci\u00f3n prev\u00e9 incorporar nuevas \u00e1reas vinculadas al museo.<\/p>\n<p>Asimismo, evoc\u00f3 la reinauguraci\u00f3n del Teatro Municipal \u2014obra impulsada por la actual administraci\u00f3n\u2014 y destac\u00f3 que, a casi dos a\u00f1os de su reapertura, m\u00e1s de 60.000 personas han pasado por la sala. <em>\u201cEs un \u00e9xito\u201d<\/em>, subray\u00f3.<\/p>\n<p>El Intendente tambi\u00e9n se\u00f1al\u00f3 la incorporaci\u00f3n de la empresa RedTickets como socio estrat\u00e9gico para la comercializaci\u00f3n de entradas, tras la firma de una licitaci\u00f3n en la presente jornada.<\/p>\n<p>En materia de equipamiento, record\u00f3 la donaci\u00f3n recibida en 2019 por parte de la Embajada de China, que permiti\u00f3 dotar al Teatro de un moderno sistema de iluminaci\u00f3n, y anunci\u00f3 que en estos d\u00edas se completa la renovaci\u00f3n tecnol\u00f3gica con la instalaci\u00f3n del nuevo sistema de sonido, adquirido mediante licitaci\u00f3n.<\/p>\n<p>Agradeci\u00f3 especialmente al equipo t\u00e9cnico del Sodre por el asesoramiento brindado en la selecci\u00f3n del equipamiento, as\u00ed como al personal del Teatro que trabaja de forma permanente y durante fines de semana para garantizar el funcionamiento del espacio.<\/p>\n<p><strong>Planificaci\u00f3n y profesionalizaci\u00f3n<\/strong><\/p>\n<p>El jefe comunal destac\u00f3 que el Teatro cuenta con una planificaci\u00f3n confirmada hasta octubre y noviembre de este a\u00f1o, lo que refleja \u2014seg\u00fan indic\u00f3\u2014 trabajo sostenido y capacitaci\u00f3n constante del equipo t\u00e9cnico y de gesti\u00f3n.<\/p>\n<p><em>\u201cSeguimos estudiando y prepar\u00e1ndonos para brindarle a los vecinos lo mejor en materia cultural, trayendo lo mejor del pa\u00eds y tambi\u00e9n propuestas internacionales, como ya ocurri\u00f3 el a\u00f1o pasado\u201d<\/em>, expres\u00f3.<\/p>\n<p>Finalmente, Sander agradeci\u00f3 a los medios de comunicaci\u00f3n por su labor de difusi\u00f3n e invit\u00f3 a la poblaci\u00f3n a acompa\u00f1ar la nueva temporada. El objetivo, se\u00f1al\u00f3, es superar en los pr\u00f3ximos a\u00f1os la cifra de 60.000 asistentes alcanzada desde la reinauguraci\u00f3n.<\/p>\n<p><em>\u201cLargamos una nueva temporada, la 2026, con el teatro completo desde nuestro punto de vista y con el compromiso de seguir so\u00f1ando cosas m\u00e1s lindas para esta hermosa frontera de la paz\u201d<\/em>, concluy\u00f3.<\/p>\n<div id='gallery-1' class='gallery galleryid-67094 gallery-columns-3 gallery-size-medium'><figure class='gallery-item'>\n\t\t\t<div class='gallery-icon landscape'>\n\t\t\t\t<a href='https:\/\/www.rivera.gub.uy\/portal\/wp-content\/uploads\/2026\/03\/DSC_7055-scaled.jpg'><img loading=\"lazy\" decoding=\"async\" width=\"282\" height=\"188\" src=\"https:\/\/www.rivera.gub.uy\/portal\/wp-content\/uploads\/2026\/03\/DSC_7055-282x188.jpg\" class=\"attachment-medium size-medium\" alt=\"\" srcset=\"https:\/\/www.rivera.gub.uy\/portal\/wp-content\/uploads\/2026\/03\/DSC_7055-282x188.jpg 282w, https:\/\/www.rivera.gub.uy\/portal\/wp-content\/uploads\/2026\/03\/DSC_7055-939x626.jpg 939w, https:\/\/www.rivera.gub.uy\/portal\/wp-content\/uploads\/2026\/03\/DSC_7055-141x94.jpg 141w, https:\/\/www.rivera.gub.uy\/portal\/wp-content\/uploads\/2026\/03\/DSC_7055-768x512.jpg 768w, https:\/\/www.rivera.gub.uy\/portal\/wp-content\/uploads\/2026\/03\/DSC_7055-1536x1024.jpg 1536w, https:\/\/www.rivera.gub.uy\/portal\/wp-content\/uploads\/2026\/03\/DSC_7055-2048x1365.jpg 2048w, https:\/\/www.rivera.gub.uy\/portal\/wp-content\/uploads\/2026\/03\/DSC_7055-600x400.jpg 600w, https:\/\/www.rivera.gub.uy\/portal\/wp-content\/uploads\/2026\/03\/DSC_7055-820x547.jpg 820w, https:\/\/www.rivera.gub.uy\/portal\/wp-content\/uploads\/2026\/03\/DSC_7055-272x182.jpg 272w\" sizes=\"auto, (max-width: 282px) 100vw, 282px\" \/><\/a>\n\t\t\t<\/div><\/figure><figure class='gallery-item'>\n\t\t\t<div class='gallery-icon landscape'>\n\t\t\t\t<a href='https:\/\/www.rivera.gub.uy\/portal\/wp-content\/uploads\/2026\/03\/DSC_7042-scaled.jpg'><img loading=\"lazy\" decoding=\"async\" width=\"282\" height=\"188\" src=\"https:\/\/www.rivera.gub.uy\/portal\/wp-content\/uploads\/2026\/03\/DSC_7042-282x188.jpg\" class=\"attachment-medium size-medium\" alt=\"\" srcset=\"https:\/\/www.rivera.gub.uy\/portal\/wp-content\/uploads\/2026\/03\/DSC_7042-282x188.jpg 282w, https:\/\/www.rivera.gub.uy\/portal\/wp-content\/uploads\/2026\/03\/DSC_7042-939x626.jpg 939w, https:\/\/www.rivera.gub.uy\/portal\/wp-content\/uploads\/2026\/03\/DSC_7042-141x94.jpg 141w, https:\/\/www.rivera.gub.uy\/portal\/wp-content\/uploads\/2026\/03\/DSC_7042-768x512.jpg 768w, https:\/\/www.rivera.gub.uy\/portal\/wp-content\/uploads\/2026\/03\/DSC_7042-1536x1024.jpg 1536w, https:\/\/www.rivera.gub.uy\/portal\/wp-content\/uploads\/2026\/03\/DSC_7042-2048x1365.jpg 2048w, https:\/\/www.rivera.gub.uy\/portal\/wp-content\/uploads\/2026\/03\/DSC_7042-600x400.jpg 600w, https:\/\/www.rivera.gub.uy\/portal\/wp-content\/uploads\/2026\/03\/DSC_7042-820x547.jpg 820w, https:\/\/www.rivera.gub.uy\/portal\/wp-content\/uploads\/2026\/03\/DSC_7042-272x182.jpg 272w\" sizes=\"auto, (max-width: 282px) 100vw, 282px\" \/><\/a>\n\t\t\t<\/div><\/figure><figure class='gallery-item'>\n\t\t\t<div class='gallery-icon landscape'>\n\t\t\t\t<a href='https:\/\/www.rivera.gub.uy\/portal\/wp-content\/uploads\/2026\/03\/DSC_7083-scaled.jpg'><img loading=\"lazy\" decoding=\"async\" width=\"282\" height=\"188\" src=\"https:\/\/www.rivera.gub.uy\/portal\/wp-content\/uploads\/2026\/03\/DSC_7083-282x188.jpg\" class=\"attachment-medium size-medium\" alt=\"\" srcset=\"https:\/\/www.rivera.gub.uy\/portal\/wp-content\/uploads\/2026\/03\/DSC_7083-282x188.jpg 282w, https:\/\/www.rivera.gub.uy\/portal\/wp-content\/uploads\/2026\/03\/DSC_7083-939x626.jpg 939w, https:\/\/www.rivera.gub.uy\/portal\/wp-content\/uploads\/2026\/03\/DSC_7083-141x94.jpg 141w, https:\/\/www.rivera.gub.uy\/portal\/wp-content\/uploads\/2026\/03\/DSC_7083-768x512.jpg 768w, https:\/\/www.rivera.gub.uy\/portal\/wp-content\/uploads\/2026\/03\/DSC_7083-1536x1024.jpg 1536w, https:\/\/www.rivera.gub.uy\/portal\/wp-content\/uploads\/2026\/03\/DSC_7083-2048x1365.jpg 2048w, https:\/\/www.rivera.gub.uy\/portal\/wp-content\/uploads\/2026\/03\/DSC_7083-600x400.jpg 600w, https:\/\/www.rivera.gub.uy\/portal\/wp-content\/uploads\/2026\/03\/DSC_7083-820x547.jpg 820w, https:\/\/www.rivera.gub.uy\/portal\/wp-content\/uploads\/2026\/03\/DSC_7083-272x182.jpg 272w\" sizes=\"auto, (max-width: 282px) 100vw, 282px\" \/><\/a>\n\t\t\t<\/div><\/figure><figure class='gallery-item'>\n\t\t\t<div class='gallery-icon landscape'>\n\t\t\t\t<a href='https:\/\/www.rivera.gub.uy\/portal\/wp-content\/uploads\/2026\/03\/DSC_7080-scaled.jpg'><img loading=\"lazy\" decoding=\"async\" width=\"282\" height=\"188\" src=\"https:\/\/www.rivera.gub.uy\/portal\/wp-content\/uploads\/2026\/03\/DSC_7080-282x188.jpg\" class=\"attachment-medium size-medium\" alt=\"\" srcset=\"https:\/\/www.rivera.gub.uy\/portal\/wp-content\/uploads\/2026\/03\/DSC_7080-282x188.jpg 282w, https:\/\/www.rivera.gub.uy\/portal\/wp-content\/uploads\/2026\/03\/DSC_7080-939x626.jpg 939w, https:\/\/www.rivera.gub.uy\/portal\/wp-content\/uploads\/2026\/03\/DSC_7080-141x94.jpg 141w, https:\/\/www.rivera.gub.uy\/portal\/wp-content\/uploads\/2026\/03\/DSC_7080-768x512.jpg 768w, https:\/\/www.rivera.gub.uy\/portal\/wp-content\/uploads\/2026\/03\/DSC_7080-1536x1024.jpg 1536w, https:\/\/www.rivera.gub.uy\/portal\/wp-content\/uploads\/2026\/03\/DSC_7080-2048x1365.jpg 2048w, https:\/\/www.rivera.gub.uy\/portal\/wp-content\/uploads\/2026\/03\/DSC_7080-600x400.jpg 600w, https:\/\/www.rivera.gub.uy\/portal\/wp-content\/uploads\/2026\/03\/DSC_7080-820x547.jpg 820w, https:\/\/www.rivera.gub.uy\/portal\/wp-content\/uploads\/2026\/03\/DSC_7080-272x182.jpg 272w\" sizes=\"auto, (max-width: 282px) 100vw, 282px\" \/><\/a>\n\t\t\t<\/div><\/figure><figure class='gallery-item'>\n\t\t\t<div class='gallery-icon landscape'>\n\t\t\t\t<a href='https:\/\/www.rivera.gub.uy\/portal\/wp-content\/uploads\/2026\/03\/DSC_7073-scaled.jpg'><img loading=\"lazy\" decoding=\"async\" width=\"282\" height=\"188\" src=\"https:\/\/www.rivera.gub.uy\/portal\/wp-content\/uploads\/2026\/03\/DSC_7073-282x188.jpg\" class=\"attachment-medium size-medium\" alt=\"\" srcset=\"https:\/\/www.rivera.gub.uy\/portal\/wp-content\/uploads\/2026\/03\/DSC_7073-282x188.jpg 282w, https:\/\/www.rivera.gub.uy\/portal\/wp-content\/uploads\/2026\/03\/DSC_7073-939x626.jpg 939w, https:\/\/www.rivera.gub.uy\/portal\/wp-content\/uploads\/2026\/03\/DSC_7073-141x94.jpg 141w, https:\/\/www.rivera.gub.uy\/portal\/wp-content\/uploads\/2026\/03\/DSC_7073-768x512.jpg 768w, https:\/\/www.rivera.gub.uy\/portal\/wp-content\/uploads\/2026\/03\/DSC_7073-1536x1024.jpg 1536w, https:\/\/www.rivera.gub.uy\/portal\/wp-content\/uploads\/2026\/03\/DSC_7073-2048x1365.jpg 2048w, https:\/\/www.rivera.gub.uy\/portal\/wp-content\/uploads\/2026\/03\/DSC_7073-600x400.jpg 600w, https:\/\/www.rivera.gub.uy\/portal\/wp-content\/uploads\/2026\/03\/DSC_7073-820x547.jpg 820w, https:\/\/www.rivera.gub.uy\/portal\/wp-content\/uploads\/2026\/03\/DSC_7073-272x182.jpg 272w\" sizes=\"auto, (max-width: 282px) 100vw, 282px\" \/><\/a>\n\t\t\t<\/div><\/figure><figure class='gallery-item'>\n\t\t\t<div class='gallery-icon landscape'>\n\t\t\t\t<a href='https:\/\/www.rivera.gub.uy\/portal\/wp-content\/uploads\/2026\/03\/DSC_7101-scaled.jpg'><img loading=\"lazy\" decoding=\"async\" width=\"282\" height=\"188\" src=\"https:\/\/www.rivera.gub.uy\/portal\/wp-content\/uploads\/2026\/03\/DSC_7101-282x188.jpg\" class=\"attachment-medium size-medium\" alt=\"\" srcset=\"https:\/\/www.rivera.gub.uy\/portal\/wp-content\/uploads\/2026\/03\/DSC_7101-282x188.jpg 282w, https:\/\/www.rivera.gub.uy\/portal\/wp-content\/uploads\/2026\/03\/DSC_7101-939x626.jpg 939w, https:\/\/www.rivera.gub.uy\/portal\/wp-content\/uploads\/2026\/03\/DSC_7101-141x94.jpg 141w, https:\/\/www.rivera.gub.uy\/portal\/wp-content\/uploads\/2026\/03\/DSC_7101-768x512.jpg 768w, https:\/\/www.rivera.gub.uy\/portal\/wp-content\/uploads\/2026\/03\/DSC_7101-1536x1024.jpg 1536w, https:\/\/www.rivera.gub.uy\/portal\/wp-content\/uploads\/2026\/03\/DSC_7101-2048x1365.jpg 2048w, https:\/\/www.rivera.gub.uy\/portal\/wp-content\/uploads\/2026\/03\/DSC_7101-600x400.jpg 600w, https:\/\/www.rivera.gub.uy\/portal\/wp-content\/uploads\/2026\/03\/DSC_7101-820x547.jpg 820w, https:\/\/www.rivera.gub.uy\/portal\/wp-content\/uploads\/2026\/03\/DSC_7101-272x182.jpg 272w\" sizes=\"auto, (max-width: 282px) 100vw, 282px\" \/><\/a>\n\t\t\t<\/div><\/figure>\n\t\t<\/div>\n\n<p>&nbsp;<\/p>\n","protected":false},"excerpt":{"rendered":"<p>El Intendente Departamental de Rivera, Cr. Richard Sander, resalt\u00f3 la apuesta sostenida de la Intendencia en materia cultural y deportiva, al tiempo que anunci\u00f3 el inicio oficial de la temporada 2026 del Teatro Municipal, con la presentaci\u00f3n del Ballet del Sodre en la ciudad. Durante la actividad, el jefe comunal dio la bienvenida al equipo [&hellip;]<\/p>\n","protected":false},"author":5,"featured_media":67081,"comment_status":"open","ping_status":"open","sticky":false,"template":"","format":"standard","meta":{"footnotes":""},"categories":[1],"tags":[],"class_list":["post-67094","post","type-post","status-publish","format-standard","has-post-thumbnail","hentry","category-novedades"],"_links":{"self":[{"href":"https:\/\/www.rivera.gub.uy\/portal\/wp-json\/wp\/v2\/posts\/67094","targetHints":{"allow":["GET"]}}],"collection":[{"href":"https:\/\/www.rivera.gub.uy\/portal\/wp-json\/wp\/v2\/posts"}],"about":[{"href":"https:\/\/www.rivera.gub.uy\/portal\/wp-json\/wp\/v2\/types\/post"}],"author":[{"embeddable":true,"href":"https:\/\/www.rivera.gub.uy\/portal\/wp-json\/wp\/v2\/users\/5"}],"replies":[{"embeddable":true,"href":"https:\/\/www.rivera.gub.uy\/portal\/wp-json\/wp\/v2\/comments?post=67094"}],"version-history":[{"count":2,"href":"https:\/\/www.rivera.gub.uy\/portal\/wp-json\/wp\/v2\/posts\/67094\/revisions"}],"predecessor-version":[{"id":67096,"href":"https:\/\/www.rivera.gub.uy\/portal\/wp-json\/wp\/v2\/posts\/67094\/revisions\/67096"}],"wp:featuredmedia":[{"embeddable":true,"href":"https:\/\/www.rivera.gub.uy\/portal\/wp-json\/wp\/v2\/media\/67081"}],"wp:attachment":[{"href":"https:\/\/www.rivera.gub.uy\/portal\/wp-json\/wp\/v2\/media?parent=67094"}],"wp:term":[{"taxonomy":"category","embeddable":true,"href":"https:\/\/www.rivera.gub.uy\/portal\/wp-json\/wp\/v2\/categories?post=67094"},{"taxonomy":"post_tag","embeddable":true,"href":"https:\/\/www.rivera.gub.uy\/portal\/wp-json\/wp\/v2\/tags?post=67094"}],"curies":[{"name":"wp","href":"https:\/\/api.w.org\/{rel}","templated":true}]}}