{"id":67097,"date":"2026-03-11T18:26:17","date_gmt":"2026-03-11T21:26:17","guid":{"rendered":"https:\/\/www.rivera.gub.uy\/portal\/?p=67097"},"modified":"2026-03-11T18:26:17","modified_gmt":"2026-03-11T21:26:17","slug":"continuan-las-tareas-de-limpieza-en-centros-educativos-y-espacios-publicos-del-departamento","status":"publish","type":"post","link":"https:\/\/www.rivera.gub.uy\/portal\/continuan-las-tareas-de-limpieza-en-centros-educativos-y-espacios-publicos-del-departamento\/","title":{"rendered":"Contin\u00faan las tareas de limpieza en centros educativos y espacios p\u00fablicos del departamento"},"content":{"rendered":"<p>En lo que va del a\u00f1o, los equipos de trabajo han realizado tareas de limpieza en once escuelas, dos hogares estudiantiles, un liceo y cuatro policl\u00ednicas, adem\u00e1s de las habituales labores de recolecci\u00f3n de residuos en distintas localidades.<\/p>\n<p>El pasado lunes, el equipo estuvo trabajando en la localidad de Paso Lapuente, donde se llev\u00f3 adelante un levantamiento especial de chatarra casa por casa. Posteriormente, se realiz\u00f3 tambi\u00e9n la limpieza del dep\u00f3sito de chatarras de la zona.<\/p>\n<p>En la jornada de ayer martes, se efectuaron tareas de limpieza del predio de la Escuela N\u00ba 10 de Amarillo, trabajo que se desarroll\u00f3 junto a los funcionarios Emilio Irigaray y Miro Moreira.<\/p>\n<p>Las tareas fueron realizadas por Divisi\u00f3n Higiene, en apoyo a Parques y Jardines.<\/p>\n<p>Desde el equipo tambi\u00e9n se destac\u00f3 y agradeci\u00f3 la colaboraci\u00f3n de padres, madres y la abuela de un alumno, quienes junto a la maestra directora colaboraron juntando el pasto para su posterior retiro.<\/p>\n<p><em>\u201cEs hermoso trabajar donde hay equipo de trabajo y uni\u00f3n entre vecinos\u201d<\/em>, destac\u00f3 Claudio Andr\u00e9s Loreto, capataz del equipo de la Intendencia Departamental de Rivera (IDR).<\/p>\n<div id='gallery-1' class='gallery galleryid-67097 gallery-columns-3 gallery-size-medium'><figure class='gallery-item'>\n\t\t\t<div class='gallery-icon landscape'>\n\t\t\t\t<a href='https:\/\/www.rivera.gub.uy\/portal\/wp-content\/uploads\/2026\/03\/WhatsApp-Image-2026-03-11-at-09.26.24.jpeg'><img loading=\"lazy\" decoding=\"async\" width=\"251\" height=\"188\" src=\"https:\/\/www.rivera.gub.uy\/portal\/wp-content\/uploads\/2026\/03\/WhatsApp-Image-2026-03-11-at-09.26.24-251x188.jpeg\" class=\"attachment-medium size-medium\" alt=\"\" srcset=\"https:\/\/www.rivera.gub.uy\/portal\/wp-content\/uploads\/2026\/03\/WhatsApp-Image-2026-03-11-at-09.26.24-251x188.jpeg 251w, https:\/\/www.rivera.gub.uy\/portal\/wp-content\/uploads\/2026\/03\/WhatsApp-Image-2026-03-11-at-09.26.24-125x94.jpeg 125w, https:\/\/www.rivera.gub.uy\/portal\/wp-content\/uploads\/2026\/03\/WhatsApp-Image-2026-03-11-at-09.26.24-768x576.jpeg 768w, https:\/\/www.rivera.gub.uy\/portal\/wp-content\/uploads\/2026\/03\/WhatsApp-Image-2026-03-11-at-09.26.24.jpeg 800w\" sizes=\"auto, (max-width: 251px) 100vw, 251px\" \/><\/a>\n\t\t\t<\/div><\/figure><figure class='gallery-item'>\n\t\t\t<div class='gallery-icon landscape'>\n\t\t\t\t<a href='https:\/\/www.rivera.gub.uy\/portal\/wp-content\/uploads\/2026\/03\/WhatsApp-Image-2026-03-11-at-09.26.25.jpeg'><img loading=\"lazy\" decoding=\"async\" width=\"251\" height=\"188\" src=\"https:\/\/www.rivera.gub.uy\/portal\/wp-content\/uploads\/2026\/03\/WhatsApp-Image-2026-03-11-at-09.26.25-251x188.jpeg\" class=\"attachment-medium size-medium\" alt=\"\" srcset=\"https:\/\/www.rivera.gub.uy\/portal\/wp-content\/uploads\/2026\/03\/WhatsApp-Image-2026-03-11-at-09.26.25-251x188.jpeg 251w, https:\/\/www.rivera.gub.uy\/portal\/wp-content\/uploads\/2026\/03\/WhatsApp-Image-2026-03-11-at-09.26.25-835x626.jpeg 835w, https:\/\/www.rivera.gub.uy\/portal\/wp-content\/uploads\/2026\/03\/WhatsApp-Image-2026-03-11-at-09.26.25-125x94.jpeg 125w, https:\/\/www.rivera.gub.uy\/portal\/wp-content\/uploads\/2026\/03\/WhatsApp-Image-2026-03-11-at-09.26.25-768x576.jpeg 768w, https:\/\/www.rivera.gub.uy\/portal\/wp-content\/uploads\/2026\/03\/WhatsApp-Image-2026-03-11-at-09.26.25-820x615.jpeg 820w, https:\/\/www.rivera.gub.uy\/portal\/wp-content\/uploads\/2026\/03\/WhatsApp-Image-2026-03-11-at-09.26.25.jpeg 1500w\" sizes=\"auto, (max-width: 251px) 100vw, 251px\" \/><\/a>\n\t\t\t<\/div><\/figure><figure class='gallery-item'>\n\t\t\t<div class='gallery-icon landscape'>\n\t\t\t\t<a href='https:\/\/www.rivera.gub.uy\/portal\/wp-content\/uploads\/2026\/03\/WhatsApp-Image-2026-03-11-at-09.26.25-2.jpeg'><img loading=\"lazy\" decoding=\"async\" width=\"251\" height=\"188\" src=\"https:\/\/www.rivera.gub.uy\/portal\/wp-content\/uploads\/2026\/03\/WhatsApp-Image-2026-03-11-at-09.26.25-2-251x188.jpeg\" class=\"attachment-medium size-medium\" alt=\"\" srcset=\"https:\/\/www.rivera.gub.uy\/portal\/wp-content\/uploads\/2026\/03\/WhatsApp-Image-2026-03-11-at-09.26.25-2-251x188.jpeg 251w, https:\/\/www.rivera.gub.uy\/portal\/wp-content\/uploads\/2026\/03\/WhatsApp-Image-2026-03-11-at-09.26.25-2-835x626.jpeg 835w, https:\/\/www.rivera.gub.uy\/portal\/wp-content\/uploads\/2026\/03\/WhatsApp-Image-2026-03-11-at-09.26.25-2-125x94.jpeg 125w, https:\/\/www.rivera.gub.uy\/portal\/wp-content\/uploads\/2026\/03\/WhatsApp-Image-2026-03-11-at-09.26.25-2-768x576.jpeg 768w, https:\/\/www.rivera.gub.uy\/portal\/wp-content\/uploads\/2026\/03\/WhatsApp-Image-2026-03-11-at-09.26.25-2-820x615.jpeg 820w, https:\/\/www.rivera.gub.uy\/portal\/wp-content\/uploads\/2026\/03\/WhatsApp-Image-2026-03-11-at-09.26.25-2.jpeg 1500w\" sizes=\"auto, (max-width: 251px) 100vw, 251px\" \/><\/a>\n\t\t\t<\/div><\/figure><figure class='gallery-item'>\n\t\t\t<div class='gallery-icon landscape'>\n\t\t\t\t<a href='https:\/\/www.rivera.gub.uy\/portal\/wp-content\/uploads\/2026\/03\/WhatsApp-Image-2026-03-11-at-09.26.26.jpeg'><img loading=\"lazy\" decoding=\"async\" width=\"251\" height=\"188\" src=\"https:\/\/www.rivera.gub.uy\/portal\/wp-content\/uploads\/2026\/03\/WhatsApp-Image-2026-03-11-at-09.26.26-251x188.jpeg\" class=\"attachment-medium size-medium\" alt=\"\" srcset=\"https:\/\/www.rivera.gub.uy\/portal\/wp-content\/uploads\/2026\/03\/WhatsApp-Image-2026-03-11-at-09.26.26-251x188.jpeg 251w, https:\/\/www.rivera.gub.uy\/portal\/wp-content\/uploads\/2026\/03\/WhatsApp-Image-2026-03-11-at-09.26.26-835x626.jpeg 835w, https:\/\/www.rivera.gub.uy\/portal\/wp-content\/uploads\/2026\/03\/WhatsApp-Image-2026-03-11-at-09.26.26-125x94.jpeg 125w, https:\/\/www.rivera.gub.uy\/portal\/wp-content\/uploads\/2026\/03\/WhatsApp-Image-2026-03-11-at-09.26.26-768x576.jpeg 768w, https:\/\/www.rivera.gub.uy\/portal\/wp-content\/uploads\/2026\/03\/WhatsApp-Image-2026-03-11-at-09.26.26-820x615.jpeg 820w, https:\/\/www.rivera.gub.uy\/portal\/wp-content\/uploads\/2026\/03\/WhatsApp-Image-2026-03-11-at-09.26.26.jpeg 1500w\" sizes=\"auto, (max-width: 251px) 100vw, 251px\" \/><\/a>\n\t\t\t<\/div><\/figure><figure class='gallery-item'>\n\t\t\t<div class='gallery-icon landscape'>\n\t\t\t\t<a href='https:\/\/www.rivera.gub.uy\/portal\/wp-content\/uploads\/2026\/03\/WhatsApp-Image-2026-03-11-at-09.26.24-1.jpeg'><img loading=\"lazy\" decoding=\"async\" width=\"300\" height=\"169\" src=\"https:\/\/www.rivera.gub.uy\/portal\/wp-content\/uploads\/2026\/03\/WhatsApp-Image-2026-03-11-at-09.26.24-1-300x169.jpeg\" class=\"attachment-medium size-medium\" alt=\"\" srcset=\"https:\/\/www.rivera.gub.uy\/portal\/wp-content\/uploads\/2026\/03\/WhatsApp-Image-2026-03-11-at-09.26.24-1-300x169.jpeg 300w, https:\/\/www.rivera.gub.uy\/portal\/wp-content\/uploads\/2026\/03\/WhatsApp-Image-2026-03-11-at-09.26.24-1-1000x563.jpeg 1000w, https:\/\/www.rivera.gub.uy\/portal\/wp-content\/uploads\/2026\/03\/WhatsApp-Image-2026-03-11-at-09.26.24-1-150x84.jpeg 150w, https:\/\/www.rivera.gub.uy\/portal\/wp-content\/uploads\/2026\/03\/WhatsApp-Image-2026-03-11-at-09.26.24-1-768x432.jpeg 768w, https:\/\/www.rivera.gub.uy\/portal\/wp-content\/uploads\/2026\/03\/WhatsApp-Image-2026-03-11-at-09.26.24-1-820x461.jpeg 820w, https:\/\/www.rivera.gub.uy\/portal\/wp-content\/uploads\/2026\/03\/WhatsApp-Image-2026-03-11-at-09.26.24-1.jpeg 1500w\" sizes=\"auto, (max-width: 300px) 100vw, 300px\" \/><\/a>\n\t\t\t<\/div><\/figure><figure class='gallery-item'>\n\t\t\t<div class='gallery-icon landscape'>\n\t\t\t\t<a href='https:\/\/www.rivera.gub.uy\/portal\/wp-content\/uploads\/2026\/03\/WhatsApp-Image-2026-03-11-at-09.26.22-1.jpeg'><img loading=\"lazy\" decoding=\"async\" width=\"251\" height=\"188\" src=\"https:\/\/www.rivera.gub.uy\/portal\/wp-content\/uploads\/2026\/03\/WhatsApp-Image-2026-03-11-at-09.26.22-1-251x188.jpeg\" class=\"attachment-medium size-medium\" alt=\"\" srcset=\"https:\/\/www.rivera.gub.uy\/portal\/wp-content\/uploads\/2026\/03\/WhatsApp-Image-2026-03-11-at-09.26.22-1-251x188.jpeg 251w, https:\/\/www.rivera.gub.uy\/portal\/wp-content\/uploads\/2026\/03\/WhatsApp-Image-2026-03-11-at-09.26.22-1-835x626.jpeg 835w, https:\/\/www.rivera.gub.uy\/portal\/wp-content\/uploads\/2026\/03\/WhatsApp-Image-2026-03-11-at-09.26.22-1-125x94.jpeg 125w, https:\/\/www.rivera.gub.uy\/portal\/wp-content\/uploads\/2026\/03\/WhatsApp-Image-2026-03-11-at-09.26.22-1-768x576.jpeg 768w, https:\/\/www.rivera.gub.uy\/portal\/wp-content\/uploads\/2026\/03\/WhatsApp-Image-2026-03-11-at-09.26.22-1-820x615.jpeg 820w, https:\/\/www.rivera.gub.uy\/portal\/wp-content\/uploads\/2026\/03\/WhatsApp-Image-2026-03-11-at-09.26.22-1.jpeg 1500w\" sizes=\"auto, (max-width: 251px) 100vw, 251px\" \/><\/a>\n\t\t\t<\/div><\/figure><figure class='gallery-item'>\n\t\t\t<div class='gallery-icon landscape'>\n\t\t\t\t<a href='https:\/\/www.rivera.gub.uy\/portal\/wp-content\/uploads\/2026\/03\/WhatsApp-Image-2026-03-11-at-09.26.22.jpeg'><img loading=\"lazy\" decoding=\"async\" width=\"251\" height=\"188\" src=\"https:\/\/www.rivera.gub.uy\/portal\/wp-content\/uploads\/2026\/03\/WhatsApp-Image-2026-03-11-at-09.26.22-251x188.jpeg\" class=\"attachment-medium size-medium\" alt=\"\" srcset=\"https:\/\/www.rivera.gub.uy\/portal\/wp-content\/uploads\/2026\/03\/WhatsApp-Image-2026-03-11-at-09.26.22-251x188.jpeg 251w, https:\/\/www.rivera.gub.uy\/portal\/wp-content\/uploads\/2026\/03\/WhatsApp-Image-2026-03-11-at-09.26.22-125x94.jpeg 125w, https:\/\/www.rivera.gub.uy\/portal\/wp-content\/uploads\/2026\/03\/WhatsApp-Image-2026-03-11-at-09.26.22-768x576.jpeg 768w, https:\/\/www.rivera.gub.uy\/portal\/wp-content\/uploads\/2026\/03\/WhatsApp-Image-2026-03-11-at-09.26.22.jpeg 800w\" sizes=\"auto, (max-width: 251px) 100vw, 251px\" \/><\/a>\n\t\t\t<\/div><\/figure><figure class='gallery-item'>\n\t\t\t<div class='gallery-icon landscape'>\n\t\t\t\t<a href='https:\/\/www.rivera.gub.uy\/portal\/wp-content\/uploads\/2026\/03\/WhatsApp-Image-2026-03-11-at-09.26.23-1.jpeg'><img loading=\"lazy\" decoding=\"async\" width=\"251\" height=\"188\" src=\"https:\/\/www.rivera.gub.uy\/portal\/wp-content\/uploads\/2026\/03\/WhatsApp-Image-2026-03-11-at-09.26.23-1-251x188.jpeg\" class=\"attachment-medium size-medium\" alt=\"\" srcset=\"https:\/\/www.rivera.gub.uy\/portal\/wp-content\/uploads\/2026\/03\/WhatsApp-Image-2026-03-11-at-09.26.23-1-251x188.jpeg 251w, https:\/\/www.rivera.gub.uy\/portal\/wp-content\/uploads\/2026\/03\/WhatsApp-Image-2026-03-11-at-09.26.23-1-835x626.jpeg 835w, https:\/\/www.rivera.gub.uy\/portal\/wp-content\/uploads\/2026\/03\/WhatsApp-Image-2026-03-11-at-09.26.23-1-125x94.jpeg 125w, https:\/\/www.rivera.gub.uy\/portal\/wp-content\/uploads\/2026\/03\/WhatsApp-Image-2026-03-11-at-09.26.23-1-768x576.jpeg 768w, https:\/\/www.rivera.gub.uy\/portal\/wp-content\/uploads\/2026\/03\/WhatsApp-Image-2026-03-11-at-09.26.23-1-820x615.jpeg 820w, https:\/\/www.rivera.gub.uy\/portal\/wp-content\/uploads\/2026\/03\/WhatsApp-Image-2026-03-11-at-09.26.23-1.jpeg 1500w\" sizes=\"auto, (max-width: 251px) 100vw, 251px\" \/><\/a>\n\t\t\t<\/div><\/figure><figure class='gallery-item'>\n\t\t\t<div class='gallery-icon landscape'>\n\t\t\t\t<a href='https:\/\/www.rivera.gub.uy\/portal\/wp-content\/uploads\/2026\/03\/WhatsApp-Image-2026-03-11-at-09.26.23.jpeg'><img loading=\"lazy\" decoding=\"async\" width=\"251\" height=\"188\" src=\"https:\/\/www.rivera.gub.uy\/portal\/wp-content\/uploads\/2026\/03\/WhatsApp-Image-2026-03-11-at-09.26.23-251x188.jpeg\" class=\"attachment-medium size-medium\" alt=\"\" srcset=\"https:\/\/www.rivera.gub.uy\/portal\/wp-content\/uploads\/2026\/03\/WhatsApp-Image-2026-03-11-at-09.26.23-251x188.jpeg 251w, https:\/\/www.rivera.gub.uy\/portal\/wp-content\/uploads\/2026\/03\/WhatsApp-Image-2026-03-11-at-09.26.23-835x626.jpeg 835w, https:\/\/www.rivera.gub.uy\/portal\/wp-content\/uploads\/2026\/03\/WhatsApp-Image-2026-03-11-at-09.26.23-125x94.jpeg 125w, https:\/\/www.rivera.gub.uy\/portal\/wp-content\/uploads\/2026\/03\/WhatsApp-Image-2026-03-11-at-09.26.23-768x576.jpeg 768w, https:\/\/www.rivera.gub.uy\/portal\/wp-content\/uploads\/2026\/03\/WhatsApp-Image-2026-03-11-at-09.26.23-820x615.jpeg 820w, https:\/\/www.rivera.gub.uy\/portal\/wp-content\/uploads\/2026\/03\/WhatsApp-Image-2026-03-11-at-09.26.23.jpeg 1500w\" sizes=\"auto, (max-width: 251px) 100vw, 251px\" \/><\/a>\n\t\t\t<\/div><\/figure><figure class='gallery-item'>\n\t\t\t<div class='gallery-icon landscape'>\n\t\t\t\t<a href='https:\/\/www.rivera.gub.uy\/portal\/wp-content\/uploads\/2026\/03\/WhatsApp-Image-2026-03-11-at-09.26.25-1.jpeg'><img loading=\"lazy\" decoding=\"async\" width=\"251\" height=\"188\" src=\"https:\/\/www.rivera.gub.uy\/portal\/wp-content\/uploads\/2026\/03\/WhatsApp-Image-2026-03-11-at-09.26.25-1-251x188.jpeg\" class=\"attachment-medium size-medium\" alt=\"\" srcset=\"https:\/\/www.rivera.gub.uy\/portal\/wp-content\/uploads\/2026\/03\/WhatsApp-Image-2026-03-11-at-09.26.25-1-251x188.jpeg 251w, https:\/\/www.rivera.gub.uy\/portal\/wp-content\/uploads\/2026\/03\/WhatsApp-Image-2026-03-11-at-09.26.25-1-835x626.jpeg 835w, https:\/\/www.rivera.gub.uy\/portal\/wp-content\/uploads\/2026\/03\/WhatsApp-Image-2026-03-11-at-09.26.25-1-125x94.jpeg 125w, https:\/\/www.rivera.gub.uy\/portal\/wp-content\/uploads\/2026\/03\/WhatsApp-Image-2026-03-11-at-09.26.25-1-768x576.jpeg 768w, https:\/\/www.rivera.gub.uy\/portal\/wp-content\/uploads\/2026\/03\/WhatsApp-Image-2026-03-11-at-09.26.25-1-820x615.jpeg 820w, https:\/\/www.rivera.gub.uy\/portal\/wp-content\/uploads\/2026\/03\/WhatsApp-Image-2026-03-11-at-09.26.25-1.jpeg 960w\" sizes=\"auto, (max-width: 251px) 100vw, 251px\" \/><\/a>\n\t\t\t<\/div><\/figure><figure class='gallery-item'>\n\t\t\t<div class='gallery-icon landscape'>\n\t\t\t\t<a href='https:\/\/www.rivera.gub.uy\/portal\/wp-content\/uploads\/2026\/03\/WhatsApp-Image-2026-03-11-at-09.26.26-1.jpeg'><img loading=\"lazy\" decoding=\"async\" width=\"251\" height=\"188\" src=\"https:\/\/www.rivera.gub.uy\/portal\/wp-content\/uploads\/2026\/03\/WhatsApp-Image-2026-03-11-at-09.26.26-1-251x188.jpeg\" class=\"attachment-medium size-medium\" alt=\"\" srcset=\"https:\/\/www.rivera.gub.uy\/portal\/wp-content\/uploads\/2026\/03\/WhatsApp-Image-2026-03-11-at-09.26.26-1-251x188.jpeg 251w, https:\/\/www.rivera.gub.uy\/portal\/wp-content\/uploads\/2026\/03\/WhatsApp-Image-2026-03-11-at-09.26.26-1-835x626.jpeg 835w, https:\/\/www.rivera.gub.uy\/portal\/wp-content\/uploads\/2026\/03\/WhatsApp-Image-2026-03-11-at-09.26.26-1-125x94.jpeg 125w, https:\/\/www.rivera.gub.uy\/portal\/wp-content\/uploads\/2026\/03\/WhatsApp-Image-2026-03-11-at-09.26.26-1-768x576.jpeg 768w, https:\/\/www.rivera.gub.uy\/portal\/wp-content\/uploads\/2026\/03\/WhatsApp-Image-2026-03-11-at-09.26.26-1-820x615.jpeg 820w, https:\/\/www.rivera.gub.uy\/portal\/wp-content\/uploads\/2026\/03\/WhatsApp-Image-2026-03-11-at-09.26.26-1.jpeg 1500w\" sizes=\"auto, (max-width: 251px) 100vw, 251px\" \/><\/a>\n\t\t\t<\/div><\/figure><figure class='gallery-item'>\n\t\t\t<div class='gallery-icon landscape'>\n\t\t\t\t<a href='https:\/\/www.rivera.gub.uy\/portal\/wp-content\/uploads\/2026\/03\/WhatsApp-Image-2026-03-11-at-09.26.27.jpeg'><img loading=\"lazy\" decoding=\"async\" width=\"251\" height=\"188\" src=\"https:\/\/www.rivera.gub.uy\/portal\/wp-content\/uploads\/2026\/03\/WhatsApp-Image-2026-03-11-at-09.26.27-251x188.jpeg\" class=\"attachment-medium size-medium\" alt=\"\" srcset=\"https:\/\/www.rivera.gub.uy\/portal\/wp-content\/uploads\/2026\/03\/WhatsApp-Image-2026-03-11-at-09.26.27-251x188.jpeg 251w, https:\/\/www.rivera.gub.uy\/portal\/wp-content\/uploads\/2026\/03\/WhatsApp-Image-2026-03-11-at-09.26.27-835x626.jpeg 835w, https:\/\/www.rivera.gub.uy\/portal\/wp-content\/uploads\/2026\/03\/WhatsApp-Image-2026-03-11-at-09.26.27-125x94.jpeg 125w, https:\/\/www.rivera.gub.uy\/portal\/wp-content\/uploads\/2026\/03\/WhatsApp-Image-2026-03-11-at-09.26.27-768x576.jpeg 768w, https:\/\/www.rivera.gub.uy\/portal\/wp-content\/uploads\/2026\/03\/WhatsApp-Image-2026-03-11-at-09.26.27-820x615.jpeg 820w, https:\/\/www.rivera.gub.uy\/portal\/wp-content\/uploads\/2026\/03\/WhatsApp-Image-2026-03-11-at-09.26.27.jpeg 960w\" sizes=\"auto, (max-width: 251px) 100vw, 251px\" \/><\/a>\n\t\t\t<\/div><\/figure>\n\t\t<\/div>\n\n","protected":false},"excerpt":{"rendered":"<p>En lo que va del a\u00f1o, los equipos de trabajo han realizado tareas de limpieza en once escuelas, dos hogares estudiantiles, un liceo y cuatro policl\u00ednicas, adem\u00e1s de las habituales labores de recolecci\u00f3n de residuos en distintas localidades. El pasado lunes, el equipo estuvo trabajando en la localidad de Paso Lapuente, donde se llev\u00f3 adelante [&hellip;]<\/p>\n","protected":false},"author":5,"featured_media":67108,"comment_status":"open","ping_status":"open","sticky":false,"template":"","format":"standard","meta":{"footnotes":""},"categories":[1],"tags":[],"class_list":["post-67097","post","type-post","status-publish","format-standard","has-post-thumbnail","hentry","category-novedades"],"_links":{"self":[{"href":"https:\/\/www.rivera.gub.uy\/portal\/wp-json\/wp\/v2\/posts\/67097","targetHints":{"allow":["GET"]}}],"collection":[{"href":"https:\/\/www.rivera.gub.uy\/portal\/wp-json\/wp\/v2\/posts"}],"about":[{"href":"https:\/\/www.rivera.gub.uy\/portal\/wp-json\/wp\/v2\/types\/post"}],"author":[{"embeddable":true,"href":"https:\/\/www.rivera.gub.uy\/portal\/wp-json\/wp\/v2\/users\/5"}],"replies":[{"embeddable":true,"href":"https:\/\/www.rivera.gub.uy\/portal\/wp-json\/wp\/v2\/comments?post=67097"}],"version-history":[{"count":1,"href":"https:\/\/www.rivera.gub.uy\/portal\/wp-json\/wp\/v2\/posts\/67097\/revisions"}],"predecessor-version":[{"id":67122,"href":"https:\/\/www.rivera.gub.uy\/portal\/wp-json\/wp\/v2\/posts\/67097\/revisions\/67122"}],"wp:featuredmedia":[{"embeddable":true,"href":"https:\/\/www.rivera.gub.uy\/portal\/wp-json\/wp\/v2\/media\/67108"}],"wp:attachment":[{"href":"https:\/\/www.rivera.gub.uy\/portal\/wp-json\/wp\/v2\/media?parent=67097"}],"wp:term":[{"taxonomy":"category","embeddable":true,"href":"https:\/\/www.rivera.gub.uy\/portal\/wp-json\/wp\/v2\/categories?post=67097"},{"taxonomy":"post_tag","embeddable":true,"href":"https:\/\/www.rivera.gub.uy\/portal\/wp-json\/wp\/v2\/tags?post=67097"}],"curies":[{"name":"wp","href":"https:\/\/api.w.org\/{rel}","templated":true}]}}