{"id":67157,"date":"2026-03-13T13:06:05","date_gmt":"2026-03-13T16:06:05","guid":{"rendered":"https:\/\/www.rivera.gub.uy\/portal\/?p=67157"},"modified":"2026-03-13T13:15:40","modified_gmt":"2026-03-13T16:15:40","slug":"intensa-agenda-de-trabajo-en-montevideo","status":"publish","type":"post","link":"https:\/\/www.rivera.gub.uy\/portal\/intensa-agenda-de-trabajo-en-montevideo\/","title":{"rendered":"Intensa agenda de trabajo en Montevideo"},"content":{"rendered":"<p>El intendente de Rivera, Cr. Richard Sander Dar\u00edn, desarroll\u00f3 una intensa agenda de trabajo en la ciudad de Montevideo, manteniendo reuniones con autoridades del Gobierno Nacional para avanzar en proyectos estrat\u00e9gicos para el departamento.<\/p>\n<p><strong>Reuni\u00f3n en el Ministerio de Ambiente<\/strong><\/p>\n<p>A primera hora de la tarde, el jefe departamental particip\u00f3 de un encuentro en el Ministerio de Ambiente, junto a Alejandro Bert\u00f3n, donde fueron recibidos por el ministro Edgardo Ortu\u00f1o.<\/p>\n<p>Durante la reuni\u00f3n se abordaron temas de gran relevancia para Rivera, entre ellos el avance hacia la concreci\u00f3n del nuevo vertedero departamental y distintos aspectos vinculados a las conexiones intradomiciliarias, iniciativas fundamentales para mejorar la gesti\u00f3n ambiental y los servicios para la poblaci\u00f3n.<\/p>\n<p><strong>Encuentro en el Ministerio de Transporte y Obras P\u00fablicas<\/strong><\/p>\n<p>Posteriormente, el intendente mantuvo una reuni\u00f3n en el Ministerio de Transporte y Obras P\u00fablicas, donde fue recibido por la ministra Luc\u00eda Etcheverry.<\/p>\n<p>En esta instancia se dialog\u00f3 sobre obras e iniciativas estrat\u00e9gicas para el departamento, entre las que se destacan:<\/p>\n<ul>\n<li>Inversiones en Ruta 30<\/li>\n<li>Mejoras en Ruta 27<\/li>\n<li>Construcci\u00f3n del puente sobre el Arroyo Corrales<\/li>\n<li>Proyecto de bypass<\/li>\n<li>Rotondas en Ruta 5<\/li>\n<\/ul>\n<p>Estas acciones forman parte del trabajo conjunto que se viene impulsando entre el gobierno departamental y el gobierno nacional para fortalecer la infraestructura y el desarrollo de Rivera.<\/p>\n<p><strong>Compromiso con el desarrollo del departamento<\/strong><\/p>\n<p>Desde la Intendencia de Rivera se contin\u00faa trabajando activamente para impulsar proyectos y gestiones que permitan seguir avanzando en el desarrollo del departamento y mejorar la calidad de vida de sus habitantes.<\/p>\n<table style=\"width: 100%; border-collapse: collapse;\" border=\"0\">\n<tbody>\n<tr>\n<td style=\"width: 50%;\">\u00a0<a href=\"https:\/\/www.rivera.gub.uy\/portal\/wp-content\/uploads\/2026\/03\/WhatsApp-Image-2026-03-13-at-10.51.45-1.jpeg\"><img loading=\"lazy\" decoding=\"async\" class=\"aligncenter wp-image-67160 size-medium\" src=\"https:\/\/www.rivera.gub.uy\/portal\/wp-content\/uploads\/2026\/03\/WhatsApp-Image-2026-03-13-at-10.51.45-1-251x188.jpeg\" alt=\"\" width=\"251\" height=\"188\" srcset=\"https:\/\/www.rivera.gub.uy\/portal\/wp-content\/uploads\/2026\/03\/WhatsApp-Image-2026-03-13-at-10.51.45-1-251x188.jpeg 251w, https:\/\/www.rivera.gub.uy\/portal\/wp-content\/uploads\/2026\/03\/WhatsApp-Image-2026-03-13-at-10.51.45-1-835x626.jpeg 835w, https:\/\/www.rivera.gub.uy\/portal\/wp-content\/uploads\/2026\/03\/WhatsApp-Image-2026-03-13-at-10.51.45-1-125x94.jpeg 125w, https:\/\/www.rivera.gub.uy\/portal\/wp-content\/uploads\/2026\/03\/WhatsApp-Image-2026-03-13-at-10.51.45-1-768x576.jpeg 768w, https:\/\/www.rivera.gub.uy\/portal\/wp-content\/uploads\/2026\/03\/WhatsApp-Image-2026-03-13-at-10.51.45-1-1536x1152.jpeg 1536w, https:\/\/www.rivera.gub.uy\/portal\/wp-content\/uploads\/2026\/03\/WhatsApp-Image-2026-03-13-at-10.51.45-1-820x615.jpeg 820w, https:\/\/www.rivera.gub.uy\/portal\/wp-content\/uploads\/2026\/03\/WhatsApp-Image-2026-03-13-at-10.51.45-1.jpeg 2048w\" sizes=\"auto, (max-width: 251px) 100vw, 251px\" \/><\/a><\/td>\n<td style=\"width: 50%;\"><a href=\"https:\/\/www.rivera.gub.uy\/portal\/wp-content\/uploads\/2026\/03\/WhatsApp-Image-2026-03-13-at-10.51.45.jpeg\"><img loading=\"lazy\" decoding=\"async\" class=\"aligncenter wp-image-67161 size-medium\" src=\"https:\/\/www.rivera.gub.uy\/portal\/wp-content\/uploads\/2026\/03\/WhatsApp-Image-2026-03-13-at-10.51.45-251x188.jpeg\" alt=\"\" width=\"251\" height=\"188\" srcset=\"https:\/\/www.rivera.gub.uy\/portal\/wp-content\/uploads\/2026\/03\/WhatsApp-Image-2026-03-13-at-10.51.45-251x188.jpeg 251w, https:\/\/www.rivera.gub.uy\/portal\/wp-content\/uploads\/2026\/03\/WhatsApp-Image-2026-03-13-at-10.51.45-835x626.jpeg 835w, https:\/\/www.rivera.gub.uy\/portal\/wp-content\/uploads\/2026\/03\/WhatsApp-Image-2026-03-13-at-10.51.45-125x94.jpeg 125w, https:\/\/www.rivera.gub.uy\/portal\/wp-content\/uploads\/2026\/03\/WhatsApp-Image-2026-03-13-at-10.51.45-768x576.jpeg 768w, https:\/\/www.rivera.gub.uy\/portal\/wp-content\/uploads\/2026\/03\/WhatsApp-Image-2026-03-13-at-10.51.45-1536x1152.jpeg 1536w, https:\/\/www.rivera.gub.uy\/portal\/wp-content\/uploads\/2026\/03\/WhatsApp-Image-2026-03-13-at-10.51.45-820x615.jpeg 820w, https:\/\/www.rivera.gub.uy\/portal\/wp-content\/uploads\/2026\/03\/WhatsApp-Image-2026-03-13-at-10.51.45.jpeg 1600w\" sizes=\"auto, (max-width: 251px) 100vw, 251px\" \/><\/a><\/td>\n<\/tr>\n<tr>\n<td style=\"width: 50%;\"><a href=\"https:\/\/www.rivera.gub.uy\/portal\/wp-content\/uploads\/2026\/03\/WhatsApp-Image-2026-03-13-at-10.51.45-3.jpeg\"><img loading=\"lazy\" decoding=\"async\" class=\"aligncenter wp-image-67158\" src=\"https:\/\/www.rivera.gub.uy\/portal\/wp-content\/uploads\/2026\/03\/WhatsApp-Image-2026-03-13-at-10.51.45-3-141x188.jpeg\" alt=\"\" width=\"203\" height=\"271\" srcset=\"https:\/\/www.rivera.gub.uy\/portal\/wp-content\/uploads\/2026\/03\/WhatsApp-Image-2026-03-13-at-10.51.45-3-141x188.jpeg 141w, https:\/\/www.rivera.gub.uy\/portal\/wp-content\/uploads\/2026\/03\/WhatsApp-Image-2026-03-13-at-10.51.45-3-470x626.jpeg 470w, https:\/\/www.rivera.gub.uy\/portal\/wp-content\/uploads\/2026\/03\/WhatsApp-Image-2026-03-13-at-10.51.45-3-71x94.jpeg 71w, https:\/\/www.rivera.gub.uy\/portal\/wp-content\/uploads\/2026\/03\/WhatsApp-Image-2026-03-13-at-10.51.45-3-768x1024.jpeg 768w, https:\/\/www.rivera.gub.uy\/portal\/wp-content\/uploads\/2026\/03\/WhatsApp-Image-2026-03-13-at-10.51.45-3-1152x1536.jpeg 1152w, https:\/\/www.rivera.gub.uy\/portal\/wp-content\/uploads\/2026\/03\/WhatsApp-Image-2026-03-13-at-10.51.45-3-820x1093.jpeg 820w, https:\/\/www.rivera.gub.uy\/portal\/wp-content\/uploads\/2026\/03\/WhatsApp-Image-2026-03-13-at-10.51.45-3.jpeg 1536w\" sizes=\"auto, (max-width: 203px) 100vw, 203px\" \/><\/a><\/td>\n<td style=\"width: 50%;\"><a href=\"https:\/\/www.rivera.gub.uy\/portal\/wp-content\/uploads\/2026\/03\/WhatsApp-Image-2026-03-13-at-10.51.45-2.jpeg\"><img loading=\"lazy\" decoding=\"async\" class=\"aligncenter wp-image-67159\" src=\"https:\/\/www.rivera.gub.uy\/portal\/wp-content\/uploads\/2026\/03\/WhatsApp-Image-2026-03-13-at-10.51.45-2-230x188.jpeg\" alt=\"\" width=\"258\" height=\"211\" srcset=\"https:\/\/www.rivera.gub.uy\/portal\/wp-content\/uploads\/2026\/03\/WhatsApp-Image-2026-03-13-at-10.51.45-2-230x188.jpeg 230w, https:\/\/www.rivera.gub.uy\/portal\/wp-content\/uploads\/2026\/03\/WhatsApp-Image-2026-03-13-at-10.51.45-2-766x626.jpeg 766w, https:\/\/www.rivera.gub.uy\/portal\/wp-content\/uploads\/2026\/03\/WhatsApp-Image-2026-03-13-at-10.51.45-2-115x94.jpeg 115w, https:\/\/www.rivera.gub.uy\/portal\/wp-content\/uploads\/2026\/03\/WhatsApp-Image-2026-03-13-at-10.51.45-2-768x628.jpeg 768w, https:\/\/www.rivera.gub.uy\/portal\/wp-content\/uploads\/2026\/03\/WhatsApp-Image-2026-03-13-at-10.51.45-2-820x671.jpeg 820w, https:\/\/www.rivera.gub.uy\/portal\/wp-content\/uploads\/2026\/03\/WhatsApp-Image-2026-03-13-at-10.51.45-2.jpeg 1284w\" sizes=\"auto, (max-width: 258px) 100vw, 258px\" \/><\/a><\/td>\n<\/tr>\n<\/tbody>\n<\/table>\n<p>&nbsp;<\/p>\n","protected":false},"excerpt":{"rendered":"<p>El intendente de Rivera, Cr. Richard Sander Dar\u00edn, desarroll\u00f3 una intensa agenda de trabajo en la ciudad de Montevideo, manteniendo reuniones con autoridades del Gobierno Nacional para avanzar en proyectos estrat\u00e9gicos para el departamento. Reuni\u00f3n en el Ministerio de Ambiente A primera hora de la tarde, el jefe departamental particip\u00f3 de un encuentro en el [&hellip;]<\/p>\n","protected":false},"author":5,"featured_media":67164,"comment_status":"open","ping_status":"open","sticky":false,"template":"","format":"standard","meta":{"footnotes":""},"categories":[1],"tags":[],"class_list":["post-67157","post","type-post","status-publish","format-standard","has-post-thumbnail","hentry","category-novedades"],"_links":{"self":[{"href":"https:\/\/www.rivera.gub.uy\/portal\/wp-json\/wp\/v2\/posts\/67157","targetHints":{"allow":["GET"]}}],"collection":[{"href":"https:\/\/www.rivera.gub.uy\/portal\/wp-json\/wp\/v2\/posts"}],"about":[{"href":"https:\/\/www.rivera.gub.uy\/portal\/wp-json\/wp\/v2\/types\/post"}],"author":[{"embeddable":true,"href":"https:\/\/www.rivera.gub.uy\/portal\/wp-json\/wp\/v2\/users\/5"}],"replies":[{"embeddable":true,"href":"https:\/\/www.rivera.gub.uy\/portal\/wp-json\/wp\/v2\/comments?post=67157"}],"version-history":[{"count":5,"href":"https:\/\/www.rivera.gub.uy\/portal\/wp-json\/wp\/v2\/posts\/67157\/revisions"}],"predecessor-version":[{"id":67169,"href":"https:\/\/www.rivera.gub.uy\/portal\/wp-json\/wp\/v2\/posts\/67157\/revisions\/67169"}],"wp:featuredmedia":[{"embeddable":true,"href":"https:\/\/www.rivera.gub.uy\/portal\/wp-json\/wp\/v2\/media\/67164"}],"wp:attachment":[{"href":"https:\/\/www.rivera.gub.uy\/portal\/wp-json\/wp\/v2\/media?parent=67157"}],"wp:term":[{"taxonomy":"category","embeddable":true,"href":"https:\/\/www.rivera.gub.uy\/portal\/wp-json\/wp\/v2\/categories?post=67157"},{"taxonomy":"post_tag","embeddable":true,"href":"https:\/\/www.rivera.gub.uy\/portal\/wp-json\/wp\/v2\/tags?post=67157"}],"curies":[{"name":"wp","href":"https:\/\/api.w.org\/{rel}","templated":true}]}}