{"id":6755,"date":"2018-08-08T17:26:01","date_gmt":"2018-08-08T20:26:01","guid":{"rendered":"http:\/\/www.rivera.gub.uy\/portal\/?p=6755"},"modified":"2018-08-08T17:26:07","modified_gmt":"2018-08-08T20:26:07","slug":"intendente-visito-avances-de-obras-en-el-polo-de-desarrollo-agropecuario","status":"publish","type":"post","link":"https:\/\/www.rivera.gub.uy\/portal\/intendente-visito-avances-de-obras-en-el-polo-de-desarrollo-agropecuario\/","title":{"rendered":"Intendente visit\u00f3 avances de obras en el Polo de Desarrollo Agropecuario"},"content":{"rendered":"<p>El edificio muestra avances en obras edilicias, diversos tipos de plant\u00edos y futuras concreciones para comercializaci\u00f3n de productos.<\/p>\n<p>El Dr. Marne Osorio, recorri\u00f3 cada una de las instalaciones del PDA (Polo de Desarrollo Agropecuario), donde pudo comprobar los avances en cuanto a obras edilicias en el edificio y tambi\u00e9n los diversos plant\u00edos que se est\u00e1n realizando con el asesoramiento del equipo t\u00e9cnico de Desarrollo Rural y la participaci\u00f3n de 9 mujeres y 1 hombre del barrio Bella Vista.<!--more--><\/p>\n<p>All\u00ed aprender\u00e1n a trabajar para luego comercializar el producto que ser\u00e1 comprado por la propia Intendencia, para abastecer a Comedores y Hogares Estudiantiles.<\/p>\n<div id='gallery-1' class='gallery galleryid-6755 gallery-columns-3 gallery-size-thumbnail'><figure class='gallery-item'>\n\t\t\t<div class='gallery-icon landscape'>\n\t\t\t\t<a href='https:\/\/www.rivera.gub.uy\/portal\/wp-content\/uploads\/2018\/08\/1-1.jpg'><img loading=\"lazy\" decoding=\"async\" width=\"132\" height=\"94\" src=\"https:\/\/www.rivera.gub.uy\/portal\/wp-content\/uploads\/2018\/08\/1-1-132x94.jpg\" class=\"attachment-thumbnail size-thumbnail\" alt=\"\" srcset=\"https:\/\/www.rivera.gub.uy\/portal\/wp-content\/uploads\/2018\/08\/1-1-132x94.jpg 132w, https:\/\/www.rivera.gub.uy\/portal\/wp-content\/uploads\/2018\/08\/1-1-263x188.jpg 263w, https:\/\/www.rivera.gub.uy\/portal\/wp-content\/uploads\/2018\/08\/1-1-768x549.jpg 768w, https:\/\/www.rivera.gub.uy\/portal\/wp-content\/uploads\/2018\/08\/1-1-876x626.jpg 876w, https:\/\/www.rivera.gub.uy\/portal\/wp-content\/uploads\/2018\/08\/1-1-820x586.jpg 820w\" sizes=\"auto, (max-width: 132px) 100vw, 132px\" \/><\/a>\n\t\t\t<\/div><\/figure><figure class='gallery-item'>\n\t\t\t<div class='gallery-icon landscape'>\n\t\t\t\t<a href='https:\/\/www.rivera.gub.uy\/portal\/wp-content\/uploads\/2018\/08\/2-1.jpg'><img loading=\"lazy\" decoding=\"async\" width=\"132\" height=\"94\" src=\"https:\/\/www.rivera.gub.uy\/portal\/wp-content\/uploads\/2018\/08\/2-1-132x94.jpg\" class=\"attachment-thumbnail size-thumbnail\" alt=\"\" srcset=\"https:\/\/www.rivera.gub.uy\/portal\/wp-content\/uploads\/2018\/08\/2-1-132x94.jpg 132w, https:\/\/www.rivera.gub.uy\/portal\/wp-content\/uploads\/2018\/08\/2-1-263x188.jpg 263w, https:\/\/www.rivera.gub.uy\/portal\/wp-content\/uploads\/2018\/08\/2-1-768x549.jpg 768w, https:\/\/www.rivera.gub.uy\/portal\/wp-content\/uploads\/2018\/08\/2-1-876x626.jpg 876w, https:\/\/www.rivera.gub.uy\/portal\/wp-content\/uploads\/2018\/08\/2-1-820x586.jpg 820w\" sizes=\"auto, (max-width: 132px) 100vw, 132px\" \/><\/a>\n\t\t\t<\/div><\/figure><figure class='gallery-item'>\n\t\t\t<div class='gallery-icon landscape'>\n\t\t\t\t<a href='https:\/\/www.rivera.gub.uy\/portal\/wp-content\/uploads\/2018\/08\/3.jpg'><img loading=\"lazy\" decoding=\"async\" width=\"132\" height=\"94\" src=\"https:\/\/www.rivera.gub.uy\/portal\/wp-content\/uploads\/2018\/08\/3-132x94.jpg\" class=\"attachment-thumbnail size-thumbnail\" alt=\"\" srcset=\"https:\/\/www.rivera.gub.uy\/portal\/wp-content\/uploads\/2018\/08\/3-132x94.jpg 132w, https:\/\/www.rivera.gub.uy\/portal\/wp-content\/uploads\/2018\/08\/3-263x188.jpg 263w, https:\/\/www.rivera.gub.uy\/portal\/wp-content\/uploads\/2018\/08\/3-768x549.jpg 768w, https:\/\/www.rivera.gub.uy\/portal\/wp-content\/uploads\/2018\/08\/3-876x626.jpg 876w, https:\/\/www.rivera.gub.uy\/portal\/wp-content\/uploads\/2018\/08\/3-820x586.jpg 820w\" sizes=\"auto, (max-width: 132px) 100vw, 132px\" \/><\/a>\n\t\t\t<\/div><\/figure>\n\t\t<\/div>\n\n<p>El mandatario agreg\u00f3 que: \u201cEstamos muy contentos porque podemos ver el proyecto en su etapa fermental, en cuanto a infraestructura, promoci\u00f3n y capacitaci\u00f3n. Nuevas infraestructuras para atender espacios p\u00fablicos con especies nativas y brindando la posibilidad a la comunidad del barrio Bella Vista, que se ver\u00e1n beneficiados. Creo que est\u00e1 bien interpretado y bien conducido lo que hace que en pocas semanas estaremos inaugurando parte de la infraestructura y ser\u00e1 una posibilidad de mostrar los detalles con los protagonistas de que se est\u00e1 haciendo aqu\u00ed\u201d.<\/p>\n<p><iframe loading=\"lazy\" width=\"1160\" height=\"653\" src=\"https:\/\/www.youtube.com\/embed\/P6zmMKuOgYQ?feature=oembed\" frameborder=\"0\" allow=\"autoplay; encrypted-media\" allowfullscreen><\/iframe><\/p>\n","protected":false},"excerpt":{"rendered":"<p>El edificio muestra avances en obras edilicias, diversos tipos de plant\u00edos y futuras concreciones para comercializaci\u00f3n de productos. El Dr. Marne Osorio, recorri\u00f3 cada una de las instalaciones del PDA (Polo de Desarrollo Agropecuario), donde pudo comprobar los avances en cuanto a obras edilicias en el edificio y tambi\u00e9n los diversos plant\u00edos que se est\u00e1n [&hellip;]<\/p>\n","protected":false},"author":7,"featured_media":6758,"comment_status":"open","ping_status":"open","sticky":false,"template":"","format":"standard","meta":{"footnotes":""},"categories":[3,1],"tags":[391,80,36,33],"class_list":["post-6755","post","type-post","status-publish","format-standard","has-post-thumbnail","hentry","category-multimedia","category-novedades","tag-agropecuario","tag-desarrollo","tag-intendencia","tag-rivera"],"_links":{"self":[{"href":"https:\/\/www.rivera.gub.uy\/portal\/wp-json\/wp\/v2\/posts\/6755","targetHints":{"allow":["GET"]}}],"collection":[{"href":"https:\/\/www.rivera.gub.uy\/portal\/wp-json\/wp\/v2\/posts"}],"about":[{"href":"https:\/\/www.rivera.gub.uy\/portal\/wp-json\/wp\/v2\/types\/post"}],"author":[{"embeddable":true,"href":"https:\/\/www.rivera.gub.uy\/portal\/wp-json\/wp\/v2\/users\/7"}],"replies":[{"embeddable":true,"href":"https:\/\/www.rivera.gub.uy\/portal\/wp-json\/wp\/v2\/comments?post=6755"}],"version-history":[{"count":2,"href":"https:\/\/www.rivera.gub.uy\/portal\/wp-json\/wp\/v2\/posts\/6755\/revisions"}],"predecessor-version":[{"id":6760,"href":"https:\/\/www.rivera.gub.uy\/portal\/wp-json\/wp\/v2\/posts\/6755\/revisions\/6760"}],"wp:featuredmedia":[{"embeddable":true,"href":"https:\/\/www.rivera.gub.uy\/portal\/wp-json\/wp\/v2\/media\/6758"}],"wp:attachment":[{"href":"https:\/\/www.rivera.gub.uy\/portal\/wp-json\/wp\/v2\/media?parent=6755"}],"wp:term":[{"taxonomy":"category","embeddable":true,"href":"https:\/\/www.rivera.gub.uy\/portal\/wp-json\/wp\/v2\/categories?post=6755"},{"taxonomy":"post_tag","embeddable":true,"href":"https:\/\/www.rivera.gub.uy\/portal\/wp-json\/wp\/v2\/tags?post=6755"}],"curies":[{"name":"wp","href":"https:\/\/api.w.org\/{rel}","templated":true}]}}