{"id":69431,"date":"2026-09-02T14:01:58","date_gmt":"2026-09-02T17:01:58","guid":{"rendered":"https:\/\/www.rivera.gub.uy\/portal\/?p=69431"},"modified":"2026-09-02T14:01:58","modified_gmt":"2026-09-02T17:01:58","slug":"intendencia-fortalece-servicios-con-la-entrega-de-nuevas-camionetas","status":"publish","type":"post","link":"https:\/\/www.rivera.gub.uy\/portal\/intendencia-fortalece-servicios-con-la-entrega-de-nuevas-camionetas\/","title":{"rendered":"Intendencia fortalece servicios con la entrega de nuevas camionetas"},"content":{"rendered":"<p>La Intendencia Departamental de Rivera realiz\u00f3 este mi\u00e9rcoles la entrega de nuevas camionetas destinadas a diferentes dependencias y a las Alcald\u00edas de Vichadero, Tranqueras y Minas de Corrales, continuando con el proceso de renovaci\u00f3n de la flota vehicular y fortaleciendo la capacidad operativa en distintos puntos del departamento.<!--more--><\/p>\n<p>El acto fue encabezado por el intendente departamental, Cr. Richard Sander, quien destac\u00f3 que la incorporaci\u00f3n de las unidades permitir\u00e1 mejorar las condiciones de trabajo y acompa\u00f1ar las tareas que diariamente se desarrollan tanto en las localidades del interior como en \u00e1reas espec\u00edficas de la administraci\u00f3n departamental.<\/p>\n<p>En esta oportunidad recibieron veh\u00edculos las <strong>Alcald\u00edas de Vichadero, Tranqueras y Minas de Corrales<\/strong>, adem\u00e1s de la <strong>Direcci\u00f3n General de Hacienda \u2013 SISCONVE<\/strong> y la <strong>Direcci\u00f3n General de Desarrollo Econ\u00f3mico Productivo, a trav\u00e9s de la Divisi\u00f3n Desarrollo Rural<\/strong>.<\/p>\n<p><strong>M\u00e1s herramientas para trabajar en territorio<\/strong><\/p>\n<p>La incorporaci\u00f3n de las camionetas permitir\u00e1 reforzar especialmente la presencia y capacidad de respuesta de los equipos que desarrollan tareas en territorio, facilitando los desplazamientos y el cumplimiento de los diferentes servicios que se brindan a la poblaci\u00f3n.<\/p>\n<p>En el caso de las tres Alcald\u00edas, las nuevas unidades contribuir\u00e1n al trabajo cotidiano de los gobiernos municipales y a la atenci\u00f3n de las necesidades de sus respectivas comunidades.<\/p>\n<p>Por su parte, el veh\u00edculo destinado a Desarrollo Rural permitir\u00e1 fortalecer las tareas que se realizan junto a productores y comunidades rurales en diferentes zonas del departamento, mientras que la unidad asignada a SISCONVE acompa\u00f1ar\u00e1 las funciones vinculadas a esa dependencia de la Direcci\u00f3n General de Hacienda.<\/p>\n<p><strong>Renovaci\u00f3n permanente de la flota<\/strong><\/p>\n<p>Durante la entrega, el intendente Richard Sander destac\u00f3 la pol\u00edtica de renovaci\u00f3n constante de los veh\u00edculos utilizados por la Intendencia, procurando que las distintas reparticiones dispongan de herramientas adecuadas para desarrollar sus funciones.<\/p>\n<p>El jefe comunal subray\u00f3 particularmente que este proceso se lleva adelante dentro de un esquema de gesti\u00f3n que permite renovar los recursos materiales sin generar nuevas erogaciones para la comuna, optimizando de esa manera el uso de los recursos disponibles.<\/p>\n<p>La entrega se inscribe en una estrategia de actualizaci\u00f3n de la flota institucional que busca sustituir unidades y mantener en condiciones adecuadas los veh\u00edculos necesarios para el funcionamiento de los servicios departamentales.<\/p>\n<p>Con estas nuevas incorporaciones, la Intendencia de Rivera contin\u00faa fortaleciendo su capacidad operativa y, particularmente, el trabajo que se desarrolla en el interior del departamento, dotando a Alcald\u00edas y dependencias municipales de mejores herramientas para atender las necesidades de la comunidad.<\/p>\n<div id='gallery-1' class='gallery galleryid-69431 gallery-columns-3 gallery-size-large'><figure class='gallery-item'>\n\t\t\t<div class='gallery-icon landscape'>\n\t\t\t\t<a href='https:\/\/www.rivera.gub.uy\/portal\/wp-content\/uploads\/2026\/09\/Camionetas-1.jpeg'><img loading=\"lazy\" decoding=\"async\" width=\"1000\" height=\"561\" src=\"https:\/\/www.rivera.gub.uy\/portal\/wp-content\/uploads\/2026\/09\/Camionetas-1-1000x561.jpeg\" class=\"attachment-large size-large\" alt=\"\" srcset=\"https:\/\/www.rivera.gub.uy\/portal\/wp-content\/uploads\/2026\/09\/Camionetas-1-1000x561.jpeg 1000w, https:\/\/www.rivera.gub.uy\/portal\/wp-content\/uploads\/2026\/09\/Camionetas-1-300x168.jpeg 300w, https:\/\/www.rivera.gub.uy\/portal\/wp-content\/uploads\/2026\/09\/Camionetas-1-150x84.jpeg 150w, https:\/\/www.rivera.gub.uy\/portal\/wp-content\/uploads\/2026\/09\/Camionetas-1-768x431.jpeg 768w, https:\/\/www.rivera.gub.uy\/portal\/wp-content\/uploads\/2026\/09\/Camionetas-1-1536x861.jpeg 1536w, https:\/\/www.rivera.gub.uy\/portal\/wp-content\/uploads\/2026\/09\/Camionetas-1-820x460.jpeg 820w, https:\/\/www.rivera.gub.uy\/portal\/wp-content\/uploads\/2026\/09\/Camionetas-1.jpeg 1600w\" sizes=\"auto, (max-width: 1000px) 100vw, 1000px\" \/><\/a>\n\t\t\t<\/div><\/figure><figure class='gallery-item'>\n\t\t\t<div class='gallery-icon landscape'>\n\t\t\t\t<a href='https:\/\/www.rivera.gub.uy\/portal\/wp-content\/uploads\/2026\/09\/Camionetas-2.jpeg'><img loading=\"lazy\" decoding=\"async\" width=\"1000\" height=\"561\" src=\"https:\/\/www.rivera.gub.uy\/portal\/wp-content\/uploads\/2026\/09\/Camionetas-2-1000x561.jpeg\" class=\"attachment-large size-large\" alt=\"\" srcset=\"https:\/\/www.rivera.gub.uy\/portal\/wp-content\/uploads\/2026\/09\/Camionetas-2-1000x561.jpeg 1000w, https:\/\/www.rivera.gub.uy\/portal\/wp-content\/uploads\/2026\/09\/Camionetas-2-300x168.jpeg 300w, https:\/\/www.rivera.gub.uy\/portal\/wp-content\/uploads\/2026\/09\/Camionetas-2-150x84.jpeg 150w, https:\/\/www.rivera.gub.uy\/portal\/wp-content\/uploads\/2026\/09\/Camionetas-2-768x431.jpeg 768w, https:\/\/www.rivera.gub.uy\/portal\/wp-content\/uploads\/2026\/09\/Camionetas-2-1536x861.jpeg 1536w, https:\/\/www.rivera.gub.uy\/portal\/wp-content\/uploads\/2026\/09\/Camionetas-2-820x460.jpeg 820w, https:\/\/www.rivera.gub.uy\/portal\/wp-content\/uploads\/2026\/09\/Camionetas-2.jpeg 1600w\" sizes=\"auto, (max-width: 1000px) 100vw, 1000px\" \/><\/a>\n\t\t\t<\/div><\/figure><figure class='gallery-item'>\n\t\t\t<div class='gallery-icon landscape'>\n\t\t\t\t<a href='https:\/\/www.rivera.gub.uy\/portal\/wp-content\/uploads\/2026\/09\/Camionetas-3.jpeg'><img loading=\"lazy\" decoding=\"async\" width=\"1000\" height=\"561\" src=\"https:\/\/www.rivera.gub.uy\/portal\/wp-content\/uploads\/2026\/09\/Camionetas-3-1000x561.jpeg\" class=\"attachment-large size-large\" alt=\"\" srcset=\"https:\/\/www.rivera.gub.uy\/portal\/wp-content\/uploads\/2026\/09\/Camionetas-3-1000x561.jpeg 1000w, https:\/\/www.rivera.gub.uy\/portal\/wp-content\/uploads\/2026\/09\/Camionetas-3-300x168.jpeg 300w, https:\/\/www.rivera.gub.uy\/portal\/wp-content\/uploads\/2026\/09\/Camionetas-3-150x84.jpeg 150w, https:\/\/www.rivera.gub.uy\/portal\/wp-content\/uploads\/2026\/09\/Camionetas-3-768x431.jpeg 768w, https:\/\/www.rivera.gub.uy\/portal\/wp-content\/uploads\/2026\/09\/Camionetas-3-1536x861.jpeg 1536w, https:\/\/www.rivera.gub.uy\/portal\/wp-content\/uploads\/2026\/09\/Camionetas-3-820x460.jpeg 820w, https:\/\/www.rivera.gub.uy\/portal\/wp-content\/uploads\/2026\/09\/Camionetas-3.jpeg 1600w\" sizes=\"auto, (max-width: 1000px) 100vw, 1000px\" \/><\/a>\n\t\t\t<\/div><\/figure><figure class='gallery-item'>\n\t\t\t<div class='gallery-icon landscape'>\n\t\t\t\t<a href='https:\/\/www.rivera.gub.uy\/portal\/wp-content\/uploads\/2026\/09\/Camionetas-4.jpeg'><img loading=\"lazy\" decoding=\"async\" width=\"877\" height=\"626\" src=\"https:\/\/www.rivera.gub.uy\/portal\/wp-content\/uploads\/2026\/09\/Camionetas-4-877x626.jpeg\" class=\"attachment-large size-large\" alt=\"\" srcset=\"https:\/\/www.rivera.gub.uy\/portal\/wp-content\/uploads\/2026\/09\/Camionetas-4-877x626.jpeg 877w, https:\/\/www.rivera.gub.uy\/portal\/wp-content\/uploads\/2026\/09\/Camionetas-4-263x188.jpeg 263w, https:\/\/www.rivera.gub.uy\/portal\/wp-content\/uploads\/2026\/09\/Camionetas-4-132x94.jpeg 132w, https:\/\/www.rivera.gub.uy\/portal\/wp-content\/uploads\/2026\/09\/Camionetas-4-768x548.jpeg 768w, https:\/\/www.rivera.gub.uy\/portal\/wp-content\/uploads\/2026\/09\/Camionetas-4-1536x1096.jpeg 1536w, https:\/\/www.rivera.gub.uy\/portal\/wp-content\/uploads\/2026\/09\/Camionetas-4-820x585.jpeg 820w, https:\/\/www.rivera.gub.uy\/portal\/wp-content\/uploads\/2026\/09\/Camionetas-4.jpeg 1600w\" sizes=\"auto, (max-width: 877px) 100vw, 877px\" \/><\/a>\n\t\t\t<\/div><\/figure><figure class='gallery-item'>\n\t\t\t<div class='gallery-icon landscape'>\n\t\t\t\t<a href='https:\/\/www.rivera.gub.uy\/portal\/wp-content\/uploads\/2026\/09\/Camionetas-5.jpeg'><img loading=\"lazy\" decoding=\"async\" width=\"877\" height=\"626\" src=\"https:\/\/www.rivera.gub.uy\/portal\/wp-content\/uploads\/2026\/09\/Camionetas-5-877x626.jpeg\" class=\"attachment-large size-large\" alt=\"\" srcset=\"https:\/\/www.rivera.gub.uy\/portal\/wp-content\/uploads\/2026\/09\/Camionetas-5-877x626.jpeg 877w, https:\/\/www.rivera.gub.uy\/portal\/wp-content\/uploads\/2026\/09\/Camionetas-5-263x188.jpeg 263w, https:\/\/www.rivera.gub.uy\/portal\/wp-content\/uploads\/2026\/09\/Camionetas-5-132x94.jpeg 132w, https:\/\/www.rivera.gub.uy\/portal\/wp-content\/uploads\/2026\/09\/Camionetas-5-768x548.jpeg 768w, https:\/\/www.rivera.gub.uy\/portal\/wp-content\/uploads\/2026\/09\/Camionetas-5-1536x1096.jpeg 1536w, https:\/\/www.rivera.gub.uy\/portal\/wp-content\/uploads\/2026\/09\/Camionetas-5-820x585.jpeg 820w, https:\/\/www.rivera.gub.uy\/portal\/wp-content\/uploads\/2026\/09\/Camionetas-5.jpeg 1600w\" sizes=\"auto, (max-width: 877px) 100vw, 877px\" \/><\/a>\n\t\t\t<\/div><\/figure><figure class='gallery-item'>\n\t\t\t<div class='gallery-icon landscape'>\n\t\t\t\t<a href='https:\/\/www.rivera.gub.uy\/portal\/wp-content\/uploads\/2026\/09\/Camionetas-6.jpeg'><img loading=\"lazy\" decoding=\"async\" width=\"877\" height=\"626\" src=\"https:\/\/www.rivera.gub.uy\/portal\/wp-content\/uploads\/2026\/09\/Camionetas-6-877x626.jpeg\" class=\"attachment-large size-large\" alt=\"\" srcset=\"https:\/\/www.rivera.gub.uy\/portal\/wp-content\/uploads\/2026\/09\/Camionetas-6-877x626.jpeg 877w, https:\/\/www.rivera.gub.uy\/portal\/wp-content\/uploads\/2026\/09\/Camionetas-6-263x188.jpeg 263w, https:\/\/www.rivera.gub.uy\/portal\/wp-content\/uploads\/2026\/09\/Camionetas-6-132x94.jpeg 132w, https:\/\/www.rivera.gub.uy\/portal\/wp-content\/uploads\/2026\/09\/Camionetas-6-768x548.jpeg 768w, https:\/\/www.rivera.gub.uy\/portal\/wp-content\/uploads\/2026\/09\/Camionetas-6-1536x1096.jpeg 1536w, https:\/\/www.rivera.gub.uy\/portal\/wp-content\/uploads\/2026\/09\/Camionetas-6-820x585.jpeg 820w, https:\/\/www.rivera.gub.uy\/portal\/wp-content\/uploads\/2026\/09\/Camionetas-6.jpeg 1600w\" sizes=\"auto, (max-width: 877px) 100vw, 877px\" \/><\/a>\n\t\t\t<\/div><\/figure><figure class='gallery-item'>\n\t\t\t<div class='gallery-icon landscape'>\n\t\t\t\t<a href='https:\/\/www.rivera.gub.uy\/portal\/wp-content\/uploads\/2026\/09\/Camionetas-7.jpeg'><img loading=\"lazy\" decoding=\"async\" width=\"877\" height=\"626\" src=\"https:\/\/www.rivera.gub.uy\/portal\/wp-content\/uploads\/2026\/09\/Camionetas-7-877x626.jpeg\" class=\"attachment-large size-large\" alt=\"\" srcset=\"https:\/\/www.rivera.gub.uy\/portal\/wp-content\/uploads\/2026\/09\/Camionetas-7-877x626.jpeg 877w, https:\/\/www.rivera.gub.uy\/portal\/wp-content\/uploads\/2026\/09\/Camionetas-7-263x188.jpeg 263w, https:\/\/www.rivera.gub.uy\/portal\/wp-content\/uploads\/2026\/09\/Camionetas-7-132x94.jpeg 132w, https:\/\/www.rivera.gub.uy\/portal\/wp-content\/uploads\/2026\/09\/Camionetas-7-768x548.jpeg 768w, https:\/\/www.rivera.gub.uy\/portal\/wp-content\/uploads\/2026\/09\/Camionetas-7-1536x1096.jpeg 1536w, https:\/\/www.rivera.gub.uy\/portal\/wp-content\/uploads\/2026\/09\/Camionetas-7-820x585.jpeg 820w, https:\/\/www.rivera.gub.uy\/portal\/wp-content\/uploads\/2026\/09\/Camionetas-7.jpeg 1600w\" sizes=\"auto, (max-width: 877px) 100vw, 877px\" \/><\/a>\n\t\t\t<\/div><\/figure><figure class='gallery-item'>\n\t\t\t<div class='gallery-icon landscape'>\n\t\t\t\t<a href='https:\/\/www.rivera.gub.uy\/portal\/wp-content\/uploads\/2026\/09\/Camionetas-8.jpeg'><img loading=\"lazy\" decoding=\"async\" width=\"877\" height=\"626\" src=\"https:\/\/www.rivera.gub.uy\/portal\/wp-content\/uploads\/2026\/09\/Camionetas-8-877x626.jpeg\" class=\"attachment-large size-large\" alt=\"\" srcset=\"https:\/\/www.rivera.gub.uy\/portal\/wp-content\/uploads\/2026\/09\/Camionetas-8-877x626.jpeg 877w, https:\/\/www.rivera.gub.uy\/portal\/wp-content\/uploads\/2026\/09\/Camionetas-8-263x188.jpeg 263w, https:\/\/www.rivera.gub.uy\/portal\/wp-content\/uploads\/2026\/09\/Camionetas-8-132x94.jpeg 132w, https:\/\/www.rivera.gub.uy\/portal\/wp-content\/uploads\/2026\/09\/Camionetas-8-768x548.jpeg 768w, https:\/\/www.rivera.gub.uy\/portal\/wp-content\/uploads\/2026\/09\/Camionetas-8-1536x1096.jpeg 1536w, https:\/\/www.rivera.gub.uy\/portal\/wp-content\/uploads\/2026\/09\/Camionetas-8-820x585.jpeg 820w, https:\/\/www.rivera.gub.uy\/portal\/wp-content\/uploads\/2026\/09\/Camionetas-8.jpeg 1600w\" sizes=\"auto, (max-width: 877px) 100vw, 877px\" \/><\/a>\n\t\t\t<\/div><\/figure><figure class='gallery-item'>\n\t\t\t<div class='gallery-icon landscape'>\n\t\t\t\t<a href='https:\/\/www.rivera.gub.uy\/portal\/wp-content\/uploads\/2026\/09\/Camionetas-9.jpeg'><img loading=\"lazy\" decoding=\"async\" width=\"877\" height=\"626\" src=\"https:\/\/www.rivera.gub.uy\/portal\/wp-content\/uploads\/2026\/09\/Camionetas-9-877x626.jpeg\" class=\"attachment-large size-large\" alt=\"\" srcset=\"https:\/\/www.rivera.gub.uy\/portal\/wp-content\/uploads\/2026\/09\/Camionetas-9-877x626.jpeg 877w, https:\/\/www.rivera.gub.uy\/portal\/wp-content\/uploads\/2026\/09\/Camionetas-9-263x188.jpeg 263w, https:\/\/www.rivera.gub.uy\/portal\/wp-content\/uploads\/2026\/09\/Camionetas-9-132x94.jpeg 132w, https:\/\/www.rivera.gub.uy\/portal\/wp-content\/uploads\/2026\/09\/Camionetas-9-768x548.jpeg 768w, https:\/\/www.rivera.gub.uy\/portal\/wp-content\/uploads\/2026\/09\/Camionetas-9-1536x1096.jpeg 1536w, https:\/\/www.rivera.gub.uy\/portal\/wp-content\/uploads\/2026\/09\/Camionetas-9-820x585.jpeg 820w, https:\/\/www.rivera.gub.uy\/portal\/wp-content\/uploads\/2026\/09\/Camionetas-9.jpeg 1600w\" sizes=\"auto, (max-width: 877px) 100vw, 877px\" \/><\/a>\n\t\t\t<\/div><\/figure>\n\t\t<\/div>\n\n","protected":false},"excerpt":{"rendered":"<p>La Intendencia Departamental de Rivera realiz\u00f3 este mi\u00e9rcoles la entrega de nuevas camionetas destinadas a diferentes dependencias y a las Alcald\u00edas de Vichadero, Tranqueras y Minas de Corrales, continuando con el proceso de renovaci\u00f3n de la flota vehicular y fortaleciendo la capacidad operativa en distintos puntos del departamento.<\/p>\n","protected":false},"author":5,"featured_media":69432,"comment_status":"open","ping_status":"open","sticky":false,"template":"","format":"standard","meta":{"footnotes":"","_members_access_role":[],"_members_access_error":""},"categories":[1],"tags":[],"class_list":["post-69431","post","type-post","status-publish","format-standard","has-post-thumbnail","hentry","category-novedades"],"_links":{"self":[{"href":"https:\/\/www.rivera.gub.uy\/portal\/wp-json\/wp\/v2\/posts\/69431","targetHints":{"allow":["GET"]}}],"collection":[{"href":"https:\/\/www.rivera.gub.uy\/portal\/wp-json\/wp\/v2\/posts"}],"about":[{"href":"https:\/\/www.rivera.gub.uy\/portal\/wp-json\/wp\/v2\/types\/post"}],"author":[{"embeddable":true,"href":"https:\/\/www.rivera.gub.uy\/portal\/wp-json\/wp\/v2\/users\/5"}],"replies":[{"embeddable":true,"href":"https:\/\/www.rivera.gub.uy\/portal\/wp-json\/wp\/v2\/comments?post=69431"}],"version-history":[{"count":1,"href":"https:\/\/www.rivera.gub.uy\/portal\/wp-json\/wp\/v2\/posts\/69431\/revisions"}],"predecessor-version":[{"id":69441,"href":"https:\/\/www.rivera.gub.uy\/portal\/wp-json\/wp\/v2\/posts\/69431\/revisions\/69441"}],"wp:featuredmedia":[{"embeddable":true,"href":"https:\/\/www.rivera.gub.uy\/portal\/wp-json\/wp\/v2\/media\/69432"}],"wp:attachment":[{"href":"https:\/\/www.rivera.gub.uy\/portal\/wp-json\/wp\/v2\/media?parent=69431"}],"wp:term":[{"taxonomy":"category","embeddable":true,"href":"https:\/\/www.rivera.gub.uy\/portal\/wp-json\/wp\/v2\/categories?post=69431"},{"taxonomy":"post_tag","embeddable":true,"href":"https:\/\/www.rivera.gub.uy\/portal\/wp-json\/wp\/v2\/tags?post=69431"}],"curies":[{"name":"wp","href":"https:\/\/api.w.org\/{rel}","templated":true}]}}