{"id":1047,"date":"2017-09-04T22:43:23","date_gmt":"2017-09-04T22:43:23","guid":{"rendered":"http:\/\/rivera.gub.uy\/social\/?p=1047"},"modified":"2017-09-04T23:43:27","modified_gmt":"2017-09-04T23:43:27","slug":"lectura-recreativa-para-ninos-a-traves-del-programa-social-centros-barriales","status":"publish","type":"post","link":"https:\/\/www.rivera.gub.uy\/social\/lectura-recreativa-para-ninos-a-traves-del-programa-social-centros-barriales\/","title":{"rendered":"Lectura recreativa para ni\u00f1os a trav\u00e9s del Programa Social Centros Barriales"},"content":{"rendered":"<p>A trav\u00e9s del Centro Barrial de Paso de la Estiba un grupo de ni\u00f1os de 2do a\u00f1o, que asisten a la Escuela N\u00b0111, participan del Proyecto piloto <strong><em>\u00abLetras viajeras. Otro modo de vivir la lectura\u00bb.<\/em><\/strong>\u00a0<!--more--><\/p>\n<p>Se procura con ello fortalecer la actividad cultural, volcada a la infancia en los Centros Barriales; a trav\u00e9s de la lectura recreativa. \u00a0El proyecto consta de cuatro M\u00f3dulos y comprende tanto autores nacionales como regionales de la Literatura Infantil.<\/p>\n<p>Responsable: Mary Rocha<\/p>\n","protected":false},"excerpt":{"rendered":"<p>A trav\u00e9s del Centro Barrial de Paso de la Estiba un grupo de ni\u00f1os de 2do a\u00f1o, que asisten a la Escuela N\u00b0111, participan del Proyecto piloto \u00abLetras viajeras. Otro modo de vivir la lectura\u00bb.\u00a0<\/p>\n","protected":false},"author":7,"featured_media":1048,"comment_status":"open","ping_status":"open","sticky":false,"template":"","format":"standard","meta":{"footnotes":""},"categories":[6,1],"tags":[39,81],"_links":{"self":[{"href":"https:\/\/www.rivera.gub.uy\/social\/wp-json\/wp\/v2\/posts\/1047"}],"collection":[{"href":"https:\/\/www.rivera.gub.uy\/social\/wp-json\/wp\/v2\/posts"}],"about":[{"href":"https:\/\/www.rivera.gub.uy\/social\/wp-json\/wp\/v2\/types\/post"}],"author":[{"embeddable":true,"href":"https:\/\/www.rivera.gub.uy\/social\/wp-json\/wp\/v2\/users\/7"}],"replies":[{"embeddable":true,"href":"https:\/\/www.rivera.gub.uy\/social\/wp-json\/wp\/v2\/comments?post=1047"}],"version-history":[{"count":3,"href":"https:\/\/www.rivera.gub.uy\/social\/wp-json\/wp\/v2\/posts\/1047\/revisions"}],"predecessor-version":[{"id":1052,"href":"https:\/\/www.rivera.gub.uy\/social\/wp-json\/wp\/v2\/posts\/1047\/revisions\/1052"}],"wp:featuredmedia":[{"embeddable":true,"href":"https:\/\/www.rivera.gub.uy\/social\/wp-json\/wp\/v2\/media\/1048"}],"wp:attachment":[{"href":"https:\/\/www.rivera.gub.uy\/social\/wp-json\/wp\/v2\/media?parent=1047"}],"wp:term":[{"taxonomy":"category","embeddable":true,"href":"https:\/\/www.rivera.gub.uy\/social\/wp-json\/wp\/v2\/categories?post=1047"},{"taxonomy":"post_tag","embeddable":true,"href":"https:\/\/www.rivera.gub.uy\/social\/wp-json\/wp\/v2\/tags?post=1047"}],"curies":[{"name":"wp","href":"https:\/\/api.w.org\/{rel}","templated":true}]}}