{"id":1053,"date":"2017-09-04T22:57:00","date_gmt":"2017-09-04T22:57:00","guid":{"rendered":"http:\/\/rivera.gub.uy\/social\/?p=1053"},"modified":"2017-09-04T23:42:55","modified_gmt":"2017-09-04T23:42:55","slug":"curso-de-chocolateria-y-cupcakes-en-comedor-municipal-de-rivera-chico","status":"publish","type":"post","link":"https:\/\/www.rivera.gub.uy\/social\/curso-de-chocolateria-y-cupcakes-en-comedor-municipal-de-rivera-chico\/","title":{"rendered":"Curso de Chocolater\u00eda y cupcakes en Comedor Municipal de Rivera Chico"},"content":{"rendered":"<p>En el marco de capacitaciones del Programa Social Centros Barriales, \u00a0el s\u00e1bado 2 de setiembre se realiz\u00f3 la entrega de certificados de aprobaci\u00f3n del Curso de Chocolater\u00eda y cupcakes. <!--more-->El Curso estuvo \u00a0a cargo de la Prof. Martha Rodr\u00edguez, \u00a0y se realiz\u00f3 en el Comedor Municipal de Rivera Chico, ubicado en Av. Cuar\u00f3 N\u00b0 427. Participaron \u00a0personas que asisten al Hogar Transitorio Mixto Dr. Altivo Esteves. Un total de doce usuarios del Comedor y el Hogar conocido como Refugio, tuvieron la oportunidad de capacitarse y disfrutar de una linda experiencia formativa.<\/p>\n<p>Asitieron a dicho evento el Dir. General de DGPAS \u00a0Cr. Giovani Conti y el Coord. Gneral de la Unidad de Promoci\u00f3n Centros Barriales el Prof. Horacio Hern\u00e1ndez.<\/p>\n","protected":false},"excerpt":{"rendered":"<p>En el marco de capacitaciones del Programa Social Centros Barriales, \u00a0el s\u00e1bado 2 de setiembre se realiz\u00f3 la entrega de certificados de aprobaci\u00f3n del Curso de Chocolater\u00eda y cupcakes.<\/p>\n","protected":false},"author":7,"featured_media":1054,"comment_status":"open","ping_status":"open","sticky":false,"template":"","format":"standard","meta":{"footnotes":""},"categories":[6,1],"tags":[83,82],"_links":{"self":[{"href":"https:\/\/www.rivera.gub.uy\/social\/wp-json\/wp\/v2\/posts\/1053"}],"collection":[{"href":"https:\/\/www.rivera.gub.uy\/social\/wp-json\/wp\/v2\/posts"}],"about":[{"href":"https:\/\/www.rivera.gub.uy\/social\/wp-json\/wp\/v2\/types\/post"}],"author":[{"embeddable":true,"href":"https:\/\/www.rivera.gub.uy\/social\/wp-json\/wp\/v2\/users\/7"}],"replies":[{"embeddable":true,"href":"https:\/\/www.rivera.gub.uy\/social\/wp-json\/wp\/v2\/comments?post=1053"}],"version-history":[{"count":6,"href":"https:\/\/www.rivera.gub.uy\/social\/wp-json\/wp\/v2\/posts\/1053\/revisions"}],"predecessor-version":[{"id":1062,"href":"https:\/\/www.rivera.gub.uy\/social\/wp-json\/wp\/v2\/posts\/1053\/revisions\/1062"}],"wp:featuredmedia":[{"embeddable":true,"href":"https:\/\/www.rivera.gub.uy\/social\/wp-json\/wp\/v2\/media\/1054"}],"wp:attachment":[{"href":"https:\/\/www.rivera.gub.uy\/social\/wp-json\/wp\/v2\/media?parent=1053"}],"wp:term":[{"taxonomy":"category","embeddable":true,"href":"https:\/\/www.rivera.gub.uy\/social\/wp-json\/wp\/v2\/categories?post=1053"},{"taxonomy":"post_tag","embeddable":true,"href":"https:\/\/www.rivera.gub.uy\/social\/wp-json\/wp\/v2\/tags?post=1053"}],"curies":[{"name":"wp","href":"https:\/\/api.w.org\/{rel}","templated":true}]}}