{"id":1063,"date":"2017-09-04T23:14:45","date_gmt":"2017-09-04T23:14:45","guid":{"rendered":"http:\/\/rivera.gub.uy\/social\/?p=1063"},"modified":"2017-09-04T23:41:53","modified_gmt":"2017-09-04T23:41:53","slug":"dos-cursos-dictados-en-la-capilla-de-barrio-insausti","status":"publish","type":"post","link":"https:\/\/www.rivera.gub.uy\/social\/dos-cursos-dictados-en-la-capilla-de-barrio-insausti\/","title":{"rendered":"Dos Cursos dictados en la Capilla de barrio Insausti"},"content":{"rendered":"<p>Contin\u00faan las capacitaciones brindadas a trav\u00e9s de la Unidad de Promoci\u00f3n Centros Barriales<!--more--><\/p>\n<p>En la tarde de hoy el Sr. Intendente visit\u00f3 la Capilla de barrio Insausti. All\u00ed se dicta, actualmente, dos Cursos :<\/p>\n<p><em><strong>1.Curso Completo de Peluquer\u00eda<\/strong><\/em>. Responsable Lilian Da Silva<\/p>\n<p><em><strong>2.<\/strong><strong>Curso de Artesan\u00edas con \u00a0flores en gom<\/strong><strong>a<\/strong><\/em>. Responsable Martha Rodr\u00edguez<\/p>\n<p>Esta posibilidad formativa alcanza a 40 mujeres del barrio, las cuales participan activamente.<\/p>\n","protected":false},"excerpt":{"rendered":"<p>Contin\u00faan las capacitaciones brindadas a trav\u00e9s de la Unidad de Promoci\u00f3n Centros Barriales<\/p>\n","protected":false},"author":7,"featured_media":1064,"comment_status":"open","ping_status":"open","sticky":false,"template":"","format":"standard","meta":{"footnotes":""},"categories":[6,1],"tags":[85,39],"_links":{"self":[{"href":"https:\/\/www.rivera.gub.uy\/social\/wp-json\/wp\/v2\/posts\/1063"}],"collection":[{"href":"https:\/\/www.rivera.gub.uy\/social\/wp-json\/wp\/v2\/posts"}],"about":[{"href":"https:\/\/www.rivera.gub.uy\/social\/wp-json\/wp\/v2\/types\/post"}],"author":[{"embeddable":true,"href":"https:\/\/www.rivera.gub.uy\/social\/wp-json\/wp\/v2\/users\/7"}],"replies":[{"embeddable":true,"href":"https:\/\/www.rivera.gub.uy\/social\/wp-json\/wp\/v2\/comments?post=1063"}],"version-history":[{"count":4,"href":"https:\/\/www.rivera.gub.uy\/social\/wp-json\/wp\/v2\/posts\/1063\/revisions"}],"predecessor-version":[{"id":1069,"href":"https:\/\/www.rivera.gub.uy\/social\/wp-json\/wp\/v2\/posts\/1063\/revisions\/1069"}],"wp:featuredmedia":[{"embeddable":true,"href":"https:\/\/www.rivera.gub.uy\/social\/wp-json\/wp\/v2\/media\/1064"}],"wp:attachment":[{"href":"https:\/\/www.rivera.gub.uy\/social\/wp-json\/wp\/v2\/media?parent=1063"}],"wp:term":[{"taxonomy":"category","embeddable":true,"href":"https:\/\/www.rivera.gub.uy\/social\/wp-json\/wp\/v2\/categories?post=1063"},{"taxonomy":"post_tag","embeddable":true,"href":"https:\/\/www.rivera.gub.uy\/social\/wp-json\/wp\/v2\/tags?post=1063"}],"curies":[{"name":"wp","href":"https:\/\/api.w.org\/{rel}","templated":true}]}}