{"id":1070,"date":"2017-09-04T23:38:58","date_gmt":"2017-09-04T23:38:58","guid":{"rendered":"http:\/\/rivera.gub.uy\/social\/?p=1070"},"modified":"2017-09-04T23:38:58","modified_gmt":"2017-09-04T23:38:58","slug":"impresionante-asistencia-al-curso-de-peluqueria-en-barrio-bisio","status":"publish","type":"post","link":"https:\/\/www.rivera.gub.uy\/social\/impresionante-asistencia-al-curso-de-peluqueria-en-barrio-bisio\/","title":{"rendered":"Impresionante asistencia al Curso de Peluquer\u00eda en barrio Bisio"},"content":{"rendered":"<p>Actualmente se capacitan 72 personas<!--more--><\/p>\n<p>IDR y CERPROS trabajan conjuntamente en el marco del Programa Social Centros Barriales.<\/p>\n<p>En ese predio tambi\u00e9n funciona la Policl\u00ednica Comunitaria del barrio.<\/p>\n<p>La Prof. Lilian Da Silva dicta el <em><strong>Curso Completo de Peluquer\u00eda<\/strong><\/em> a 3 varones y 69 mujeres, distribuidos en 3 turnos.<\/p>\n<p>El curso comenz\u00f3 el pasado 12 de julio, de duraci\u00f3n de 1 a\u00f1o. Contiene adem\u00e1s Talleres en Capacitaci\u00f3n e Inserci\u00f3n laboral.<\/p>\n<p>Es un Curso profesionalizante e intensivo. Los vecinos \u00a0participan con alegr\u00eda de tan anhelado espacio de formaci\u00f3n y generador de oportunidades.<\/p>\n<p>&nbsp;<\/p>\n<p>&nbsp;<\/p>\n","protected":false},"excerpt":{"rendered":"<p>Actualmente se capacitan 72 personas<\/p>\n","protected":false},"author":7,"featured_media":1072,"comment_status":"open","ping_status":"open","sticky":false,"template":"","format":"standard","meta":{"footnotes":""},"categories":[6,1],"tags":[84,20,45],"_links":{"self":[{"href":"https:\/\/www.rivera.gub.uy\/social\/wp-json\/wp\/v2\/posts\/1070"}],"collection":[{"href":"https:\/\/www.rivera.gub.uy\/social\/wp-json\/wp\/v2\/posts"}],"about":[{"href":"https:\/\/www.rivera.gub.uy\/social\/wp-json\/wp\/v2\/types\/post"}],"author":[{"embeddable":true,"href":"https:\/\/www.rivera.gub.uy\/social\/wp-json\/wp\/v2\/users\/7"}],"replies":[{"embeddable":true,"href":"https:\/\/www.rivera.gub.uy\/social\/wp-json\/wp\/v2\/comments?post=1070"}],"version-history":[{"count":2,"href":"https:\/\/www.rivera.gub.uy\/social\/wp-json\/wp\/v2\/posts\/1070\/revisions"}],"predecessor-version":[{"id":1073,"href":"https:\/\/www.rivera.gub.uy\/social\/wp-json\/wp\/v2\/posts\/1070\/revisions\/1073"}],"wp:featuredmedia":[{"embeddable":true,"href":"https:\/\/www.rivera.gub.uy\/social\/wp-json\/wp\/v2\/media\/1072"}],"wp:attachment":[{"href":"https:\/\/www.rivera.gub.uy\/social\/wp-json\/wp\/v2\/media?parent=1070"}],"wp:term":[{"taxonomy":"category","embeddable":true,"href":"https:\/\/www.rivera.gub.uy\/social\/wp-json\/wp\/v2\/categories?post=1070"},{"taxonomy":"post_tag","embeddable":true,"href":"https:\/\/www.rivera.gub.uy\/social\/wp-json\/wp\/v2\/tags?post=1070"}],"curies":[{"name":"wp","href":"https:\/\/api.w.org\/{rel}","templated":true}]}}