{"id":1084,"date":"2017-09-06T13:27:30","date_gmt":"2017-09-06T13:27:30","guid":{"rendered":"http:\/\/rivera.gub.uy\/social\/?p=1084"},"modified":"2017-09-13T17:48:45","modified_gmt":"2017-09-13T17:48:45","slug":"la-federacion-uruguaya-de-patin-y-hockey-desembarca-en-rivera","status":"publish","type":"post","link":"https:\/\/www.rivera.gub.uy\/social\/la-federacion-uruguaya-de-patin-y-hockey-desembarca-en-rivera\/","title":{"rendered":"La Federaci\u00f3n Uruguaya de Pat\u00edn y Hockey desembarca en Rivera"},"content":{"rendered":"<p>En la ma\u00f1ana de hoy recibimos la visita de Luis Rodr\u00edguez, Presidente de la Federaci\u00f3n Uruguaya de Pat\u00edn y Hockey, para comenzar a trabajar proyectos en conjunto con la Intendencia, a trav\u00e9s de Divisi\u00f3n Deportes, y as\u00ed dar iniciaci\u00f3n a la pr\u00e1ctica de ese deporte en Rivera.<!--more--><\/p>\n<p>En \u00e9ste primer contacto Rodr\u00edguez y el Director de Deportes, Prof. Horacio Hern\u00e1ndez, visitaron distintos escenarios deportivos.<br \/>\nDentro de unos d\u00edas se comenzar\u00e1n a definir las l\u00edneas del proyecto que busca una mayor inserci\u00f3n femenina a la pr\u00e1ctica de actividad f\u00edsica.<br \/>\nSeguimos trabajando para brindarle a los riverenses la posibilidad de acceder , cada vez m\u00e1s, a las diversas modalidades deportivas. Afirmando a\u00fan m\u00e1s a nuestro departamento como la mayor referencia en gesti\u00f3n deportiva p\u00fablica del interior del pa\u00eds.<\/p>\n<p>&nbsp;<\/p>\n<div id='gallery-1' class='gallery galleryid-1084 gallery-columns-4 gallery-size-thumbnail'><figure class='gallery-item'>\n\t\t\t<div class='gallery-icon landscape'>\n\t\t\t\t<a href='https:\/\/www.rivera.gub.uy\/social\/wp-content\/uploads\/2017\/09\/ARI3779.jpg'><img loading=\"lazy\" decoding=\"async\" width=\"150\" height=\"150\" src=\"https:\/\/www.rivera.gub.uy\/social\/wp-content\/uploads\/2017\/09\/ARI3779-150x150.jpg\" class=\"attachment-thumbnail size-thumbnail\" alt=\"\" \/><\/a>\n\t\t\t<\/div><\/figure><figure class='gallery-item'>\n\t\t\t<div class='gallery-icon landscape'>\n\t\t\t\t<a href='https:\/\/www.rivera.gub.uy\/social\/wp-content\/uploads\/2017\/09\/21314444_1582685098470839_6716373691452326137_n.jpg'><img loading=\"lazy\" decoding=\"async\" width=\"150\" height=\"150\" src=\"https:\/\/www.rivera.gub.uy\/social\/wp-content\/uploads\/2017\/09\/21314444_1582685098470839_6716373691452326137_n-150x150.jpg\" class=\"attachment-thumbnail size-thumbnail\" alt=\"\" \/><\/a>\n\t\t\t<\/div><\/figure><figure class='gallery-item'>\n\t\t\t<div class='gallery-icon landscape'>\n\t\t\t\t<a href='https:\/\/www.rivera.gub.uy\/social\/wp-content\/uploads\/2017\/09\/division-deportes-horizontal.png'><img loading=\"lazy\" decoding=\"async\" width=\"150\" height=\"150\" src=\"https:\/\/www.rivera.gub.uy\/social\/wp-content\/uploads\/2017\/09\/division-deportes-horizontal-150x150.png\" class=\"attachment-thumbnail size-thumbnail\" alt=\"\" \/><\/a>\n\t\t\t<\/div><\/figure><figure class='gallery-item'>\n\t\t\t<div class='gallery-icon landscape'>\n\t\t\t\t<a href='https:\/\/www.rivera.gub.uy\/social\/wp-content\/uploads\/2017\/09\/LOGO-FEDERACION.jpg'><img loading=\"lazy\" decoding=\"async\" width=\"150\" height=\"150\" src=\"https:\/\/www.rivera.gub.uy\/social\/wp-content\/uploads\/2017\/09\/LOGO-FEDERACION-150x150.jpg\" class=\"attachment-thumbnail size-thumbnail\" alt=\"\" \/><\/a>\n\t\t\t<\/div><\/figure>\n\t\t<\/div>\n\n<p>&nbsp;<\/p>\n","protected":false},"excerpt":{"rendered":"<p>En la ma\u00f1ana de hoy recibimos la visita de Luis Rodr\u00edguez, Presidente de la Federaci\u00f3n Uruguaya de Pat\u00edn y Hockey, para comenzar a trabajar proyectos en conjunto con la Intendencia, a trav\u00e9s de Divisi\u00f3n Deportes, y as\u00ed dar iniciaci\u00f3n a la pr\u00e1ctica de ese deporte en Rivera.<\/p>\n","protected":false},"author":4,"featured_media":1094,"comment_status":"open","ping_status":"open","sticky":false,"template":"","format":"standard","meta":{"footnotes":""},"categories":[5,1],"tags":[62,94,38,93,17],"_links":{"self":[{"href":"https:\/\/www.rivera.gub.uy\/social\/wp-json\/wp\/v2\/posts\/1084"}],"collection":[{"href":"https:\/\/www.rivera.gub.uy\/social\/wp-json\/wp\/v2\/posts"}],"about":[{"href":"https:\/\/www.rivera.gub.uy\/social\/wp-json\/wp\/v2\/types\/post"}],"author":[{"embeddable":true,"href":"https:\/\/www.rivera.gub.uy\/social\/wp-json\/wp\/v2\/users\/4"}],"replies":[{"embeddable":true,"href":"https:\/\/www.rivera.gub.uy\/social\/wp-json\/wp\/v2\/comments?post=1084"}],"version-history":[{"count":4,"href":"https:\/\/www.rivera.gub.uy\/social\/wp-json\/wp\/v2\/posts\/1084\/revisions"}],"predecessor-version":[{"id":1228,"href":"https:\/\/www.rivera.gub.uy\/social\/wp-json\/wp\/v2\/posts\/1084\/revisions\/1228"}],"wp:featuredmedia":[{"embeddable":true,"href":"https:\/\/www.rivera.gub.uy\/social\/wp-json\/wp\/v2\/media\/1094"}],"wp:attachment":[{"href":"https:\/\/www.rivera.gub.uy\/social\/wp-json\/wp\/v2\/media?parent=1084"}],"wp:term":[{"taxonomy":"category","embeddable":true,"href":"https:\/\/www.rivera.gub.uy\/social\/wp-json\/wp\/v2\/categories?post=1084"},{"taxonomy":"post_tag","embeddable":true,"href":"https:\/\/www.rivera.gub.uy\/social\/wp-json\/wp\/v2\/tags?post=1084"}],"curies":[{"name":"wp","href":"https:\/\/api.w.org\/{rel}","templated":true}]}}