{"id":1181,"date":"2017-09-13T13:36:14","date_gmt":"2017-09-13T13:36:14","guid":{"rendered":"http:\/\/rivera.gub.uy\/social\/?p=1181"},"modified":"2017-09-13T17:28:31","modified_gmt":"2017-09-13T17:28:31","slug":"curso-lesiones-deportivas","status":"publish","type":"post","link":"https:\/\/www.rivera.gub.uy\/social\/curso-lesiones-deportivas\/","title":{"rendered":"Curso sobre Lesiones Deportivas"},"content":{"rendered":"<p>El pasado s\u00e1bado 9 de setiembre, se realiz\u00f3 el curso sobre Lesiones Deportivas en instalaciones del Club Deportivo Tel\u00e9grafo,\u00a0dictado por el Doctor Eldo Fernando Corbo y el Kinesi\u00f3logo Hector Martin Coiti\u00f1o.<\/p>\n<p>El mismo fue organizado por la Asociaci\u00f3n de Deportes de Combate y Artes Marciales\u00a0y cont\u00f3 con el apoyo de Divisi\u00f3n Deportes de la Intendencia Departamental de Rivera. \u00a0<!--more--><\/p>\n<p>El evento super\u00f3 las expectativas de asistencia y de un p\u00fablico heterog\u00e9neo\u00a0del \u00e1mbito del deporte regional, no solo de ciudades de\u00a0Uruguay como Tacuaremb\u00f3, Paysand\u00fa y Bella Uni\u00f3n, como tambi\u00e9n\u00a0del sur del Brasil, que mostr\u00f3 un gran inter\u00e9s\u00a0en el tema. Lo que demuestra que existen\u00a0muchas dudas sobre Lesiones Deportivas.<\/p>\n<p>Maestros, profesores, instructores, t\u00e9cnicos, practicantes y estudiantes de los m\u00e1s variados \u00e1mbitos\u00a0deportivos se hicieron presentes, y al parecer, seg\u00fan\u00a0las expresiones\u00a0luego de culminar el evento, quedaron muy satisfechos con los conocimientos adquiridos.<\/p>\n<div id='gallery-1' class='gallery galleryid-1181 gallery-columns-5 gallery-size-thumbnail'><figure class='gallery-item'>\n\t\t\t<div class='gallery-icon landscape'>\n\t\t\t\t<a href='https:\/\/www.rivera.gub.uy\/social\/wp-content\/uploads\/2017\/09\/DSC_2899-Copiar.jpg'><img loading=\"lazy\" decoding=\"async\" width=\"150\" height=\"150\" src=\"https:\/\/www.rivera.gub.uy\/social\/wp-content\/uploads\/2017\/09\/DSC_2899-Copiar-150x150.jpg\" class=\"attachment-thumbnail size-thumbnail\" alt=\"\" \/><\/a>\n\t\t\t<\/div><\/figure><figure class='gallery-item'>\n\t\t\t<div class='gallery-icon landscape'>\n\t\t\t\t<a href='https:\/\/www.rivera.gub.uy\/social\/wp-content\/uploads\/2017\/09\/DSC_2892-Copiar.jpg'><img loading=\"lazy\" decoding=\"async\" width=\"150\" height=\"150\" src=\"https:\/\/www.rivera.gub.uy\/social\/wp-content\/uploads\/2017\/09\/DSC_2892-Copiar-150x150.jpg\" class=\"attachment-thumbnail size-thumbnail\" alt=\"\" \/><\/a>\n\t\t\t<\/div><\/figure><figure class='gallery-item'>\n\t\t\t<div class='gallery-icon portrait'>\n\t\t\t\t<a href='https:\/\/www.rivera.gub.uy\/social\/wp-content\/uploads\/2017\/09\/DSC_2890-Copiar.jpg'><img loading=\"lazy\" decoding=\"async\" width=\"150\" height=\"150\" src=\"https:\/\/www.rivera.gub.uy\/social\/wp-content\/uploads\/2017\/09\/DSC_2890-Copiar-150x150.jpg\" class=\"attachment-thumbnail size-thumbnail\" alt=\"\" \/><\/a>\n\t\t\t<\/div><\/figure><figure class='gallery-item'>\n\t\t\t<div class='gallery-icon landscape'>\n\t\t\t\t<a href='https:\/\/www.rivera.gub.uy\/social\/wp-content\/uploads\/2017\/09\/DSC_2889-Copiar.jpg'><img loading=\"lazy\" decoding=\"async\" width=\"150\" height=\"150\" src=\"https:\/\/www.rivera.gub.uy\/social\/wp-content\/uploads\/2017\/09\/DSC_2889-Copiar-150x150.jpg\" class=\"attachment-thumbnail size-thumbnail\" alt=\"\" \/><\/a>\n\t\t\t<\/div><\/figure><figure class='gallery-item'>\n\t\t\t<div class='gallery-icon landscape'>\n\t\t\t\t<a href='https:\/\/www.rivera.gub.uy\/social\/wp-content\/uploads\/2017\/09\/DSC_2887-Copiar.jpg'><img loading=\"lazy\" decoding=\"async\" width=\"150\" height=\"150\" src=\"https:\/\/www.rivera.gub.uy\/social\/wp-content\/uploads\/2017\/09\/DSC_2887-Copiar-150x150.jpg\" class=\"attachment-thumbnail size-thumbnail\" alt=\"\" \/><\/a>\n\t\t\t<\/div><\/figure><figure class='gallery-item'>\n\t\t\t<div class='gallery-icon landscape'>\n\t\t\t\t<a href='https:\/\/www.rivera.gub.uy\/social\/wp-content\/uploads\/2017\/09\/DSC_2883-Copiar.jpg'><img loading=\"lazy\" decoding=\"async\" width=\"150\" height=\"150\" src=\"https:\/\/www.rivera.gub.uy\/social\/wp-content\/uploads\/2017\/09\/DSC_2883-Copiar-150x150.jpg\" class=\"attachment-thumbnail size-thumbnail\" alt=\"\" \/><\/a>\n\t\t\t<\/div><\/figure><figure class='gallery-item'>\n\t\t\t<div class='gallery-icon landscape'>\n\t\t\t\t<a href='https:\/\/www.rivera.gub.uy\/social\/wp-content\/uploads\/2017\/09\/DSC_2869-Copiar.jpg'><img loading=\"lazy\" decoding=\"async\" width=\"150\" height=\"150\" src=\"https:\/\/www.rivera.gub.uy\/social\/wp-content\/uploads\/2017\/09\/DSC_2869-Copiar-150x150.jpg\" class=\"attachment-thumbnail size-thumbnail\" alt=\"\" \/><\/a>\n\t\t\t<\/div><\/figure><figure class='gallery-item'>\n\t\t\t<div class='gallery-icon landscape'>\n\t\t\t\t<a href='https:\/\/www.rivera.gub.uy\/social\/wp-content\/uploads\/2017\/09\/DSC_2894-Copiar.jpg'><img loading=\"lazy\" decoding=\"async\" width=\"150\" height=\"150\" src=\"https:\/\/www.rivera.gub.uy\/social\/wp-content\/uploads\/2017\/09\/DSC_2894-Copiar-150x150.jpg\" class=\"attachment-thumbnail size-thumbnail\" alt=\"\" \/><\/a>\n\t\t\t<\/div><\/figure><figure class='gallery-item'>\n\t\t\t<div class='gallery-icon landscape'>\n\t\t\t\t<a href='https:\/\/www.rivera.gub.uy\/social\/wp-content\/uploads\/2017\/09\/DSC_2862-Copiar.jpg'><img loading=\"lazy\" decoding=\"async\" width=\"150\" height=\"150\" src=\"https:\/\/www.rivera.gub.uy\/social\/wp-content\/uploads\/2017\/09\/DSC_2862-Copiar-150x150.jpg\" class=\"attachment-thumbnail size-thumbnail\" alt=\"\" \/><\/a>\n\t\t\t<\/div><\/figure>\n\t\t<\/div>\n\n<div id=\"m_-4597375091400145350Signature\"><\/div>\n","protected":false},"excerpt":{"rendered":"<p>El pasado s\u00e1bado 9 de setiembre, se realiz\u00f3 el curso sobre Lesiones Deportivas en instalaciones del Club Deportivo Tel\u00e9grafo,\u00a0dictado por el Doctor Eldo Fernando Corbo y el Kinesi\u00f3logo Hector Martin Coiti\u00f1o. El mismo fue organizado por la Asociaci\u00f3n de Deportes de Combate y Artes Marciales\u00a0y cont\u00f3 con el apoyo de Divisi\u00f3n Deportes de la Intendencia [&hellip;]<\/p>\n","protected":false},"author":4,"featured_media":1183,"comment_status":"open","ping_status":"open","sticky":false,"template":"","format":"standard","meta":{"footnotes":""},"categories":[5,1],"tags":[91,62,92,38,13,17],"_links":{"self":[{"href":"https:\/\/www.rivera.gub.uy\/social\/wp-json\/wp\/v2\/posts\/1181"}],"collection":[{"href":"https:\/\/www.rivera.gub.uy\/social\/wp-json\/wp\/v2\/posts"}],"about":[{"href":"https:\/\/www.rivera.gub.uy\/social\/wp-json\/wp\/v2\/types\/post"}],"author":[{"embeddable":true,"href":"https:\/\/www.rivera.gub.uy\/social\/wp-json\/wp\/v2\/users\/4"}],"replies":[{"embeddable":true,"href":"https:\/\/www.rivera.gub.uy\/social\/wp-json\/wp\/v2\/comments?post=1181"}],"version-history":[{"count":7,"href":"https:\/\/www.rivera.gub.uy\/social\/wp-json\/wp\/v2\/posts\/1181\/revisions"}],"predecessor-version":[{"id":1223,"href":"https:\/\/www.rivera.gub.uy\/social\/wp-json\/wp\/v2\/posts\/1181\/revisions\/1223"}],"wp:featuredmedia":[{"embeddable":true,"href":"https:\/\/www.rivera.gub.uy\/social\/wp-json\/wp\/v2\/media\/1183"}],"wp:attachment":[{"href":"https:\/\/www.rivera.gub.uy\/social\/wp-json\/wp\/v2\/media?parent=1181"}],"wp:term":[{"taxonomy":"category","embeddable":true,"href":"https:\/\/www.rivera.gub.uy\/social\/wp-json\/wp\/v2\/categories?post=1181"},{"taxonomy":"post_tag","embeddable":true,"href":"https:\/\/www.rivera.gub.uy\/social\/wp-json\/wp\/v2\/tags?post=1181"}],"curies":[{"name":"wp","href":"https:\/\/api.w.org\/{rel}","templated":true}]}}