{"id":1234,"date":"2017-09-14T13:19:26","date_gmt":"2017-09-14T13:19:26","guid":{"rendered":"http:\/\/rivera.gub.uy\/social\/?p=1234"},"modified":"2017-09-15T12:59:51","modified_gmt":"2017-09-15T12:59:51","slug":"inscripciones-abiertas-para-la-8a-etapa-del-circuito-riverense-macro-mercado-de-tenis-de-mesa","status":"publish","type":"post","link":"https:\/\/www.rivera.gub.uy\/social\/inscripciones-abiertas-para-la-8a-etapa-del-circuito-riverense-macro-mercado-de-tenis-de-mesa\/","title":{"rendered":"Inscripciones abiertas para la 8\u00b0 Etapa del Circuito Riverense Macro Mercado de Tenis de Mesa"},"content":{"rendered":"<div class=\"\">\n<div class=\"_1mf _1mj\">S\u00e1bado 16 de setiembre.<\/div>\n<\/div>\n<div class=\"\">\n<div class=\"_1mf _1mj\">Centro Barrial Misiones (Yamand\u00fa entre Abuyaba y Sapic\u00e1n).<\/div>\n<div class=\"_1mf _1mj\">Inscribite YA!<\/div>\n<\/div>\n<p><!--more--><\/p>\n<div class=\"\">\u00a0Categor\u00edas y horarios:<\/div>\n<div class=\"\">\n<div class=\"_1mf _1mj\">&#8211; Masculino &#8211; 09.00 a 14:00 horas: 13 a 15 a\u00f1os (Inscripci\u00f3n GRATUITA)<\/div>\n<\/div>\n<div class=\"\">\n<div class=\"_1mf _1mj\">&#8211; Masculino &#8211; 09.00 a 14:00 horas: 16 a 18 a\u00f1os (Inscripci\u00f3n GRATUITA)<\/div>\n<\/div>\n<div class=\"\">\n<div class=\"_1mf _1mj\">&#8211; Femenina &#8211; 09.00 a 14:00 horas: Sub. 18. (Inscripci\u00f3n GRATUITA)<\/div>\n<\/div>\n<div class=\"\">\n<div class=\"_1mf _1mj\">&#8211; Adultos mixto libre &#8211; 15:00 a 17:00 horas. (inscripci\u00f3n $ 100)<\/div>\n<\/div>\n<div class=\"\"><\/div>\n<div class=\"\">\n<div class=\"_1mf _1mj\">Por inscripciones o mayor informaci\u00f3n al celular 093 35 6684, en las oficinas de Divisi\u00f3n Deportes o por el tel\u00e9fono 462 3 6289 de 8:00 a 15:00 horas.<\/div>\n<\/div>\n<div class=\"\">\n<div class=\"_1mf _1mj\">Medallas y premios para los dos primeros lugares.<\/div>\n<\/div>\n<div class=\"\">\n<div class=\"_1mf _1mj\">Se prestar\u00e1 paleta al participante que no tenga.<\/div>\n<\/div>\n<div class=\"\">\n<div class=\"_1mf _1mj\">Los esperamos!.<\/div>\n<\/div>\n<div><\/div>\n<div>\n<div id='gallery-1' class='gallery galleryid-1234 gallery-columns-3 gallery-size-thumbnail'><figure class='gallery-item'>\n\t\t\t<div class='gallery-icon landscape'>\n\t\t\t\t<a href='https:\/\/www.rivera.gub.uy\/social\/wp-content\/uploads\/2017\/09\/1-1.jpg'><img loading=\"lazy\" decoding=\"async\" width=\"150\" height=\"150\" src=\"https:\/\/www.rivera.gub.uy\/social\/wp-content\/uploads\/2017\/09\/1-1-150x150.jpg\" class=\"attachment-thumbnail size-thumbnail\" alt=\"\" \/><\/a>\n\t\t\t<\/div><\/figure><figure class='gallery-item'>\n\t\t\t<div class='gallery-icon landscape'>\n\t\t\t\t<a href='https:\/\/www.rivera.gub.uy\/social\/wp-content\/uploads\/2017\/09\/2-1.jpg'><img loading=\"lazy\" decoding=\"async\" width=\"150\" height=\"150\" src=\"https:\/\/www.rivera.gub.uy\/social\/wp-content\/uploads\/2017\/09\/2-1-150x150.jpg\" class=\"attachment-thumbnail size-thumbnail\" alt=\"\" \/><\/a>\n\t\t\t<\/div><\/figure><figure class='gallery-item'>\n\t\t\t<div class='gallery-icon landscape'>\n\t\t\t\t<a href='https:\/\/www.rivera.gub.uy\/social\/wp-content\/uploads\/2017\/09\/3-1.jpg'><img loading=\"lazy\" decoding=\"async\" width=\"150\" height=\"150\" src=\"https:\/\/www.rivera.gub.uy\/social\/wp-content\/uploads\/2017\/09\/3-1-150x150.jpg\" class=\"attachment-thumbnail size-thumbnail\" alt=\"\" \/><\/a>\n\t\t\t<\/div><\/figure>\n\t\t<\/div>\n\n<\/div>\n","protected":false},"excerpt":{"rendered":"<p>S\u00e1bado 16 de setiembre. Centro Barrial Misiones (Yamand\u00fa entre Abuyaba y Sapic\u00e1n). Inscribite YA!<\/p>\n","protected":false},"author":4,"featured_media":1173,"comment_status":"open","ping_status":"open","sticky":false,"template":"","format":"standard","meta":{"footnotes":""},"categories":[6,5,1,7],"tags":[12,38,17,19],"_links":{"self":[{"href":"https:\/\/www.rivera.gub.uy\/social\/wp-json\/wp\/v2\/posts\/1234"}],"collection":[{"href":"https:\/\/www.rivera.gub.uy\/social\/wp-json\/wp\/v2\/posts"}],"about":[{"href":"https:\/\/www.rivera.gub.uy\/social\/wp-json\/wp\/v2\/types\/post"}],"author":[{"embeddable":true,"href":"https:\/\/www.rivera.gub.uy\/social\/wp-json\/wp\/v2\/users\/4"}],"replies":[{"embeddable":true,"href":"https:\/\/www.rivera.gub.uy\/social\/wp-json\/wp\/v2\/comments?post=1234"}],"version-history":[{"count":5,"href":"https:\/\/www.rivera.gub.uy\/social\/wp-json\/wp\/v2\/posts\/1234\/revisions"}],"predecessor-version":[{"id":1255,"href":"https:\/\/www.rivera.gub.uy\/social\/wp-json\/wp\/v2\/posts\/1234\/revisions\/1255"}],"wp:featuredmedia":[{"embeddable":true,"href":"https:\/\/www.rivera.gub.uy\/social\/wp-json\/wp\/v2\/media\/1173"}],"wp:attachment":[{"href":"https:\/\/www.rivera.gub.uy\/social\/wp-json\/wp\/v2\/media?parent=1234"}],"wp:term":[{"taxonomy":"category","embeddable":true,"href":"https:\/\/www.rivera.gub.uy\/social\/wp-json\/wp\/v2\/categories?post=1234"},{"taxonomy":"post_tag","embeddable":true,"href":"https:\/\/www.rivera.gub.uy\/social\/wp-json\/wp\/v2\/tags?post=1234"}],"curies":[{"name":"wp","href":"https:\/\/api.w.org\/{rel}","templated":true}]}}