{"id":1331,"date":"2017-09-19T15:42:25","date_gmt":"2017-09-19T15:42:25","guid":{"rendered":"http:\/\/rivera.gub.uy\/social\/?p=1331"},"modified":"2017-09-19T15:57:31","modified_gmt":"2017-09-19T15:57:31","slug":"1ra-exposicao-farroupilha-no-ifsul-campus-santana-do-livramento","status":"publish","type":"post","link":"https:\/\/www.rivera.gub.uy\/social\/1ra-exposicao-farroupilha-no-ifsul-campus-santana-do-livramento\/","title":{"rendered":"1ra Exposi\u00e7\u0101o Farroupilha no IFSUL C\u0101mpus Santana do Livramento"},"content":{"rendered":"<p>En el d\u00eda de ayer se realiz\u00f3 la apertura de la <strong>\u00ab1ra \u00a0Exposi\u00e7\u0101o Farroupilla\u00bb<\/strong>, en el \u00a0IFUSL C\u0101mpus de Santana do Livramento. Evento que cuenta con el apoyo del <strong>Museo Sin Fronteras, a trav\u00e9s del Lic. Antonio Boero, \u00a0<\/strong> y la \u00a0<strong>Intendencia Departamental de Rivera<\/strong>.<!--more--><\/p>\n<p>El p\u00fablico dispone de un mes para realizar visitas a la Exposici\u00f3n, all\u00ed en el IFSUL C\u0101mpus de Santana do Livramento, ubicado en calle Paul Harris N\u00b0 410.<\/p>\n<p>Se podr\u00e1 apreciar objetos del <strong>Periodo Farroupilha<\/strong>\u00a0(como sables y lanzas), del <strong>Brasil Imperial; <\/strong>entre otros que hacen referencia \u00a0a la <strong>historia Rio- Grandense.<\/strong><\/p>\n<p>&nbsp;<\/p>\n","protected":false},"excerpt":{"rendered":"<p>En el d\u00eda de ayer se realiz\u00f3 la apertura de la \u00ab1ra \u00a0Exposi\u00e7\u0101o Farroupilla\u00bb, en el \u00a0IFUSL C\u0101mpus de Santana do Livramento. Evento que cuenta con el apoyo del Museo Sin Fronteras, a trav\u00e9s del Lic. Antonio Boero, \u00a0 y la \u00a0Intendencia Departamental de Rivera.<\/p>\n","protected":false},"author":7,"featured_media":1333,"comment_status":"open","ping_status":"open","sticky":false,"template":"","format":"standard","meta":{"footnotes":""},"categories":[1],"tags":[99,98],"_links":{"self":[{"href":"https:\/\/www.rivera.gub.uy\/social\/wp-json\/wp\/v2\/posts\/1331"}],"collection":[{"href":"https:\/\/www.rivera.gub.uy\/social\/wp-json\/wp\/v2\/posts"}],"about":[{"href":"https:\/\/www.rivera.gub.uy\/social\/wp-json\/wp\/v2\/types\/post"}],"author":[{"embeddable":true,"href":"https:\/\/www.rivera.gub.uy\/social\/wp-json\/wp\/v2\/users\/7"}],"replies":[{"embeddable":true,"href":"https:\/\/www.rivera.gub.uy\/social\/wp-json\/wp\/v2\/comments?post=1331"}],"version-history":[{"count":5,"href":"https:\/\/www.rivera.gub.uy\/social\/wp-json\/wp\/v2\/posts\/1331\/revisions"}],"predecessor-version":[{"id":1337,"href":"https:\/\/www.rivera.gub.uy\/social\/wp-json\/wp\/v2\/posts\/1331\/revisions\/1337"}],"wp:featuredmedia":[{"embeddable":true,"href":"https:\/\/www.rivera.gub.uy\/social\/wp-json\/wp\/v2\/media\/1333"}],"wp:attachment":[{"href":"https:\/\/www.rivera.gub.uy\/social\/wp-json\/wp\/v2\/media?parent=1331"}],"wp:term":[{"taxonomy":"category","embeddable":true,"href":"https:\/\/www.rivera.gub.uy\/social\/wp-json\/wp\/v2\/categories?post=1331"},{"taxonomy":"post_tag","embeddable":true,"href":"https:\/\/www.rivera.gub.uy\/social\/wp-json\/wp\/v2\/tags?post=1331"}],"curies":[{"name":"wp","href":"https:\/\/api.w.org\/{rel}","templated":true}]}}