{"id":1382,"date":"2017-09-25T15:13:49","date_gmt":"2017-09-25T15:13:49","guid":{"rendered":"http:\/\/rivera.gub.uy\/social\/?p=1382"},"modified":"2017-09-26T15:55:25","modified_gmt":"2017-09-26T15:55:25","slug":"ninos-en-centro-barrial-recreo-presentan-caminitos-de-tierras-coloradas","status":"publish","type":"post","link":"https:\/\/www.rivera.gub.uy\/social\/ninos-en-centro-barrial-recreo-presentan-caminitos-de-tierras-coloradas\/","title":{"rendered":"Ni\u00f1os en Centro Barrial Recreo presentan \u00abCaminitos de tierras coloradas\u00bb"},"content":{"rendered":"<p>Centro Barrial \u00a0Recreo, en la tarde del domingo, present\u00f3 a la comunidad \u00abCaminitos de tierras coloradas\u00bb. <!--more--><\/p>\n<p>Consisti\u00f3 en una actividad para la familia, los ni\u00f1os que asisten al Curso de Guitarra en Recreo y la Estiba presentaron una canci\u00f3n conocida por todos los riverenses: <em>Caminitos de tierras coloradas. <\/em>Un total de 17 ni\u00f1os subi\u00f3 al palco y al son de sus guitarras, cantaron y emocionaron a todos los presentes. Estuvieron acompa\u00f1ados por sus profesores Fernando y Fabi\u00e1n Ribas.<\/p>\n<p>Este Curso se dicta en ambos Centros barriales, a trav\u00e9s de Divisi\u00f3n Cultura, enmarcado en el Programa Social centros Barriales de la Direcci\u00f3n General de Promoci\u00f3n y Acci\u00f3n Social.<\/p>\n<p>Tambi\u00e9n participaron de esta jornada musical Carmen Leticia \u00a0\u00abChita de Melo\u00bb, Siglo XXI junto a Marcio Protti, Orquesta Departamental. Un espect\u00e1culo maravilloso.<\/p>\n<p>Bailaron Tango\u00a0Bruna y Santiago.<\/p>\n<p>Hubo m\u00fasica, danza, mate, \u00a0torta frita y mucha alegr\u00eda.<\/p>\n<p>La organizaci\u00f3n estuvo a cargo de la referente \u00a0Elena Palacios.<\/p>\n<p>&nbsp;<\/p>\n<div id='gallery-1' class='gallery galleryid-1382 gallery-columns-6 gallery-size-thumbnail'><figure class='gallery-item'>\n\t\t\t<div class='gallery-icon landscape'>\n\t\t\t\t<a href='https:\/\/www.rivera.gub.uy\/social\/wp-content\/uploads\/2017\/09\/a.jpg'><img loading=\"lazy\" decoding=\"async\" width=\"150\" height=\"150\" src=\"https:\/\/www.rivera.gub.uy\/social\/wp-content\/uploads\/2017\/09\/a-150x150.jpg\" class=\"attachment-thumbnail size-thumbnail\" alt=\"\" aria-describedby=\"gallery-1-1413\" \/><\/a>\n\t\t\t<\/div>\n\t\t\t\t<figcaption class='wp-caption-text gallery-caption' id='gallery-1-1413'>\n\t\t\t\tFolclore\n\t\t\t\t<\/figcaption><\/figure><figure class='gallery-item'>\n\t\t\t<div class='gallery-icon landscape'>\n\t\t\t\t<a href='https:\/\/www.rivera.gub.uy\/social\/wp-content\/uploads\/2017\/09\/a1.jpg'><img loading=\"lazy\" decoding=\"async\" width=\"150\" height=\"150\" src=\"https:\/\/www.rivera.gub.uy\/social\/wp-content\/uploads\/2017\/09\/a1-150x150.jpg\" class=\"attachment-thumbnail size-thumbnail\" alt=\"\" aria-describedby=\"gallery-1-1414\" \/><\/a>\n\t\t\t<\/div>\n\t\t\t\t<figcaption class='wp-caption-text gallery-caption' id='gallery-1-1414'>\n\t\t\t\tSiglo XXI\n\t\t\t\t<\/figcaption><\/figure><figure class='gallery-item'>\n\t\t\t<div class='gallery-icon landscape'>\n\t\t\t\t<a href='https:\/\/www.rivera.gub.uy\/social\/wp-content\/uploads\/2017\/09\/a2.jpg'><img loading=\"lazy\" decoding=\"async\" width=\"150\" height=\"150\" src=\"https:\/\/www.rivera.gub.uy\/social\/wp-content\/uploads\/2017\/09\/a2-150x150.jpg\" class=\"attachment-thumbnail size-thumbnail\" alt=\"\" aria-describedby=\"gallery-1-1415\" \/><\/a>\n\t\t\t<\/div>\n\t\t\t\t<figcaption class='wp-caption-text gallery-caption' id='gallery-1-1415'>\n\t\t\t\tOrquesta Departamental\n\t\t\t\t<\/figcaption><\/figure><figure class='gallery-item'>\n\t\t\t<div class='gallery-icon landscape'>\n\t\t\t\t<a href='https:\/\/www.rivera.gub.uy\/social\/wp-content\/uploads\/2017\/09\/a5.jpg'><img loading=\"lazy\" decoding=\"async\" width=\"150\" height=\"150\" src=\"https:\/\/www.rivera.gub.uy\/social\/wp-content\/uploads\/2017\/09\/a5-150x150.jpg\" class=\"attachment-thumbnail size-thumbnail\" alt=\"\" aria-describedby=\"gallery-1-1416\" \/><\/a>\n\t\t\t<\/div>\n\t\t\t\t<figcaption class='wp-caption-text gallery-caption' id='gallery-1-1416'>\n\t\t\t\tCarmen Leticia \u00abChita\u00bb\n\t\t\t\t<\/figcaption><\/figure><figure class='gallery-item'>\n\t\t\t<div class='gallery-icon landscape'>\n\t\t\t\t<a href='https:\/\/www.rivera.gub.uy\/social\/wp-content\/uploads\/2017\/09\/a7.jpg'><img loading=\"lazy\" decoding=\"async\" width=\"150\" height=\"150\" src=\"https:\/\/www.rivera.gub.uy\/social\/wp-content\/uploads\/2017\/09\/a7-150x150.jpg\" class=\"attachment-thumbnail size-thumbnail\" alt=\"\" aria-describedby=\"gallery-1-1417\" \/><\/a>\n\t\t\t<\/div>\n\t\t\t\t<figcaption class='wp-caption-text gallery-caption' id='gallery-1-1417'>\n\t\t\t\tAlegr\u00eda\n\t\t\t\t<\/figcaption><\/figure><figure class='gallery-item'>\n\t\t\t<div class='gallery-icon landscape'>\n\t\t\t\t<a href='https:\/\/www.rivera.gub.uy\/social\/wp-content\/uploads\/2017\/09\/R11.jpg'><img loading=\"lazy\" decoding=\"async\" width=\"150\" height=\"150\" src=\"https:\/\/www.rivera.gub.uy\/social\/wp-content\/uploads\/2017\/09\/R11-150x150.jpg\" class=\"attachment-thumbnail size-thumbnail\" alt=\"\" aria-describedby=\"gallery-1-1418\" \/><\/a>\n\t\t\t<\/div>\n\t\t\t\t<figcaption class='wp-caption-text gallery-caption' id='gallery-1-1418'>\n\t\t\t\tDisfrutando de la fiesta\n\t\t\t\t<\/figcaption><\/figure>\n\t\t<\/div>\n\n","protected":false},"excerpt":{"rendered":"<p>Centro Barrial \u00a0Recreo, en la tarde del domingo, present\u00f3 a la comunidad \u00abCaminitos de tierras coloradas\u00bb.<\/p>\n","protected":false},"author":7,"featured_media":1405,"comment_status":"open","ping_status":"open","sticky":false,"template":"","format":"standard","meta":{"footnotes":""},"categories":[6,8,7],"tags":[101,53,52],"_links":{"self":[{"href":"https:\/\/www.rivera.gub.uy\/social\/wp-json\/wp\/v2\/posts\/1382"}],"collection":[{"href":"https:\/\/www.rivera.gub.uy\/social\/wp-json\/wp\/v2\/posts"}],"about":[{"href":"https:\/\/www.rivera.gub.uy\/social\/wp-json\/wp\/v2\/types\/post"}],"author":[{"embeddable":true,"href":"https:\/\/www.rivera.gub.uy\/social\/wp-json\/wp\/v2\/users\/7"}],"replies":[{"embeddable":true,"href":"https:\/\/www.rivera.gub.uy\/social\/wp-json\/wp\/v2\/comments?post=1382"}],"version-history":[{"count":14,"href":"https:\/\/www.rivera.gub.uy\/social\/wp-json\/wp\/v2\/posts\/1382\/revisions"}],"predecessor-version":[{"id":1482,"href":"https:\/\/www.rivera.gub.uy\/social\/wp-json\/wp\/v2\/posts\/1382\/revisions\/1482"}],"wp:featuredmedia":[{"embeddable":true,"href":"https:\/\/www.rivera.gub.uy\/social\/wp-json\/wp\/v2\/media\/1405"}],"wp:attachment":[{"href":"https:\/\/www.rivera.gub.uy\/social\/wp-json\/wp\/v2\/media?parent=1382"}],"wp:term":[{"taxonomy":"category","embeddable":true,"href":"https:\/\/www.rivera.gub.uy\/social\/wp-json\/wp\/v2\/categories?post=1382"},{"taxonomy":"post_tag","embeddable":true,"href":"https:\/\/www.rivera.gub.uy\/social\/wp-json\/wp\/v2\/tags?post=1382"}],"curies":[{"name":"wp","href":"https:\/\/api.w.org\/{rel}","templated":true}]}}