{"id":1488,"date":"2017-09-27T16:28:55","date_gmt":"2017-09-27T16:28:55","guid":{"rendered":"http:\/\/rivera.gub.uy\/social\/?p=1488"},"modified":"2017-09-27T17:49:38","modified_gmt":"2017-09-27T17:49:38","slug":"ayer-se-lanzo-oficialmente-el-programa-rivera-activa","status":"publish","type":"post","link":"https:\/\/www.rivera.gub.uy\/social\/ayer-se-lanzo-oficialmente-el-programa-rivera-activa\/","title":{"rendered":"Ayer se lanz\u00f3 oficialmente el Programa \u00abRivera Activa\u00bb."},"content":{"rendered":"<div class=\"\">En la ma\u00f1ana del d\u00eda martes 26 de setiembre se llev\u00f3 a cabo el Lanzamiento Oficial del Programa \u201cRivera Activa\u201d,\u00a0 en la pista de Atletismo del Estadio Municipal, Atilio Paiva Olivera.<\/div>\n<div class=\"\">\n<p>Rivera Activa, es un programa de actividad f\u00edsica sistem\u00e1tico y gratuito, donde hay a disposici\u00f3n un equipo de profesionales dedicados a mejorar la calidad de vida de todos lo que participen mediante un seguimiento personal de docentes de Educaci\u00f3n F\u00edsica, respaldados por t\u00e9cnicos de salud de COMERI.<!--more--><\/p>\n<p>En el lanzamiento estuvieron presentes,\u00a0 el director General Promoci\u00f3n y Acci\u00f3n Social el Cr. Giovani Conti, el Coordinador de la Direcci\u00f3n y Director de Divisi\u00f3n Deportes Prof.. Horacio Hern\u00e1ndez, la Dra. Laura Crosa ( Directora T\u00e9cnica de COMERI) integrantes de la Divisi\u00f3n Deportes, Docentes; Marcelo Castillo, Nelson Costa y Lorena Castillo y alumnos que ya hacen\u00a0 parte de este Programa que lleva 3 meses en ejecuci\u00f3n.<\/p>\n<p>El Prof. Horacio Hern\u00e1ndez, indic\u00f3: \u201cEste es un hermoso proyecto de actividad f\u00edsica que apunta a la salud de todos los riverenses. Un proyecto que busca a trav\u00e9s de sus profesionales, brindar una actividad sistem\u00e1tica en\u00a0 forma ordenada y guiada por los docentes y que pretende que las personas sean m\u00e1s activas,\u00a0 pero con una gu\u00eda\u00a0 profesional. La actividad cuenta con el respaldo de COMERI, que asesora en cuanto a la alimentaci\u00f3n y junto a la actividad f\u00edsica, para lograr una mejor calidad de vida\u201d.<\/p>\n<p>Se realiza en la pista de Atletismo del Estadio y las inscripciones se realizan en la Divisi\u00f3n Deportes en horario de oficina.<\/p>\n<p>Las actividades se realizan los d\u00edas: martes, jueves y viernes en horarios de la ma\u00f1ana, tarde y noche, es sin limite de edad y son de forma gratuita\u2026.\u201dpero lo que queremos es que las personas se comprometan con el Programa\u2026\u201d, destac\u00f3 Horacio Hern\u00e1ndez.<\/p>\n<p>Por su parte el Director General de Promoci\u00f3n y Acci\u00f3n Social, Giovani Conti, en representaci\u00f3n del intendente Departamental, Dr. Marne Osorio,\u00a0 agradeci\u00f3 a todos los presentes y apoy\u00f3 al Programa: \u201cEs muy importante lo que estamos lanzando hoy porque marca el camino de lo que venimos tratando de hacer\u00a0 y hace parte de un gran paraguas que tenemos bajo nuestra Direcci\u00f3n, que trabaja el deporte, la cultura, las capacitaciones y una serie de actividades que estamos realizando en los Centros Barriales y dem\u00e1s. En esta oportunidad trabajamos con un socio que es COMERI al cual le agradecemos porque es un socio inseparable de la Divisi\u00f3n Deportes\u2026..\u201d<\/p>\n<div id='gallery-1' class='gallery galleryid-1488 gallery-columns-6 gallery-size-thumbnail'><figure class='gallery-item'>\n\t\t\t<div class='gallery-icon portrait'>\n\t\t\t\t<a href='https:\/\/www.rivera.gub.uy\/social\/wp-content\/uploads\/2017\/09\/22050271_1643304449054599_8485673062038952901_n.jpg'><img loading=\"lazy\" decoding=\"async\" width=\"150\" height=\"150\" src=\"https:\/\/www.rivera.gub.uy\/social\/wp-content\/uploads\/2017\/09\/22050271_1643304449054599_8485673062038952901_n-150x150.jpg\" class=\"attachment-thumbnail size-thumbnail\" alt=\"\" \/><\/a>\n\t\t\t<\/div><\/figure><figure class='gallery-item'>\n\t\t\t<div class='gallery-icon landscape'>\n\t\t\t\t<a href='https:\/\/www.rivera.gub.uy\/social\/wp-content\/uploads\/2017\/09\/22046706_1643304605721250_9093221761358497099_n.jpg'><img loading=\"lazy\" decoding=\"async\" width=\"150\" height=\"150\" src=\"https:\/\/www.rivera.gub.uy\/social\/wp-content\/uploads\/2017\/09\/22046706_1643304605721250_9093221761358497099_n-150x150.jpg\" class=\"attachment-thumbnail size-thumbnail\" alt=\"\" \/><\/a>\n\t\t\t<\/div><\/figure><figure class='gallery-item'>\n\t\t\t<div class='gallery-icon landscape'>\n\t\t\t\t<a href='https:\/\/www.rivera.gub.uy\/social\/wp-content\/uploads\/2017\/09\/22045897_1643304519054592_8494803432834781228_n.jpg'><img loading=\"lazy\" decoding=\"async\" width=\"150\" height=\"150\" src=\"https:\/\/www.rivera.gub.uy\/social\/wp-content\/uploads\/2017\/09\/22045897_1643304519054592_8494803432834781228_n-150x150.jpg\" class=\"attachment-thumbnail size-thumbnail\" alt=\"\" \/><\/a>\n\t\t\t<\/div><\/figure><figure class='gallery-item'>\n\t\t\t<div class='gallery-icon landscape'>\n\t\t\t\t<a href='https:\/\/www.rivera.gub.uy\/social\/wp-content\/uploads\/2017\/09\/22045732_1643305219054522_462497103218859642_n.jpg'><img loading=\"lazy\" decoding=\"async\" width=\"150\" height=\"150\" src=\"https:\/\/www.rivera.gub.uy\/social\/wp-content\/uploads\/2017\/09\/22045732_1643305219054522_462497103218859642_n-150x150.jpg\" class=\"attachment-thumbnail size-thumbnail\" alt=\"\" \/><\/a>\n\t\t\t<\/div><\/figure><figure class='gallery-item'>\n\t\t\t<div class='gallery-icon landscape'>\n\t\t\t\t<a href='https:\/\/www.rivera.gub.uy\/social\/wp-content\/uploads\/2017\/09\/22045632_1643304302387947_8325538580469076738_n.jpg'><img loading=\"lazy\" decoding=\"async\" width=\"150\" height=\"150\" src=\"https:\/\/www.rivera.gub.uy\/social\/wp-content\/uploads\/2017\/09\/22045632_1643304302387947_8325538580469076738_n-150x150.jpg\" class=\"attachment-thumbnail size-thumbnail\" alt=\"\" \/><\/a>\n\t\t\t<\/div><\/figure><figure class='gallery-item'>\n\t\t\t<div class='gallery-icon landscape'>\n\t\t\t\t<a href='https:\/\/www.rivera.gub.uy\/social\/wp-content\/uploads\/2017\/09\/22008100_1643304232387954_3257954027814641841_n.jpg'><img loading=\"lazy\" decoding=\"async\" width=\"150\" height=\"150\" src=\"https:\/\/www.rivera.gub.uy\/social\/wp-content\/uploads\/2017\/09\/22008100_1643304232387954_3257954027814641841_n-150x150.jpg\" class=\"attachment-thumbnail size-thumbnail\" alt=\"\" \/><\/a>\n\t\t\t<\/div><\/figure><figure class='gallery-item'>\n\t\t\t<div class='gallery-icon landscape'>\n\t\t\t\t<a href='https:\/\/www.rivera.gub.uy\/social\/wp-content\/uploads\/2017\/09\/22007715_1643304099054634_7689790424159927543_n.jpg'><img loading=\"lazy\" decoding=\"async\" width=\"150\" height=\"150\" src=\"https:\/\/www.rivera.gub.uy\/social\/wp-content\/uploads\/2017\/09\/22007715_1643304099054634_7689790424159927543_n-150x150.jpg\" class=\"attachment-thumbnail size-thumbnail\" alt=\"\" \/><\/a>\n\t\t\t<\/div><\/figure><figure class='gallery-item'>\n\t\t\t<div class='gallery-icon landscape'>\n\t\t\t\t<a href='https:\/\/www.rivera.gub.uy\/social\/wp-content\/uploads\/2017\/09\/22007602_1643304812387896_8334494108445511896_n.jpg'><img loading=\"lazy\" decoding=\"async\" width=\"150\" height=\"150\" src=\"https:\/\/www.rivera.gub.uy\/social\/wp-content\/uploads\/2017\/09\/22007602_1643304812387896_8334494108445511896_n-150x150.jpg\" class=\"attachment-thumbnail size-thumbnail\" alt=\"\" \/><\/a>\n\t\t\t<\/div><\/figure><figure class='gallery-item'>\n\t\t\t<div class='gallery-icon landscape'>\n\t\t\t\t<a href='https:\/\/www.rivera.gub.uy\/social\/wp-content\/uploads\/2017\/09\/22007525_1643305452387832_5463392773304107540_n.jpg'><img loading=\"lazy\" decoding=\"async\" width=\"150\" height=\"150\" src=\"https:\/\/www.rivera.gub.uy\/social\/wp-content\/uploads\/2017\/09\/22007525_1643305452387832_5463392773304107540_n-150x150.jpg\" class=\"attachment-thumbnail size-thumbnail\" alt=\"\" \/><\/a>\n\t\t\t<\/div><\/figure><figure class='gallery-item'>\n\t\t\t<div class='gallery-icon landscape'>\n\t\t\t\t<a href='https:\/\/www.rivera.gub.uy\/social\/wp-content\/uploads\/2017\/09\/21768236_1643305329054511_8468465442478544425_n.jpg'><img loading=\"lazy\" decoding=\"async\" width=\"150\" height=\"150\" src=\"https:\/\/www.rivera.gub.uy\/social\/wp-content\/uploads\/2017\/09\/21768236_1643305329054511_8468465442478544425_n-150x150.jpg\" class=\"attachment-thumbnail size-thumbnail\" alt=\"\" \/><\/a>\n\t\t\t<\/div><\/figure><figure class='gallery-item'>\n\t\t\t<div class='gallery-icon landscape'>\n\t\t\t\t<a href='https:\/\/www.rivera.gub.uy\/social\/wp-content\/uploads\/2017\/09\/21768226_1643304352387942_978281098907271955_n.jpg'><img loading=\"lazy\" decoding=\"async\" width=\"150\" height=\"150\" src=\"https:\/\/www.rivera.gub.uy\/social\/wp-content\/uploads\/2017\/09\/21768226_1643304352387942_978281098907271955_n-150x150.jpg\" class=\"attachment-thumbnail size-thumbnail\" alt=\"\" \/><\/a>\n\t\t\t<\/div><\/figure><figure class='gallery-item'>\n\t\t\t<div class='gallery-icon portrait'>\n\t\t\t\t<a href='https:\/\/www.rivera.gub.uy\/social\/wp-content\/uploads\/2017\/09\/21768218_1643304409054603_5276980626720194945_n.jpg'><img loading=\"lazy\" decoding=\"async\" width=\"150\" height=\"150\" src=\"https:\/\/www.rivera.gub.uy\/social\/wp-content\/uploads\/2017\/09\/21768218_1643304409054603_5276980626720194945_n-150x150.jpg\" class=\"attachment-thumbnail size-thumbnail\" alt=\"\" \/><\/a>\n\t\t\t<\/div><\/figure><figure class='gallery-item'>\n\t\t\t<div class='gallery-icon landscape'>\n\t\t\t\t<a href='https:\/\/www.rivera.gub.uy\/social\/wp-content\/uploads\/2017\/09\/21768138_1643304802387897_6980080373501372051_n.jpg'><img loading=\"lazy\" decoding=\"async\" width=\"150\" height=\"150\" src=\"https:\/\/www.rivera.gub.uy\/social\/wp-content\/uploads\/2017\/09\/21768138_1643304802387897_6980080373501372051_n-150x150.jpg\" class=\"attachment-thumbnail size-thumbnail\" alt=\"\" \/><\/a>\n\t\t\t<\/div><\/figure><figure class='gallery-item'>\n\t\t\t<div class='gallery-icon landscape'>\n\t\t\t\t<a href='https:\/\/www.rivera.gub.uy\/social\/wp-content\/uploads\/2017\/09\/21768059_1643304025721308_8753049120725562446_n.jpg'><img loading=\"lazy\" decoding=\"async\" width=\"150\" height=\"150\" src=\"https:\/\/www.rivera.gub.uy\/social\/wp-content\/uploads\/2017\/09\/21768059_1643304025721308_8753049120725562446_n-150x150.jpg\" class=\"attachment-thumbnail size-thumbnail\" alt=\"\" \/><\/a>\n\t\t\t<\/div><\/figure><figure class='gallery-item'>\n\t\t\t<div class='gallery-icon landscape'>\n\t\t\t\t<a href='https:\/\/www.rivera.gub.uy\/social\/wp-content\/uploads\/2017\/09\/21767908_1643304115721299_6289715128185086558_n.jpg'><img loading=\"lazy\" decoding=\"async\" width=\"150\" height=\"150\" src=\"https:\/\/www.rivera.gub.uy\/social\/wp-content\/uploads\/2017\/09\/21767908_1643304115721299_6289715128185086558_n-150x150.jpg\" class=\"attachment-thumbnail size-thumbnail\" alt=\"\" \/><\/a>\n\t\t\t<\/div><\/figure><figure class='gallery-item'>\n\t\t\t<div class='gallery-icon landscape'>\n\t\t\t\t<a href='https:\/\/www.rivera.gub.uy\/social\/wp-content\/uploads\/2017\/09\/21766861_1643304169054627_1055463439114842614_n.jpg'><img loading=\"lazy\" decoding=\"async\" width=\"150\" height=\"150\" src=\"https:\/\/www.rivera.gub.uy\/social\/wp-content\/uploads\/2017\/09\/21766861_1643304169054627_1055463439114842614_n-150x150.jpg\" class=\"attachment-thumbnail size-thumbnail\" alt=\"\" \/><\/a>\n\t\t\t<\/div><\/figure><figure class='gallery-item'>\n\t\t\t<div class='gallery-icon landscape'>\n\t\t\t\t<a href='https:\/\/www.rivera.gub.uy\/social\/wp-content\/uploads\/2017\/09\/DSC_0294-Copiar.jpg'><img loading=\"lazy\" decoding=\"async\" width=\"150\" height=\"150\" src=\"https:\/\/www.rivera.gub.uy\/social\/wp-content\/uploads\/2017\/09\/DSC_0294-Copiar-150x150.jpg\" class=\"attachment-thumbnail size-thumbnail\" alt=\"\" \/><\/a>\n\t\t\t<\/div><\/figure><figure class='gallery-item'>\n\t\t\t<div class='gallery-icon landscape'>\n\t\t\t\t<a href='https:\/\/www.rivera.gub.uy\/social\/wp-content\/uploads\/2017\/09\/DSC_0555-Copiar.jpg'><img loading=\"lazy\" decoding=\"async\" width=\"150\" height=\"150\" src=\"https:\/\/www.rivera.gub.uy\/social\/wp-content\/uploads\/2017\/09\/DSC_0555-Copiar-150x150.jpg\" class=\"attachment-thumbnail size-thumbnail\" alt=\"\" \/><\/a>\n\t\t\t<\/div><\/figure><figure class='gallery-item'>\n\t\t\t<div class='gallery-icon landscape'>\n\t\t\t\t<a href='https:\/\/www.rivera.gub.uy\/social\/wp-content\/uploads\/2017\/09\/DSC_0519-Copiar.jpg'><img loading=\"lazy\" decoding=\"async\" width=\"150\" height=\"150\" src=\"https:\/\/www.rivera.gub.uy\/social\/wp-content\/uploads\/2017\/09\/DSC_0519-Copiar-150x150.jpg\" class=\"attachment-thumbnail size-thumbnail\" alt=\"\" \/><\/a>\n\t\t\t<\/div><\/figure>\n\t\t<\/div>\n\n<\/div>\n<p><iframe loading=\"lazy\" width=\"1160\" height=\"653\" src=\"https:\/\/www.youtube.com\/embed\/rg0kXw8J7bM?feature=oembed\" frameborder=\"0\" allowfullscreen><\/iframe><\/p>\n","protected":false},"excerpt":{"rendered":"<p>En la ma\u00f1ana del d\u00eda martes 26 de setiembre se llev\u00f3 a cabo el Lanzamiento Oficial del Programa \u201cRivera Activa\u201d,\u00a0 en la pista de Atletismo del Estadio Municipal, Atilio Paiva Olivera. Rivera Activa, es un programa de actividad f\u00edsica sistem\u00e1tico y gratuito, donde hay a disposici\u00f3n un equipo de profesionales dedicados a mejorar la calidad [&hellip;]<\/p>\n","protected":false},"author":4,"featured_media":1507,"comment_status":"open","ping_status":"open","sticky":false,"template":"","format":"standard","meta":{"footnotes":""},"categories":[5,1],"tags":[12,38,17,34],"_links":{"self":[{"href":"https:\/\/www.rivera.gub.uy\/social\/wp-json\/wp\/v2\/posts\/1488"}],"collection":[{"href":"https:\/\/www.rivera.gub.uy\/social\/wp-json\/wp\/v2\/posts"}],"about":[{"href":"https:\/\/www.rivera.gub.uy\/social\/wp-json\/wp\/v2\/types\/post"}],"author":[{"embeddable":true,"href":"https:\/\/www.rivera.gub.uy\/social\/wp-json\/wp\/v2\/users\/4"}],"replies":[{"embeddable":true,"href":"https:\/\/www.rivera.gub.uy\/social\/wp-json\/wp\/v2\/comments?post=1488"}],"version-history":[{"count":3,"href":"https:\/\/www.rivera.gub.uy\/social\/wp-json\/wp\/v2\/posts\/1488\/revisions"}],"predecessor-version":[{"id":1506,"href":"https:\/\/www.rivera.gub.uy\/social\/wp-json\/wp\/v2\/posts\/1488\/revisions\/1506"}],"wp:featuredmedia":[{"embeddable":true,"href":"https:\/\/www.rivera.gub.uy\/social\/wp-json\/wp\/v2\/media\/1507"}],"wp:attachment":[{"href":"https:\/\/www.rivera.gub.uy\/social\/wp-json\/wp\/v2\/media?parent=1488"}],"wp:term":[{"taxonomy":"category","embeddable":true,"href":"https:\/\/www.rivera.gub.uy\/social\/wp-json\/wp\/v2\/categories?post=1488"},{"taxonomy":"post_tag","embeddable":true,"href":"https:\/\/www.rivera.gub.uy\/social\/wp-json\/wp\/v2\/tags?post=1488"}],"curies":[{"name":"wp","href":"https:\/\/api.w.org\/{rel}","templated":true}]}}