{"id":1653,"date":"2017-10-06T12:59:39","date_gmt":"2017-10-06T12:59:39","guid":{"rendered":"http:\/\/rivera.gub.uy\/social\/?p=1653"},"modified":"2017-10-12T14:26:00","modified_gmt":"2017-10-12T14:26:00","slug":"segundo-taller-de-alimentacion-saludable-para-todo-publico","status":"publish","type":"post","link":"https:\/\/www.rivera.gub.uy\/social\/segundo-taller-de-alimentacion-saludable-para-todo-publico\/","title":{"rendered":"Segundo Taller de Alimentaci\u00f3n Saludable para todo p\u00fablico."},"content":{"rendered":"<p>Dentro del Programa \u00abRivera Activa\u00bb llevado adelante por Divisi\u00f3n Deportes y COMERI, \u00e9ste mi\u00e9rcoles 11 de octubre<span class=\"text_exposed_show\">, 19:00 horas en las instalaciones de Divisi\u00f3n Deportes, se brindar\u00e1 el segundo Taller de Alimentaci\u00f3n Saludable a cargo de las referentes Departamento de Alimentaci\u00f3n de COMERI, Lic. en Nutrici\u00f3n Eliana Cardozo y Lic. Gabriela Cabrera. El mismo est\u00e1 dirigido a los participantes de los tres grupos de Rivera Activa y a todo p\u00fablico interesado en una alimentaci\u00f3n saludable.<!--more--><\/span><\/p>\n<p>Ser\u00e1 un espacio abierto y GRATUITO para compartir conceptos sobre la nueva Gu\u00eda de Alimentaci\u00f3n Saludable para la poblaci\u00f3n, reflexionar juntos sobre la forma de alimentaci\u00f3n que tenemos y c\u00f3mo influye la misma en nuestra vida diaria.<\/p>\n<div id='gallery-1' class='gallery galleryid-1653 gallery-columns-2 gallery-size-medium'><figure class='gallery-item'>\n\t\t\t<div class='gallery-icon portrait'>\n\t\t\t\t<a href='https:\/\/www.rivera.gub.uy\/social\/wp-content\/uploads\/2017\/10\/20914617_1604192969632414_7341114103352374874_n.jpg'><img loading=\"lazy\" decoding=\"async\" width=\"212\" height=\"300\" src=\"https:\/\/www.rivera.gub.uy\/social\/wp-content\/uploads\/2017\/10\/20914617_1604192969632414_7341114103352374874_n-212x300.jpg\" class=\"attachment-medium size-medium\" alt=\"\" srcset=\"https:\/\/www.rivera.gub.uy\/social\/wp-content\/uploads\/2017\/10\/20914617_1604192969632414_7341114103352374874_n-212x300.jpg 212w, https:\/\/www.rivera.gub.uy\/social\/wp-content\/uploads\/2017\/10\/20914617_1604192969632414_7341114103352374874_n.jpg 678w\" sizes=\"(max-width: 212px) 100vw, 212px\" \/><\/a>\n\t\t\t<\/div><\/figure><figure class='gallery-item'>\n\t\t\t<div class='gallery-icon landscape'>\n\t\t\t\t<a href='https:\/\/www.rivera.gub.uy\/social\/wp-content\/uploads\/2017\/10\/20841948_1606054762779568_2171014660883213772_n.jpg'><img loading=\"lazy\" decoding=\"async\" width=\"300\" height=\"169\" src=\"https:\/\/www.rivera.gub.uy\/social\/wp-content\/uploads\/2017\/10\/20841948_1606054762779568_2171014660883213772_n-300x169.jpg\" class=\"attachment-medium size-medium\" alt=\"\" srcset=\"https:\/\/www.rivera.gub.uy\/social\/wp-content\/uploads\/2017\/10\/20841948_1606054762779568_2171014660883213772_n-300x169.jpg 300w, https:\/\/www.rivera.gub.uy\/social\/wp-content\/uploads\/2017\/10\/20841948_1606054762779568_2171014660883213772_n-768x432.jpg 768w, https:\/\/www.rivera.gub.uy\/social\/wp-content\/uploads\/2017\/10\/20841948_1606054762779568_2171014660883213772_n-820x461.jpg 820w, https:\/\/www.rivera.gub.uy\/social\/wp-content\/uploads\/2017\/10\/20841948_1606054762779568_2171014660883213772_n.jpg 960w\" sizes=\"(max-width: 300px) 100vw, 300px\" \/><\/a>\n\t\t\t<\/div><\/figure>\n\t\t<\/div>\n\n<p>&nbsp;<\/p>\n<p>&nbsp;<\/p>\n","protected":false},"excerpt":{"rendered":"<p>Dentro del Programa \u00abRivera Activa\u00bb llevado adelante por Divisi\u00f3n Deportes y COMERI, \u00e9ste mi\u00e9rcoles 11 de octubre, 19:00 horas en las instalaciones de Divisi\u00f3n Deportes, se brindar\u00e1 el segundo Taller de Alimentaci\u00f3n Saludable a cargo de las referentes Departamento de Alimentaci\u00f3n de COMERI, Lic. en Nutrici\u00f3n Eliana Cardozo y Lic. Gabriela Cabrera. El mismo est\u00e1 [&hellip;]<\/p>\n","protected":false},"author":4,"featured_media":1678,"comment_status":"open","ping_status":"open","sticky":false,"template":"","format":"standard","meta":{"footnotes":""},"categories":[5,1],"tags":[103,12,38,17,35],"_links":{"self":[{"href":"https:\/\/www.rivera.gub.uy\/social\/wp-json\/wp\/v2\/posts\/1653"}],"collection":[{"href":"https:\/\/www.rivera.gub.uy\/social\/wp-json\/wp\/v2\/posts"}],"about":[{"href":"https:\/\/www.rivera.gub.uy\/social\/wp-json\/wp\/v2\/types\/post"}],"author":[{"embeddable":true,"href":"https:\/\/www.rivera.gub.uy\/social\/wp-json\/wp\/v2\/users\/4"}],"replies":[{"embeddable":true,"href":"https:\/\/www.rivera.gub.uy\/social\/wp-json\/wp\/v2\/comments?post=1653"}],"version-history":[{"count":3,"href":"https:\/\/www.rivera.gub.uy\/social\/wp-json\/wp\/v2\/posts\/1653\/revisions"}],"predecessor-version":[{"id":1679,"href":"https:\/\/www.rivera.gub.uy\/social\/wp-json\/wp\/v2\/posts\/1653\/revisions\/1679"}],"wp:featuredmedia":[{"embeddable":true,"href":"https:\/\/www.rivera.gub.uy\/social\/wp-json\/wp\/v2\/media\/1678"}],"wp:attachment":[{"href":"https:\/\/www.rivera.gub.uy\/social\/wp-json\/wp\/v2\/media?parent=1653"}],"wp:term":[{"taxonomy":"category","embeddable":true,"href":"https:\/\/www.rivera.gub.uy\/social\/wp-json\/wp\/v2\/categories?post=1653"},{"taxonomy":"post_tag","embeddable":true,"href":"https:\/\/www.rivera.gub.uy\/social\/wp-json\/wp\/v2\/tags?post=1653"}],"curies":[{"name":"wp","href":"https:\/\/api.w.org\/{rel}","templated":true}]}}