{"id":1657,"date":"2017-10-12T12:51:29","date_gmt":"2017-10-12T12:51:29","guid":{"rendered":"http:\/\/rivera.gub.uy\/social\/?p=1657"},"modified":"2017-10-12T14:27:30","modified_gmt":"2017-10-12T14:27:30","slug":"se-realizo-el-segundo-taller-de-alimentacion-saludable","status":"publish","type":"post","link":"https:\/\/www.rivera.gub.uy\/social\/se-realizo-el-segundo-taller-de-alimentacion-saludable\/","title":{"rendered":"Se realiz\u00f3 el segundo Taller de Alimentaci\u00f3n Saludable."},"content":{"rendered":"<p>Dentro del Programa \u201cRivera Activa\u201d llevado adelante por Divisi\u00f3n Deportes y COMERI, ayer mi\u00e9rcoles 11 de octubre, en las instalaciones de Divisi\u00f3n Deportes, se brind\u00f3 el segundo Taller de Alimentaci\u00f3n Saludable a cargo de las referentes Departamento de Alimentaci\u00f3n de COMERI, Lic. en Nutrici\u00f3n Eliana Cardozo y Lic. Vanessa Duarte.<\/p>\n<p>El mismo fue dirigido a los participantes de los tres grupos de Rivera Activa y a todo p\u00fablico interesado en una alimentaci\u00f3n saludable. Un espacio abierto y GRATUITO donde compartimos conceptos sobre la nueva Gu\u00eda de Alimentaci\u00f3n Saludable para la poblaci\u00f3n, y reflexionamos juntos sobre la forma de alimentaci\u00f3n que tenemos y c\u00f3mo influye la misma en nuestra vida diaria.<!--more--><\/p>\n<p><a href=\"http:\/\/rivera.gub.uy\/social\/wp-content\/uploads\/2017\/10\/22405528_2023586837865247_8849148985091380971_n.jpg\"><img loading=\"lazy\" decoding=\"async\" class=\"aligncenter wp-image-1658 size-medium\" src=\"http:\/\/rivera.gub.uy\/social\/wp-content\/uploads\/2017\/10\/22405528_2023586837865247_8849148985091380971_n-212x300.jpg\" alt=\"\" width=\"212\" height=\"300\" srcset=\"https:\/\/www.rivera.gub.uy\/social\/wp-content\/uploads\/2017\/10\/22405528_2023586837865247_8849148985091380971_n-212x300.jpg 212w, https:\/\/www.rivera.gub.uy\/social\/wp-content\/uploads\/2017\/10\/22405528_2023586837865247_8849148985091380971_n.jpg 679w\" sizes=\"(max-width: 212px) 100vw, 212px\" \/><\/a><\/p>\n<p>&nbsp;<\/p>\n<p>&nbsp;<\/p>\n","protected":false},"excerpt":{"rendered":"<p>Dentro del Programa \u201cRivera Activa\u201d llevado adelante por Divisi\u00f3n Deportes y COMERI, ayer mi\u00e9rcoles 11 de octubre, en las instalaciones de Divisi\u00f3n Deportes, se brind\u00f3 el segundo Taller de Alimentaci\u00f3n Saludable a cargo de las referentes Departamento de Alimentaci\u00f3n de COMERI, Lic. en Nutrici\u00f3n Eliana Cardozo y Lic. Vanessa Duarte. El mismo fue dirigido a [&hellip;]<\/p>\n","protected":false},"author":4,"featured_media":1680,"comment_status":"open","ping_status":"open","sticky":false,"template":"","format":"standard","meta":{"footnotes":""},"categories":[1],"tags":[103,38,37,35],"_links":{"self":[{"href":"https:\/\/www.rivera.gub.uy\/social\/wp-json\/wp\/v2\/posts\/1657"}],"collection":[{"href":"https:\/\/www.rivera.gub.uy\/social\/wp-json\/wp\/v2\/posts"}],"about":[{"href":"https:\/\/www.rivera.gub.uy\/social\/wp-json\/wp\/v2\/types\/post"}],"author":[{"embeddable":true,"href":"https:\/\/www.rivera.gub.uy\/social\/wp-json\/wp\/v2\/users\/4"}],"replies":[{"embeddable":true,"href":"https:\/\/www.rivera.gub.uy\/social\/wp-json\/wp\/v2\/comments?post=1657"}],"version-history":[{"count":3,"href":"https:\/\/www.rivera.gub.uy\/social\/wp-json\/wp\/v2\/posts\/1657\/revisions"}],"predecessor-version":[{"id":1682,"href":"https:\/\/www.rivera.gub.uy\/social\/wp-json\/wp\/v2\/posts\/1657\/revisions\/1682"}],"wp:featuredmedia":[{"embeddable":true,"href":"https:\/\/www.rivera.gub.uy\/social\/wp-json\/wp\/v2\/media\/1680"}],"wp:attachment":[{"href":"https:\/\/www.rivera.gub.uy\/social\/wp-json\/wp\/v2\/media?parent=1657"}],"wp:term":[{"taxonomy":"category","embeddable":true,"href":"https:\/\/www.rivera.gub.uy\/social\/wp-json\/wp\/v2\/categories?post=1657"},{"taxonomy":"post_tag","embeddable":true,"href":"https:\/\/www.rivera.gub.uy\/social\/wp-json\/wp\/v2\/tags?post=1657"}],"curies":[{"name":"wp","href":"https:\/\/api.w.org\/{rel}","templated":true}]}}