{"id":1702,"date":"2017-10-17T13:35:09","date_gmt":"2017-10-17T13:35:09","guid":{"rendered":"http:\/\/rivera.gub.uy\/social\/?p=1702"},"modified":"2017-10-20T13:56:21","modified_gmt":"2017-10-20T13:56:21","slug":"torneo-de-volei-en-tacuarembo","status":"publish","type":"post","link":"https:\/\/www.rivera.gub.uy\/social\/torneo-de-volei-en-tacuarembo\/","title":{"rendered":"Torneo de Volei en Tacuaremb\u00f3"},"content":{"rendered":"<div class=\"\">\n<div class=\"_1mf _1mj\">El pasado s\u00e1bado 14 de octubre, la delegaci\u00f3n de Volei Sub. 17 que entrenan en el Liceo Dr. Celia Pomli a cargo del Lic. Marcelo Castillo de Divisi\u00f3n Deportes, viajaron a Tacuaremb\u00f3 a competir en un Torneo donde participaron Caraguat\u00e1, Paso de los Toros, Colegio Teresiano de Rivera y el locatario Tacuaremb\u00f3.<\/div>\n<\/div>\n<p><!--more--><\/p>\n<div class=\"\">\n<div class=\"_1mf _1mj\">En \u00e9sa instancia los chiquilines fueron dirigidos por Alejandro Pereyra y Javier da Cu\u00f1a.<\/div>\n<\/div>\n<div class=\"\">\n<div class=\"_1mf _1mj\">Felicitaciones por el 2do. lugar en el Torneo!<\/div>\n<\/div>\n<div><\/div>\n<div>\n<div id='gallery-1' class='gallery galleryid-1702 gallery-columns-3 gallery-size-thumbnail'><figure class='gallery-item'>\n\t\t\t<div class='gallery-icon landscape'>\n\t\t\t\t<a href='https:\/\/www.rivera.gub.uy\/social\/wp-content\/uploads\/2017\/10\/22489682_10212000286501003_1691683148720407933_n.jpg'><img loading=\"lazy\" decoding=\"async\" width=\"150\" height=\"150\" src=\"https:\/\/www.rivera.gub.uy\/social\/wp-content\/uploads\/2017\/10\/22489682_10212000286501003_1691683148720407933_n-150x150.jpg\" class=\"attachment-thumbnail size-thumbnail\" alt=\"\" \/><\/a>\n\t\t\t<\/div><\/figure><figure class='gallery-item'>\n\t\t\t<div class='gallery-icon landscape'>\n\t\t\t\t<a href='https:\/\/www.rivera.gub.uy\/social\/wp-content\/uploads\/2017\/10\/22489695_10212000299821336_8812385254101420907_n.jpg'><img loading=\"lazy\" decoding=\"async\" width=\"150\" height=\"150\" src=\"https:\/\/www.rivera.gub.uy\/social\/wp-content\/uploads\/2017\/10\/22489695_10212000299821336_8812385254101420907_n-150x150.jpg\" class=\"attachment-thumbnail size-thumbnail\" alt=\"\" \/><\/a>\n\t\t\t<\/div><\/figure><figure class='gallery-item'>\n\t\t\t<div class='gallery-icon landscape'>\n\t\t\t\t<a href='https:\/\/www.rivera.gub.uy\/social\/wp-content\/uploads\/2017\/10\/22491573_10212000286581005_7141569804542111005_n.jpg'><img loading=\"lazy\" decoding=\"async\" width=\"150\" height=\"150\" src=\"https:\/\/www.rivera.gub.uy\/social\/wp-content\/uploads\/2017\/10\/22491573_10212000286581005_7141569804542111005_n-150x150.jpg\" class=\"attachment-thumbnail size-thumbnail\" alt=\"\" \/><\/a>\n\t\t\t<\/div><\/figure><figure class='gallery-item'>\n\t\t\t<div class='gallery-icon landscape'>\n\t\t\t\t<a href='https:\/\/www.rivera.gub.uy\/social\/wp-content\/uploads\/2017\/10\/22491581_10212000291621131_8478926376865652893_n.jpg'><img loading=\"lazy\" decoding=\"async\" width=\"150\" height=\"150\" src=\"https:\/\/www.rivera.gub.uy\/social\/wp-content\/uploads\/2017\/10\/22491581_10212000291621131_8478926376865652893_n-150x150.jpg\" class=\"attachment-thumbnail size-thumbnail\" alt=\"\" \/><\/a>\n\t\t\t<\/div><\/figure><figure class='gallery-item'>\n\t\t\t<div class='gallery-icon landscape'>\n\t\t\t\t<a href='https:\/\/www.rivera.gub.uy\/social\/wp-content\/uploads\/2017\/10\/22539894_10212000292981165_5888771845466757121_n.jpg'><img loading=\"lazy\" decoding=\"async\" width=\"150\" height=\"150\" src=\"https:\/\/www.rivera.gub.uy\/social\/wp-content\/uploads\/2017\/10\/22539894_10212000292981165_5888771845466757121_n-150x150.jpg\" class=\"attachment-thumbnail size-thumbnail\" alt=\"\" \/><\/a>\n\t\t\t<\/div><\/figure><figure class='gallery-item'>\n\t\t\t<div class='gallery-icon landscape'>\n\t\t\t\t<a href='https:\/\/www.rivera.gub.uy\/social\/wp-content\/uploads\/2017\/10\/22549998_10212000292381150_113619469277714425_n.jpg'><img loading=\"lazy\" decoding=\"async\" width=\"150\" height=\"150\" src=\"https:\/\/www.rivera.gub.uy\/social\/wp-content\/uploads\/2017\/10\/22549998_10212000292381150_113619469277714425_n-150x150.jpg\" class=\"attachment-thumbnail size-thumbnail\" alt=\"\" \/><\/a>\n\t\t\t<\/div><\/figure>\n\t\t<\/div>\n\n<\/div>\n","protected":false},"excerpt":{"rendered":"<p>El pasado s\u00e1bado 14 de octubre, la delegaci\u00f3n de Volei Sub. 17 que entrenan en el Liceo Dr. Celia Pomli a cargo del Lic. Marcelo Castillo de Divisi\u00f3n Deportes, viajaron a Tacuaremb\u00f3 a competir en un Torneo donde participaron Caraguat\u00e1, Paso de los Toros, Colegio Teresiano de Rivera y el locatario Tacuaremb\u00f3.<\/p>\n","protected":false},"author":4,"featured_media":1705,"comment_status":"open","ping_status":"open","sticky":false,"template":"","format":"standard","meta":{"footnotes":""},"categories":[5,1],"tags":[12,38,17,79],"_links":{"self":[{"href":"https:\/\/www.rivera.gub.uy\/social\/wp-json\/wp\/v2\/posts\/1702"}],"collection":[{"href":"https:\/\/www.rivera.gub.uy\/social\/wp-json\/wp\/v2\/posts"}],"about":[{"href":"https:\/\/www.rivera.gub.uy\/social\/wp-json\/wp\/v2\/types\/post"}],"author":[{"embeddable":true,"href":"https:\/\/www.rivera.gub.uy\/social\/wp-json\/wp\/v2\/users\/4"}],"replies":[{"embeddable":true,"href":"https:\/\/www.rivera.gub.uy\/social\/wp-json\/wp\/v2\/comments?post=1702"}],"version-history":[{"count":4,"href":"https:\/\/www.rivera.gub.uy\/social\/wp-json\/wp\/v2\/posts\/1702\/revisions"}],"predecessor-version":[{"id":1844,"href":"https:\/\/www.rivera.gub.uy\/social\/wp-json\/wp\/v2\/posts\/1702\/revisions\/1844"}],"wp:featuredmedia":[{"embeddable":true,"href":"https:\/\/www.rivera.gub.uy\/social\/wp-json\/wp\/v2\/media\/1705"}],"wp:attachment":[{"href":"https:\/\/www.rivera.gub.uy\/social\/wp-json\/wp\/v2\/media?parent=1702"}],"wp:term":[{"taxonomy":"category","embeddable":true,"href":"https:\/\/www.rivera.gub.uy\/social\/wp-json\/wp\/v2\/categories?post=1702"},{"taxonomy":"post_tag","embeddable":true,"href":"https:\/\/www.rivera.gub.uy\/social\/wp-json\/wp\/v2\/tags?post=1702"}],"curies":[{"name":"wp","href":"https:\/\/api.w.org\/{rel}","templated":true}]}}