{"id":1711,"date":"2017-10-17T15:37:42","date_gmt":"2017-10-17T15:37:42","guid":{"rendered":"http:\/\/rivera.gub.uy\/social\/?p=1711"},"modified":"2017-10-20T13:59:42","modified_gmt":"2017-10-20T13:59:42","slug":"resultados-de-la-12va-etapa-circuito-riverense-de-tenis-de-mesa-gran-copa-macro-mercado","status":"publish","type":"post","link":"https:\/\/www.rivera.gub.uy\/social\/resultados-de-la-12va-etapa-circuito-riverense-de-tenis-de-mesa-gran-copa-macro-mercado\/","title":{"rendered":"Resultados de la 12va. Etapa Circuito Riverense de Tenis de Mesa \u00abGran Copa Macro Mercado\u00bb"},"content":{"rendered":"<div class=\"\">\n<div class=\"_1mf _1mj\">Con total \u00e9xito se realiz\u00f3 el pasado s\u00e1bado 14 de octubre la 12va.. etapa del Circuito Riverense de Tenis de Mesa Gran Copa Macro Mercado en el Club Tel\u00e9grafo.<\/div>\n<\/div>\n<p><!--more--><\/p>\n<div class=\"\"><\/div>\n<div class=\"\">\n<div class=\"_1mf _1mj\">Resultados:<\/div>\n<\/div>\n<div class=\"\">\n<div class=\"_1mf _1mj\">&#8211; Categor\u00eda masculina sub.15:<\/div>\n<\/div>\n<div class=\"\">\n<div class=\"_1mf _1mj\">Campe\u00f3n &#8211; Gonzalo Villalba<\/div>\n<\/div>\n<div class=\"\">\n<div class=\"_1mf _1mj\">Vice Campe\u00f3n &#8211; Juan Cardozo<\/div>\n<\/div>\n<div class=\"\">\n<div class=\"_1mf _1mj\">&#8211; Categor\u00eda masculina sub.18<\/div>\n<\/div>\n<div class=\"\">\n<div class=\"_1mf _1mj\">Campe\u00f3n &#8211; Yonatan Suarez<\/div>\n<\/div>\n<div class=\"\">\n<div class=\"_1mf _1mj\">Vice Campe\u00f3n &#8211; Sebasti\u00e1n Castillo<\/div>\n<\/div>\n<div class=\"\">\n<div class=\"_1mf _1mj\">&#8211; Categor\u00eda Femenina<\/div>\n<\/div>\n<div class=\"\">\n<div class=\"_1mf _1mj\">Campeona &#8211; Florencia Gonzalez<\/div>\n<\/div>\n<div class=\"\">\n<div class=\"_1mf _1mj\">Vice Campeona &#8211; Sheila Padilha<\/div>\n<\/div>\n<div class=\"\">\n<div class=\"_1mf _1mj\">&#8211; Categor\u00eda Adultos Libre<\/div>\n<\/div>\n<div class=\"\">\n<div class=\"_1mf _1mj\">Campe\u00f3n &#8211; Mart\u00edn Chiappara<\/div>\n<\/div>\n<div class=\"\">\n<div class=\"_1mf _1mj\">Vice Campe\u00f3n &#8211; Alejandro Pereyra<\/div>\n<\/div>\n<div class=\"\"><\/div>\n<div class=\"\">\n<div class=\"_1mf _1mj\">Felicitamos a todos los participantes de \u00e9sta etapa y los invitamos a participar de la GRAN FINAL el s\u00e1bado 21 de octubre en Macro Mercado Rivera.<\/div>\n<\/div>\n<div class=\"\"><\/div>\n<div class=\"\">\n<div class=\"_1mf _1mj\">Las inscripciones ya est\u00e1n abiertas en Divisi\u00f3n Deportes tel\u00e9fono 462 36289 por el 093 35 6684.<\/div>\n<\/div>\n<div class=\"\">\n<div class=\"_1mf _1mj\">Fotos: Washington Katona Costa Fern\u00e1ndez.<\/div>\n<\/div>\n<div><\/div>\n","protected":false},"excerpt":{"rendered":"<p>Con total \u00e9xito se realiz\u00f3 el pasado s\u00e1bado 14 de octubre la 12va.. etapa del Circuito Riverense de Tenis de Mesa Gran Copa Macro Mercado en el Club Tel\u00e9grafo.<\/p>\n","protected":false},"author":4,"featured_media":1830,"comment_status":"open","ping_status":"open","sticky":false,"template":"","format":"standard","meta":{"footnotes":""},"categories":[5,1],"tags":[12,38,17,19],"_links":{"self":[{"href":"https:\/\/www.rivera.gub.uy\/social\/wp-json\/wp\/v2\/posts\/1711"}],"collection":[{"href":"https:\/\/www.rivera.gub.uy\/social\/wp-json\/wp\/v2\/posts"}],"about":[{"href":"https:\/\/www.rivera.gub.uy\/social\/wp-json\/wp\/v2\/types\/post"}],"author":[{"embeddable":true,"href":"https:\/\/www.rivera.gub.uy\/social\/wp-json\/wp\/v2\/users\/4"}],"replies":[{"embeddable":true,"href":"https:\/\/www.rivera.gub.uy\/social\/wp-json\/wp\/v2\/comments?post=1711"}],"version-history":[{"count":4,"href":"https:\/\/www.rivera.gub.uy\/social\/wp-json\/wp\/v2\/posts\/1711\/revisions"}],"predecessor-version":[{"id":1847,"href":"https:\/\/www.rivera.gub.uy\/social\/wp-json\/wp\/v2\/posts\/1711\/revisions\/1847"}],"wp:featuredmedia":[{"embeddable":true,"href":"https:\/\/www.rivera.gub.uy\/social\/wp-json\/wp\/v2\/media\/1830"}],"wp:attachment":[{"href":"https:\/\/www.rivera.gub.uy\/social\/wp-json\/wp\/v2\/media?parent=1711"}],"wp:term":[{"taxonomy":"category","embeddable":true,"href":"https:\/\/www.rivera.gub.uy\/social\/wp-json\/wp\/v2\/categories?post=1711"},{"taxonomy":"post_tag","embeddable":true,"href":"https:\/\/www.rivera.gub.uy\/social\/wp-json\/wp\/v2\/tags?post=1711"}],"curies":[{"name":"wp","href":"https:\/\/api.w.org\/{rel}","templated":true}]}}