{"id":1824,"date":"2017-10-19T12:59:49","date_gmt":"2017-10-19T12:59:49","guid":{"rendered":"http:\/\/rivera.gub.uy\/social\/?p=1824"},"modified":"2017-10-20T14:01:21","modified_gmt":"2017-10-20T14:01:21","slug":"la-cumparsita-100-anos","status":"publish","type":"post","link":"https:\/\/www.rivera.gub.uy\/social\/la-cumparsita-100-anos\/","title":{"rendered":"\u00abLa Cumparsita, 100 a\u00f1os\u00bb"},"content":{"rendered":"<p style=\"text-align: left;\">El s\u00e1bado 28 de octubre, celebramos el Centenario de la <em>Cumparsita<\/em>. En esta oportunidad habr\u00e1 una puesta en escena in\u00e9dita compuesta por los distintos elencos de Divisi\u00f3n Cultura. El evento tendr\u00e1 lugar en las instalaciones del Teatro Municipal \u00ab15 de febrero\u00bb a las 20:30 horas. Entradas a un costo de $50.<!--more--><a href=\"http:\/\/rivera.gub.uy\/social\/wp-content\/uploads\/2017\/10\/Banner-La-Cumparsita-2.png\"><img loading=\"lazy\" decoding=\"async\" class=\"aligncenter wp-image-1825 size-medium\" src=\"http:\/\/rivera.gub.uy\/social\/wp-content\/uploads\/2017\/10\/Banner-La-Cumparsita-2-300x300.png\" alt=\"\" width=\"300\" height=\"300\" srcset=\"https:\/\/www.rivera.gub.uy\/social\/wp-content\/uploads\/2017\/10\/Banner-La-Cumparsita-2-300x300.png 300w, https:\/\/www.rivera.gub.uy\/social\/wp-content\/uploads\/2017\/10\/Banner-La-Cumparsita-2-150x150.png 150w, https:\/\/www.rivera.gub.uy\/social\/wp-content\/uploads\/2017\/10\/Banner-La-Cumparsita-2-768x768.png 768w, https:\/\/www.rivera.gub.uy\/social\/wp-content\/uploads\/2017\/10\/Banner-La-Cumparsita-2-820x820.png 820w, https:\/\/www.rivera.gub.uy\/social\/wp-content\/uploads\/2017\/10\/Banner-La-Cumparsita-2.png 1000w\" sizes=\"(max-width: 300px) 100vw, 300px\" \/><\/a><\/p>\n","protected":false},"excerpt":{"rendered":"<p>El s\u00e1bado 28 de octubre, celebramos el Centenario de la Cumparsita. En esta oportunidad habr\u00e1 una puesta en escena in\u00e9dita compuesta por los distintos elencos de Divisi\u00f3n Cultura. El evento tendr\u00e1 lugar en las instalaciones del Teatro Municipal \u00ab15 de febrero\u00bb a las 20:30 horas. Entradas a un costo de $50.<\/p>\n","protected":false},"author":6,"featured_media":1825,"comment_status":"open","ping_status":"open","sticky":false,"template":"","format":"standard","meta":{"footnotes":""},"categories":[8,1],"tags":[58,38,104,17,105],"_links":{"self":[{"href":"https:\/\/www.rivera.gub.uy\/social\/wp-json\/wp\/v2\/posts\/1824"}],"collection":[{"href":"https:\/\/www.rivera.gub.uy\/social\/wp-json\/wp\/v2\/posts"}],"about":[{"href":"https:\/\/www.rivera.gub.uy\/social\/wp-json\/wp\/v2\/types\/post"}],"author":[{"embeddable":true,"href":"https:\/\/www.rivera.gub.uy\/social\/wp-json\/wp\/v2\/users\/6"}],"replies":[{"embeddable":true,"href":"https:\/\/www.rivera.gub.uy\/social\/wp-json\/wp\/v2\/comments?post=1824"}],"version-history":[{"count":6,"href":"https:\/\/www.rivera.gub.uy\/social\/wp-json\/wp\/v2\/posts\/1824\/revisions"}],"predecessor-version":[{"id":1849,"href":"https:\/\/www.rivera.gub.uy\/social\/wp-json\/wp\/v2\/posts\/1824\/revisions\/1849"}],"wp:featuredmedia":[{"embeddable":true,"href":"https:\/\/www.rivera.gub.uy\/social\/wp-json\/wp\/v2\/media\/1825"}],"wp:attachment":[{"href":"https:\/\/www.rivera.gub.uy\/social\/wp-json\/wp\/v2\/media?parent=1824"}],"wp:term":[{"taxonomy":"category","embeddable":true,"href":"https:\/\/www.rivera.gub.uy\/social\/wp-json\/wp\/v2\/categories?post=1824"},{"taxonomy":"post_tag","embeddable":true,"href":"https:\/\/www.rivera.gub.uy\/social\/wp-json\/wp\/v2\/tags?post=1824"}],"curies":[{"name":"wp","href":"https:\/\/api.w.org\/{rel}","templated":true}]}}