{"id":1974,"date":"2017-10-30T20:25:02","date_gmt":"2017-10-30T20:25:02","guid":{"rendered":"http:\/\/rivera.gub.uy\/social\/?p=1974"},"modified":"2017-10-30T20:25:02","modified_gmt":"2017-10-30T20:25:02","slug":"apertura-de-la-expo-educa-rivera-2017","status":"publish","type":"post","link":"https:\/\/www.rivera.gub.uy\/social\/apertura-de-la-expo-educa-rivera-2017\/","title":{"rendered":"Apertura de la Expo Educa Rivera 2017"},"content":{"rendered":"<p>Este lunes 30 de octubre, se realizar\u00e1 en el Centro Universitario de Rivera la apertura de la feria educativa \u00abExpo Educa 2017\u00bb.<\/p>\n<p>El evento contar\u00e1 con las ponencias de la Directora del Cerp del Norte, Karina Nossar, y el Director Departamental del MIDES, Helio Rodr\u00edgues.<\/p>\n<p>La ceremonia comenzar\u00e1 a las 19 horas, en el local ubicado en Ituzaing\u00f3 667.<\/p>\n<p><a href=\"http:\/\/rivera.gub.uy\/social\/wp-content\/uploads\/2017\/10\/ae3b11d7-077c-4b78-adf1-e0956c595a02.jpg\"><img loading=\"lazy\" decoding=\"async\" class=\"aligncenter size-medium wp-image-1975\" src=\"http:\/\/rivera.gub.uy\/social\/wp-content\/uploads\/2017\/10\/ae3b11d7-077c-4b78-adf1-e0956c595a02-300x200.jpg\" alt=\"\" width=\"300\" height=\"200\" srcset=\"https:\/\/www.rivera.gub.uy\/social\/wp-content\/uploads\/2017\/10\/ae3b11d7-077c-4b78-adf1-e0956c595a02-300x200.jpg 300w, https:\/\/www.rivera.gub.uy\/social\/wp-content\/uploads\/2017\/10\/ae3b11d7-077c-4b78-adf1-e0956c595a02-768x513.jpg 768w, https:\/\/www.rivera.gub.uy\/social\/wp-content\/uploads\/2017\/10\/ae3b11d7-077c-4b78-adf1-e0956c595a02-1024x684.jpg 1024w, https:\/\/www.rivera.gub.uy\/social\/wp-content\/uploads\/2017\/10\/ae3b11d7-077c-4b78-adf1-e0956c595a02-600x400.jpg 600w, https:\/\/www.rivera.gub.uy\/social\/wp-content\/uploads\/2017\/10\/ae3b11d7-077c-4b78-adf1-e0956c595a02-820x548.jpg 820w, https:\/\/www.rivera.gub.uy\/social\/wp-content\/uploads\/2017\/10\/ae3b11d7-077c-4b78-adf1-e0956c595a02-272x182.jpg 272w, https:\/\/www.rivera.gub.uy\/social\/wp-content\/uploads\/2017\/10\/ae3b11d7-077c-4b78-adf1-e0956c595a02.jpg 1600w\" sizes=\"(max-width: 300px) 100vw, 300px\" \/><\/a><\/p>\n","protected":false},"excerpt":{"rendered":"<p>Este lunes 30 de octubre, se realizar\u00e1 en el Centro Universitario de Rivera la apertura de la feria educativa \u00abExpo Educa 2017\u00bb. El evento contar\u00e1 con las ponencias de la Directora del Cerp del Norte, Karina Nossar, y el Director Departamental del MIDES, Helio Rodr\u00edgues. La ceremonia comenzar\u00e1 a las 19 horas, en el local [&hellip;]<\/p>\n","protected":false},"author":2,"featured_media":1976,"comment_status":"open","ping_status":"open","sticky":false,"template":"","format":"standard","meta":{"footnotes":""},"categories":[8,1],"tags":[110,109,38,111,17],"_links":{"self":[{"href":"https:\/\/www.rivera.gub.uy\/social\/wp-json\/wp\/v2\/posts\/1974"}],"collection":[{"href":"https:\/\/www.rivera.gub.uy\/social\/wp-json\/wp\/v2\/posts"}],"about":[{"href":"https:\/\/www.rivera.gub.uy\/social\/wp-json\/wp\/v2\/types\/post"}],"author":[{"embeddable":true,"href":"https:\/\/www.rivera.gub.uy\/social\/wp-json\/wp\/v2\/users\/2"}],"replies":[{"embeddable":true,"href":"https:\/\/www.rivera.gub.uy\/social\/wp-json\/wp\/v2\/comments?post=1974"}],"version-history":[{"count":1,"href":"https:\/\/www.rivera.gub.uy\/social\/wp-json\/wp\/v2\/posts\/1974\/revisions"}],"predecessor-version":[{"id":1977,"href":"https:\/\/www.rivera.gub.uy\/social\/wp-json\/wp\/v2\/posts\/1974\/revisions\/1977"}],"wp:featuredmedia":[{"embeddable":true,"href":"https:\/\/www.rivera.gub.uy\/social\/wp-json\/wp\/v2\/media\/1976"}],"wp:attachment":[{"href":"https:\/\/www.rivera.gub.uy\/social\/wp-json\/wp\/v2\/media?parent=1974"}],"wp:term":[{"taxonomy":"category","embeddable":true,"href":"https:\/\/www.rivera.gub.uy\/social\/wp-json\/wp\/v2\/categories?post=1974"},{"taxonomy":"post_tag","embeddable":true,"href":"https:\/\/www.rivera.gub.uy\/social\/wp-json\/wp\/v2\/tags?post=1974"}],"curies":[{"name":"wp","href":"https:\/\/api.w.org\/{rel}","templated":true}]}}