{"id":1998,"date":"2017-11-01T13:42:56","date_gmt":"2017-11-01T13:42:56","guid":{"rendered":"http:\/\/rivera.gub.uy\/social\/?p=1998"},"modified":"2017-11-08T14:19:35","modified_gmt":"2017-11-08T14:19:35","slug":"la-asociacion-de-atletas-de-minas-de-corrales-a-pasos-de-asociarse-a-confederacion-atletica-del-uruguay","status":"publish","type":"post","link":"https:\/\/www.rivera.gub.uy\/social\/la-asociacion-de-atletas-de-minas-de-corrales-a-pasos-de-asociarse-a-confederacion-atletica-del-uruguay\/","title":{"rendered":"La Asociaci\u00f3n de Atletas de Minas de Corrales a pasos de asociarse a Confederaci\u00f3n Atl\u00e9tica del Uruguay"},"content":{"rendered":"<p>Reuni\u00f3n de trabajo en Minas de Corrales entre el Pte. de la CAU (Confederaci\u00f3n Atl\u00e9tica del Uruguay), Lionel de Melo, integrantes de la Asociaci\u00f3n de Atletas de Minas de Corrales, Alcalde de la localidad Jos\u00e9 Gonalez y el Director de la Divisi\u00f3n Deportes, Prof. Horacio Hern\u00e1ndez en la cual se formaliz\u00f3 un pre acuerdo por el cual la Asociaci\u00f3n de Atletas de Minas de Corrales, estar\u00e1n presentando en \u00e9stos d\u00edas, un pedido de asociaci\u00f3n a la CAU para comenzar a formalizar una relaci\u00f3n de trabajo y de mutua colaboraci\u00f3n en pro de fomentar el atletismo en nuestro Departamento, siguiendo una linea de desentralizaci\u00f3n del deporte.<\/p>\n","protected":false},"excerpt":{"rendered":"<p>Reuni\u00f3n de trabajo en Minas de Corrales entre el Pte. de la CAU (Confederaci\u00f3n Atl\u00e9tica del Uruguay), Lionel de Melo, integrantes de la Asociaci\u00f3n de Atletas de Minas de Corrales, Alcalde de la localidad Jos\u00e9 Gonalez y el Director de la Divisi\u00f3n Deportes, Prof. Horacio Hern\u00e1ndez en la cual se formaliz\u00f3 un pre acuerdo por [&hellip;]<\/p>\n","protected":false},"author":4,"featured_media":1999,"comment_status":"open","ping_status":"open","sticky":false,"template":"","format":"standard","meta":{"footnotes":""},"categories":[5,1],"tags":[38,114,17],"_links":{"self":[{"href":"https:\/\/www.rivera.gub.uy\/social\/wp-json\/wp\/v2\/posts\/1998"}],"collection":[{"href":"https:\/\/www.rivera.gub.uy\/social\/wp-json\/wp\/v2\/posts"}],"about":[{"href":"https:\/\/www.rivera.gub.uy\/social\/wp-json\/wp\/v2\/types\/post"}],"author":[{"embeddable":true,"href":"https:\/\/www.rivera.gub.uy\/social\/wp-json\/wp\/v2\/users\/4"}],"replies":[{"embeddable":true,"href":"https:\/\/www.rivera.gub.uy\/social\/wp-json\/wp\/v2\/comments?post=1998"}],"version-history":[{"count":1,"href":"https:\/\/www.rivera.gub.uy\/social\/wp-json\/wp\/v2\/posts\/1998\/revisions"}],"predecessor-version":[{"id":2000,"href":"https:\/\/www.rivera.gub.uy\/social\/wp-json\/wp\/v2\/posts\/1998\/revisions\/2000"}],"wp:featuredmedia":[{"embeddable":true,"href":"https:\/\/www.rivera.gub.uy\/social\/wp-json\/wp\/v2\/media\/1999"}],"wp:attachment":[{"href":"https:\/\/www.rivera.gub.uy\/social\/wp-json\/wp\/v2\/media?parent=1998"}],"wp:term":[{"taxonomy":"category","embeddable":true,"href":"https:\/\/www.rivera.gub.uy\/social\/wp-json\/wp\/v2\/categories?post=1998"},{"taxonomy":"post_tag","embeddable":true,"href":"https:\/\/www.rivera.gub.uy\/social\/wp-json\/wp\/v2\/tags?post=1998"}],"curies":[{"name":"wp","href":"https:\/\/api.w.org\/{rel}","templated":true}]}}