{"id":2015,"date":"2017-11-10T13:17:36","date_gmt":"2017-11-10T13:17:36","guid":{"rendered":"http:\/\/rivera.gub.uy\/social\/?p=2015"},"modified":"2017-11-10T16:27:46","modified_gmt":"2017-11-10T16:27:46","slug":"este-sabado-11-se-disputa-la-2da-fecha-de-la-ultima-etapa-del-campeonato-infantil-de-futbol-de-barrios","status":"publish","type":"post","link":"https:\/\/www.rivera.gub.uy\/social\/este-sabado-11-se-disputa-la-2da-fecha-de-la-ultima-etapa-del-campeonato-infantil-de-futbol-de-barrios\/","title":{"rendered":"2\u00aa fecha de la \u00faltima etapa del Campeonato Infantil de F\u00fatbol de Barrios"},"content":{"rendered":"<div class=\"\">\n<div class=\"_1mf _1mj\">Divisi\u00f3n Deportes informa que ma\u00f1ana, s\u00e1bado 11 de noviembre, se disputa la 2da. fecha de la y \u00faltima etapa (Sub. 10) del Campeonato Infantil de F\u00fatbol de Barrios en el Polideportivo Don Bosco.<\/div>\n<\/div>\n<p><!--more--><\/p>\n<div class=\"\">\n<div class=\"_1mf _1mj\">09:00 hs.<\/div>\n<\/div>\n<div class=\"\">\n<div class=\"_1mf _1mj\">Selesiano vs Recreo<\/div>\n<\/div>\n<div class=\"\">\n<div class=\"_1mf _1mj\">Misiones vs Don Bosco<\/div>\n<\/div>\n<div class=\"\"><\/div>\n<div class=\"\">\n<div class=\"_1mf _1mj\">09:40 hs.<\/div>\n<\/div>\n<div class=\"\">\n<div class=\"_1mf _1mj\">La Pedrera vs Saavedra<\/div>\n<\/div>\n<div class=\"\">\n<div class=\"_1mf _1mj\">Rampla vs Santa Isabel<\/div>\n<\/div>\n<div class=\"\"><\/div>\n<div class=\"\">\n<div class=\"_1mf _1mj\">10:20 hs.<\/div>\n<\/div>\n<div class=\"\">\n<div class=\"_1mf _1mj\">Santa Teresa vs La Arenera<\/div>\n<\/div>\n<div class=\"\">\n<div class=\"_1mf _1mj\">Bisio vs Villa Sonia<\/div>\n<\/div>\n<div class=\"\"><\/div>\n<div class=\"\">\n<div class=\"_1mf _1mj\">11:00 hs.<\/div>\n<\/div>\n<div class=\"\">\n<div class=\"_1mf _1mj\">La Raca vs Tres Cruces<\/div>\n<\/div>\n<div class=\"\"><\/div>\n<div class=\"\">\n<div class=\"_1mf _1mj\">Ven\u00ed a alentar tu barrio!<\/div>\n<\/div>\n","protected":false},"excerpt":{"rendered":"<p>Divisi\u00f3n Deportes informa que ma\u00f1ana, s\u00e1bado 11 de noviembre, se disputa la 2da. fecha de la y \u00faltima etapa (Sub. 10) del Campeonato Infantil de F\u00fatbol de Barrios en el Polideportivo Don Bosco.<\/p>\n","protected":false},"author":4,"featured_media":2016,"comment_status":"open","ping_status":"open","sticky":false,"template":"","format":"standard","meta":{"footnotes":""},"categories":[5,1],"tags":[12,25,38,17],"_links":{"self":[{"href":"https:\/\/www.rivera.gub.uy\/social\/wp-json\/wp\/v2\/posts\/2015"}],"collection":[{"href":"https:\/\/www.rivera.gub.uy\/social\/wp-json\/wp\/v2\/posts"}],"about":[{"href":"https:\/\/www.rivera.gub.uy\/social\/wp-json\/wp\/v2\/types\/post"}],"author":[{"embeddable":true,"href":"https:\/\/www.rivera.gub.uy\/social\/wp-json\/wp\/v2\/users\/4"}],"replies":[{"embeddable":true,"href":"https:\/\/www.rivera.gub.uy\/social\/wp-json\/wp\/v2\/comments?post=2015"}],"version-history":[{"count":4,"href":"https:\/\/www.rivera.gub.uy\/social\/wp-json\/wp\/v2\/posts\/2015\/revisions"}],"predecessor-version":[{"id":2023,"href":"https:\/\/www.rivera.gub.uy\/social\/wp-json\/wp\/v2\/posts\/2015\/revisions\/2023"}],"wp:featuredmedia":[{"embeddable":true,"href":"https:\/\/www.rivera.gub.uy\/social\/wp-json\/wp\/v2\/media\/2016"}],"wp:attachment":[{"href":"https:\/\/www.rivera.gub.uy\/social\/wp-json\/wp\/v2\/media?parent=2015"}],"wp:term":[{"taxonomy":"category","embeddable":true,"href":"https:\/\/www.rivera.gub.uy\/social\/wp-json\/wp\/v2\/categories?post=2015"},{"taxonomy":"post_tag","embeddable":true,"href":"https:\/\/www.rivera.gub.uy\/social\/wp-json\/wp\/v2\/tags?post=2015"}],"curies":[{"name":"wp","href":"https:\/\/api.w.org\/{rel}","templated":true}]}}