{"id":2225,"date":"2017-11-23T13:44:16","date_gmt":"2017-11-23T13:44:16","guid":{"rendered":"http:\/\/rivera.gub.uy\/social\/?p=2225"},"modified":"2017-11-24T12:47:30","modified_gmt":"2017-11-24T12:47:30","slug":"2o-seven-binacional-rugby-integracion-uruguaybrasil-9-de-diciembre-estadio-atilio-paiva-olivera","status":"publish","type":"post","link":"https:\/\/www.rivera.gub.uy\/social\/2o-seven-binacional-rugby-integracion-uruguaybrasil-9-de-diciembre-estadio-atilio-paiva-olivera\/","title":{"rendered":"2\u00ba SEVEN BINACIONAL RUGBY. Integraci\u00f3n Uruguay"},"content":{"rendered":"<div class=\"\">Dentro del programa \u00abRivera Brilla\u00bb, la Direcci\u00f3n General de Promoci\u00f3n y Acci\u00f3n Social a trav\u00e9s de Divisi\u00f3n Deportes comunica e invita a al 2\u00ba SEVEN BINACIONAL, Integraci\u00f3n Uruguay\/Brasil a realizarse el d\u00eda 9 de diciembre de 2017 en Estadio Atilio Paiva Olivera organizado por Arlequines Rugby Club con el apoyo de Divisi\u00f3n Deportes.<\/div>\n<p><!--more--><\/p>\n<div class=\"\">\n<div class=\"_1mf _1mj\">Participar\u00e1n 16 equipos de Brasil y Uruguay que se dividir\u00e1n en cuatro grupos con dos equipos uruguayos y dos brasile\u00f1os en cada uno.<\/div>\n<\/div>\n<div class=\"\"><\/div>\n<div class=\"\">\n<div class=\"_1mf _1mj\">Se jugar\u00e1 una fase grupal y seg\u00fan las posiciones finales, se jugar\u00e1n Copas de Oro, Plata, Bronce y Est\u00edmulo En cada una de las copas se jugar\u00e1n semifinales y finales para determinar los campeones correspondientes.<\/div>\n<\/div>\n<div class=\"\">\n<div class=\"_1mf _1mj\">El primer partido se jugar\u00e1 a las 9:20 a.m. y la final ser\u00e1 a las 22:20.<\/div>\n<\/div>\n<div class=\"\"><\/div>\n<div class=\"\">\n<div class=\"_1mf _1mj\">Brasil:<\/div>\n<\/div>\n<div class=\"\">\n<div class=\"_1mf _1mj\">Antiqua \/ Pelotas, RS<\/div>\n<\/div>\n<div class=\"\">\n<div class=\"_1mf _1mj\">Br\u00fcders \/ Estrela, RS<\/div>\n<\/div>\n<div class=\"\">\n<div class=\"_1mf _1mj\">Brummers \/ Novo Hamburgo, RS<\/div>\n<\/div>\n<div class=\"\">\n<div class=\"_1mf _1mj\">Chapec\u00f3 \/ Chapec\u00f3, SC<\/div>\n<\/div>\n<div class=\"\">\n<div class=\"_1mf _1mj\">Charr\u00faa \/ Porto Alegre, RS<\/div>\n<\/div>\n<div class=\"\">\n<div class=\"_1mf _1mj\">Pampas \/ S\u00e3o Leopoldo, RS<\/div>\n<\/div>\n<div class=\"\">\n<div class=\"_1mf _1mj\">San Diego \/ Porto Alegre, RS<\/div>\n<\/div>\n<div class=\"\">\n<div class=\"_1mf _1mj\">Soul Rugby \/ Porto Alegre, RS<\/div>\n<\/div>\n<div class=\"\"><\/div>\n<div class=\"\">\n<div class=\"_1mf _1mj\">Uruguay:<\/div>\n<\/div>\n<div class=\"\">\n<div class=\"_1mf _1mj\">Arlequines \/ Rivera<\/div>\n<\/div>\n<div class=\"\">\n<div class=\"_1mf _1mj\">B\u00fafalos \/ Bella Uni\u00f3n<\/div>\n<\/div>\n<div class=\"\">\n<div class=\"_1mf _1mj\">Juventud \/ Las Piedras<\/div>\n<\/div>\n<div class=\"\">\n<div class=\"_1mf _1mj\">Salto Rugby \/ Salto<\/div>\n<\/div>\n<div class=\"\">\n<div class=\"_1mf _1mj\">San Javier \/ Tacuaremb\u00f3<\/div>\n<\/div>\n<div class=\"\">\n<div class=\"_1mf _1mj\">Tr\u00e9bol \/ Paysand\u00fa<\/div>\n<\/div>\n<div class=\"\">\n<div class=\"_1mf _1mj\">Artigas Rugby \/ Artigas<\/div>\n<\/div>\n<div class=\"\">\n<div class=\"_1mf _1mj\">Uruguay 8.<\/div>\n<\/div>\n<div class=\"\"><\/div>\n<div class=\"\">\n<div class=\"_1mf _1mj\">Entrada GRATUITA y servicio de cantina.<\/div>\n<\/div>\n<div class=\"\">\n<div class=\"_1mf _1mj\">Los esperamos para alentar a Arlequines Rugby Club&#8230;<\/div>\n<\/div>\n<div class=\"\">\n<div class=\"_1mf _1mj\">NUESTRO EQUIPO!!!<\/div>\n<\/div>\n<div><\/div>\n<div><a href=\"http:\/\/rivera.gub.uy\/social\/wp-content\/uploads\/2017\/11\/IMG-20171122-WA0033.jpg\"><img loading=\"lazy\" decoding=\"async\" class=\"aligncenter wp-image-2226 size-medium\" src=\"http:\/\/rivera.gub.uy\/social\/wp-content\/uploads\/2017\/11\/IMG-20171122-WA0033-212x300.jpg\" alt=\"\" width=\"212\" height=\"300\" srcset=\"https:\/\/www.rivera.gub.uy\/social\/wp-content\/uploads\/2017\/11\/IMG-20171122-WA0033-212x300.jpg 212w, https:\/\/www.rivera.gub.uy\/social\/wp-content\/uploads\/2017\/11\/IMG-20171122-WA0033-768x1087.jpg 768w, https:\/\/www.rivera.gub.uy\/social\/wp-content\/uploads\/2017\/11\/IMG-20171122-WA0033-723x1024.jpg 723w, https:\/\/www.rivera.gub.uy\/social\/wp-content\/uploads\/2017\/11\/IMG-20171122-WA0033-820x1161.jpg 820w, https:\/\/www.rivera.gub.uy\/social\/wp-content\/uploads\/2017\/11\/IMG-20171122-WA0033.jpg 1130w\" sizes=\"(max-width: 212px) 100vw, 212px\" \/><\/a><\/div>\n<div class=\"\"><\/div>\n","protected":false},"excerpt":{"rendered":"<p>Dentro del programa \u00abRivera Brilla\u00bb, la Direcci\u00f3n General de Promoci\u00f3n y Acci\u00f3n Social a trav\u00e9s de Divisi\u00f3n Deportes comunica e invita a al 2\u00ba SEVEN BINACIONAL, Integraci\u00f3n Uruguay\/Brasil a realizarse el d\u00eda 9 de diciembre de 2017 en Estadio Atilio Paiva Olivera organizado por Arlequines Rugby Club con el apoyo de Divisi\u00f3n Deportes.<\/p>\n","protected":false},"author":4,"featured_media":2244,"comment_status":"open","ping_status":"open","sticky":false,"template":"","format":"standard","meta":{"footnotes":""},"categories":[8,5,1],"tags":[12,38,17],"_links":{"self":[{"href":"https:\/\/www.rivera.gub.uy\/social\/wp-json\/wp\/v2\/posts\/2225"}],"collection":[{"href":"https:\/\/www.rivera.gub.uy\/social\/wp-json\/wp\/v2\/posts"}],"about":[{"href":"https:\/\/www.rivera.gub.uy\/social\/wp-json\/wp\/v2\/types\/post"}],"author":[{"embeddable":true,"href":"https:\/\/www.rivera.gub.uy\/social\/wp-json\/wp\/v2\/users\/4"}],"replies":[{"embeddable":true,"href":"https:\/\/www.rivera.gub.uy\/social\/wp-json\/wp\/v2\/comments?post=2225"}],"version-history":[{"count":5,"href":"https:\/\/www.rivera.gub.uy\/social\/wp-json\/wp\/v2\/posts\/2225\/revisions"}],"predecessor-version":[{"id":2242,"href":"https:\/\/www.rivera.gub.uy\/social\/wp-json\/wp\/v2\/posts\/2225\/revisions\/2242"}],"wp:featuredmedia":[{"embeddable":true,"href":"https:\/\/www.rivera.gub.uy\/social\/wp-json\/wp\/v2\/media\/2244"}],"wp:attachment":[{"href":"https:\/\/www.rivera.gub.uy\/social\/wp-json\/wp\/v2\/media?parent=2225"}],"wp:term":[{"taxonomy":"category","embeddable":true,"href":"https:\/\/www.rivera.gub.uy\/social\/wp-json\/wp\/v2\/categories?post=2225"},{"taxonomy":"post_tag","embeddable":true,"href":"https:\/\/www.rivera.gub.uy\/social\/wp-json\/wp\/v2\/tags?post=2225"}],"curies":[{"name":"wp","href":"https:\/\/api.w.org\/{rel}","templated":true}]}}