{"id":2235,"date":"2017-11-24T12:19:09","date_gmt":"2017-11-24T12:19:09","guid":{"rendered":"http:\/\/rivera.gub.uy\/social\/?p=2235"},"modified":"2017-11-24T12:56:34","modified_gmt":"2017-11-24T12:56:34","slug":"manana-en-shopping-melancia-se-juega-la-3ra-fecha-del-torneo-de-tenis-de-mesa-gran-copa-alfajores-molke","status":"publish","type":"post","link":"https:\/\/www.rivera.gub.uy\/social\/manana-en-shopping-melancia-se-juega-la-3ra-fecha-del-torneo-de-tenis-de-mesa-gran-copa-alfajores-molke\/","title":{"rendered":"3\u00aa fecha del Torneo de Tenis de Mesa gran copa \u00abAlfajores Molke\u00bb"},"content":{"rendered":"<div class=\"\">\n<p class=\"_1mf _1mj\">Divisi\u00f3n Deportes te invita a participar de la 3\u00aa fecha del Torneo de Tenis de Mesa gran copa \u00abAlfajores Molke\u00bb.<\/p>\n<p class=\"_1mf _1mj\">El encuentro tendr\u00e1 lugar este s\u00e1bado 25 de noviembre, en las instalaciones del Shopping Melanc\u00eda.<\/p>\n<\/div>\n<p><!--more--><\/p>\n<div class=\"\">\n<div class=\"_1mf _1mj\">Podes inscribirte hoy hasta las 15:00 horas en las oficinas de Divisi\u00f3n Deportes (Tribuna Norte del Estadio Atilio Paiva Olivera), o por el 093 356684 hasta instantes antes de comenzar la competencia.<\/div>\n<\/div>\n<div class=\"\">\n<div class=\"_1mf _1mj\">La categor\u00eda Sub. 18 mixta, arranca a las 10:00 hs. y se juega hasta las 15:00 hs., y la de adultos tambi\u00e9n mixta, inicia a las 16:00 hs. y culmina a las 18:00 hs.<\/div>\n<\/div>\n<div class=\"\">\n<div class=\"_1mf _1mj\">INSCRIPCIONES GRATUITAS!<\/div>\n<\/div>\n<div class=\"\"><\/div>\n<div class=\"\">\n<div class=\"_1mf _1mj\">Camisetas y medallas para los campeones!<\/div>\n<\/div>\n<div class=\"\">\n<div class=\"_1mf _1mj\">Se prestar\u00e1 paletas para los participantes que no tengan.<\/div>\n<\/div>\n<div class=\"\">\n<div class=\"_1mf _1mj\">Los esperamos.<\/div>\n<div><\/div>\n<\/div>\n<div>\n<div id='gallery-1' class='gallery galleryid-2235 gallery-columns-3 gallery-size-thumbnail'><figure class='gallery-item'>\n\t\t\t<div class='gallery-icon landscape'>\n\t\t\t\t<a href='https:\/\/www.rivera.gub.uy\/social\/wp-content\/uploads\/2017\/11\/23549560_1604782472915890_1065671617_n-1.jpg'><img loading=\"lazy\" decoding=\"async\" width=\"150\" height=\"150\" src=\"https:\/\/www.rivera.gub.uy\/social\/wp-content\/uploads\/2017\/11\/23549560_1604782472915890_1065671617_n-1-150x150.jpg\" class=\"attachment-thumbnail size-thumbnail\" alt=\"\" \/><\/a>\n\t\t\t<\/div><\/figure><figure class='gallery-item'>\n\t\t\t<div class='gallery-icon portrait'>\n\t\t\t\t<a href='https:\/\/www.rivera.gub.uy\/social\/wp-content\/uploads\/2017\/11\/Afiche.jpg'><img loading=\"lazy\" decoding=\"async\" width=\"150\" height=\"150\" src=\"https:\/\/www.rivera.gub.uy\/social\/wp-content\/uploads\/2017\/11\/Afiche-150x150.jpg\" class=\"attachment-thumbnail size-thumbnail\" alt=\"\" \/><\/a>\n\t\t\t<\/div><\/figure>\n\t\t<\/div>\n\n<\/div>\n","protected":false},"excerpt":{"rendered":"<p>Divisi\u00f3n Deportes te invita a participar de la 3\u00aa fecha del Torneo de Tenis de Mesa gran copa \u00abAlfajores Molke\u00bb. El encuentro tendr\u00e1 lugar este s\u00e1bado 25 de noviembre, en las instalaciones del Shopping Melanc\u00eda.<\/p>\n","protected":false},"author":4,"featured_media":2012,"comment_status":"open","ping_status":"open","sticky":false,"template":"","format":"standard","meta":{"footnotes":""},"categories":[5,1],"tags":[12,38,17,19],"_links":{"self":[{"href":"https:\/\/www.rivera.gub.uy\/social\/wp-json\/wp\/v2\/posts\/2235"}],"collection":[{"href":"https:\/\/www.rivera.gub.uy\/social\/wp-json\/wp\/v2\/posts"}],"about":[{"href":"https:\/\/www.rivera.gub.uy\/social\/wp-json\/wp\/v2\/types\/post"}],"author":[{"embeddable":true,"href":"https:\/\/www.rivera.gub.uy\/social\/wp-json\/wp\/v2\/users\/4"}],"replies":[{"embeddable":true,"href":"https:\/\/www.rivera.gub.uy\/social\/wp-json\/wp\/v2\/comments?post=2235"}],"version-history":[{"count":9,"href":"https:\/\/www.rivera.gub.uy\/social\/wp-json\/wp\/v2\/posts\/2235\/revisions"}],"predecessor-version":[{"id":2256,"href":"https:\/\/www.rivera.gub.uy\/social\/wp-json\/wp\/v2\/posts\/2235\/revisions\/2256"}],"wp:featuredmedia":[{"embeddable":true,"href":"https:\/\/www.rivera.gub.uy\/social\/wp-json\/wp\/v2\/media\/2012"}],"wp:attachment":[{"href":"https:\/\/www.rivera.gub.uy\/social\/wp-json\/wp\/v2\/media?parent=2235"}],"wp:term":[{"taxonomy":"category","embeddable":true,"href":"https:\/\/www.rivera.gub.uy\/social\/wp-json\/wp\/v2\/categories?post=2235"},{"taxonomy":"post_tag","embeddable":true,"href":"https:\/\/www.rivera.gub.uy\/social\/wp-json\/wp\/v2\/tags?post=2235"}],"curies":[{"name":"wp","href":"https:\/\/api.w.org\/{rel}","templated":true}]}}