{"id":2246,"date":"2017-11-24T12:52:34","date_gmt":"2017-11-24T12:52:34","guid":{"rendered":"http:\/\/rivera.gub.uy\/social\/?p=2246"},"modified":"2017-11-24T12:54:12","modified_gmt":"2017-11-24T12:54:12","slug":"este-sabado-25-se-disputa-la-4ta-fecha-de-la-ultima-etapa-del-campeonato-infantil-de-futbol-de-barrios","status":"publish","type":"post","link":"https:\/\/www.rivera.gub.uy\/social\/este-sabado-25-se-disputa-la-4ta-fecha-de-la-ultima-etapa-del-campeonato-infantil-de-futbol-de-barrios\/","title":{"rendered":"4\u00aa fecha de la \u00faltima etapa del Campeonato Infantil de F\u00fatbol de Barrios"},"content":{"rendered":"<p>Divisi\u00f3n Deportes informa que ma\u00f1ana s\u00e1bado 25 de noviembre, se disputa la 4ta. fecha de la \u00faltima etapa (Sub. 10) del Campeonato Infantil de F\u00fatbol de Barrios en el Polideportivo Don Bosco.<!--more--><\/p>\n<p>09:00 hs.<span class=\"text_exposed_show\"><br \/>\nSalesiano vs Santa Isabel<br \/>\nLa Pedrera vs Tres Cruces<\/span><\/p>\n<div class=\"text_exposed_show\">\n<p>09:40 hs.<br \/>\nBisio vs Don Bosco<br \/>\nSanta Teresa vs Recreo<\/p>\n<p>10:20 hs.<br \/>\nMisiones vs Saavedra<br \/>\nRampla vs Villa Sonia<\/p>\n<p>11:00 hs.<br \/>\nLa Raca vs La Arenera<\/p>\n<p><strong>Ven\u00ed a alentar tu barrio!<\/strong><\/p>\n<\/div>\n","protected":false},"excerpt":{"rendered":"<p>Divisi\u00f3n Deportes informa que ma\u00f1ana s\u00e1bado 25 de noviembre, se disputa la 4ta. fecha de la \u00faltima etapa (Sub. 10) del Campeonato Infantil de F\u00fatbol de Barrios en el Polideportivo Don Bosco.<\/p>\n","protected":false},"author":4,"featured_media":2249,"comment_status":"open","ping_status":"open","sticky":false,"template":"","format":"standard","meta":{"footnotes":""},"categories":[6,8,5,1,7],"tags":[12,25,38,17],"_links":{"self":[{"href":"https:\/\/www.rivera.gub.uy\/social\/wp-json\/wp\/v2\/posts\/2246"}],"collection":[{"href":"https:\/\/www.rivera.gub.uy\/social\/wp-json\/wp\/v2\/posts"}],"about":[{"href":"https:\/\/www.rivera.gub.uy\/social\/wp-json\/wp\/v2\/types\/post"}],"author":[{"embeddable":true,"href":"https:\/\/www.rivera.gub.uy\/social\/wp-json\/wp\/v2\/users\/4"}],"replies":[{"embeddable":true,"href":"https:\/\/www.rivera.gub.uy\/social\/wp-json\/wp\/v2\/comments?post=2246"}],"version-history":[{"count":2,"href":"https:\/\/www.rivera.gub.uy\/social\/wp-json\/wp\/v2\/posts\/2246\/revisions"}],"predecessor-version":[{"id":2253,"href":"https:\/\/www.rivera.gub.uy\/social\/wp-json\/wp\/v2\/posts\/2246\/revisions\/2253"}],"wp:featuredmedia":[{"embeddable":true,"href":"https:\/\/www.rivera.gub.uy\/social\/wp-json\/wp\/v2\/media\/2249"}],"wp:attachment":[{"href":"https:\/\/www.rivera.gub.uy\/social\/wp-json\/wp\/v2\/media?parent=2246"}],"wp:term":[{"taxonomy":"category","embeddable":true,"href":"https:\/\/www.rivera.gub.uy\/social\/wp-json\/wp\/v2\/categories?post=2246"},{"taxonomy":"post_tag","embeddable":true,"href":"https:\/\/www.rivera.gub.uy\/social\/wp-json\/wp\/v2\/tags?post=2246"}],"curies":[{"name":"wp","href":"https:\/\/api.w.org\/{rel}","templated":true}]}}