{"id":2257,"date":"2017-11-24T13:02:29","date_gmt":"2017-11-24T13:02:29","guid":{"rendered":"http:\/\/rivera.gub.uy\/social\/?p=2257"},"modified":"2017-11-24T13:03:12","modified_gmt":"2017-11-24T13:03:12","slug":"concierto-de-guitarra","status":"publish","type":"post","link":"https:\/\/www.rivera.gub.uy\/social\/concierto-de-guitarra\/","title":{"rendered":"Concierto de Guitarra"},"content":{"rendered":"<p>Este viernes 24 de noviembre, el concertista internacional del Sodre, Eduardo Fern\u00e1ndez, realizar\u00e1 una presentaci\u00f3n en nuestra ciudad.<\/p>\n<p>El evento tendr\u00e1 lugar en el Teatro Municipal de Rivera, a las 20:30 horas, con entrada \u00fanica a $100.<\/p>\n<p>&nbsp;<\/p>\n<p><a href=\"http:\/\/rivera.gub.uy\/social\/wp-content\/uploads\/2017\/11\/Banner-Eduardo-Fernandez-01.png\"><img loading=\"lazy\" decoding=\"async\" class=\"aligncenter wp-image-2258 size-medium\" src=\"http:\/\/rivera.gub.uy\/social\/wp-content\/uploads\/2017\/11\/Banner-Eduardo-Fernandez-01-300x300.png\" alt=\"\" width=\"300\" height=\"300\" srcset=\"https:\/\/www.rivera.gub.uy\/social\/wp-content\/uploads\/2017\/11\/Banner-Eduardo-Fernandez-01-300x300.png 300w, https:\/\/www.rivera.gub.uy\/social\/wp-content\/uploads\/2017\/11\/Banner-Eduardo-Fernandez-01-150x150.png 150w, https:\/\/www.rivera.gub.uy\/social\/wp-content\/uploads\/2017\/11\/Banner-Eduardo-Fernandez-01-768x768.png 768w, https:\/\/www.rivera.gub.uy\/social\/wp-content\/uploads\/2017\/11\/Banner-Eduardo-Fernandez-01-820x820.png 820w, https:\/\/www.rivera.gub.uy\/social\/wp-content\/uploads\/2017\/11\/Banner-Eduardo-Fernandez-01.png 1000w\" sizes=\"(max-width: 300px) 100vw, 300px\" \/><\/a><\/p>\n<p>&nbsp;<\/p>\n","protected":false},"excerpt":{"rendered":"<p>Este viernes 24 de noviembre, el concertista internacional del Sodre, Eduardo Fern\u00e1ndez, realizar\u00e1 una presentaci\u00f3n en nuestra ciudad. El evento tendr\u00e1 lugar en el Teatro Municipal de Rivera, a las 20:30 horas, con entrada \u00fanica a $100. &nbsp; &nbsp;<\/p>\n","protected":false},"author":2,"featured_media":2258,"comment_status":"open","ping_status":"open","sticky":false,"template":"","format":"standard","meta":{"footnotes":""},"categories":[8,1],"tags":[122,58,121,38,17],"_links":{"self":[{"href":"https:\/\/www.rivera.gub.uy\/social\/wp-json\/wp\/v2\/posts\/2257"}],"collection":[{"href":"https:\/\/www.rivera.gub.uy\/social\/wp-json\/wp\/v2\/posts"}],"about":[{"href":"https:\/\/www.rivera.gub.uy\/social\/wp-json\/wp\/v2\/types\/post"}],"author":[{"embeddable":true,"href":"https:\/\/www.rivera.gub.uy\/social\/wp-json\/wp\/v2\/users\/2"}],"replies":[{"embeddable":true,"href":"https:\/\/www.rivera.gub.uy\/social\/wp-json\/wp\/v2\/comments?post=2257"}],"version-history":[{"count":2,"href":"https:\/\/www.rivera.gub.uy\/social\/wp-json\/wp\/v2\/posts\/2257\/revisions"}],"predecessor-version":[{"id":2260,"href":"https:\/\/www.rivera.gub.uy\/social\/wp-json\/wp\/v2\/posts\/2257\/revisions\/2260"}],"wp:featuredmedia":[{"embeddable":true,"href":"https:\/\/www.rivera.gub.uy\/social\/wp-json\/wp\/v2\/media\/2258"}],"wp:attachment":[{"href":"https:\/\/www.rivera.gub.uy\/social\/wp-json\/wp\/v2\/media?parent=2257"}],"wp:term":[{"taxonomy":"category","embeddable":true,"href":"https:\/\/www.rivera.gub.uy\/social\/wp-json\/wp\/v2\/categories?post=2257"},{"taxonomy":"post_tag","embeddable":true,"href":"https:\/\/www.rivera.gub.uy\/social\/wp-json\/wp\/v2\/tags?post=2257"}],"curies":[{"name":"wp","href":"https:\/\/api.w.org\/{rel}","templated":true}]}}