{"id":2335,"date":"2017-11-27T14:49:22","date_gmt":"2017-11-27T14:49:22","guid":{"rendered":"http:\/\/rivera.gub.uy\/social\/?p=2335"},"modified":"2017-11-29T13:55:00","modified_gmt":"2017-11-29T13:55:00","slug":"suspendidos-los-partidos-de-la-4ta-fecha-del-campeonato-infantil-de-futbol-de-barrios-del-pasado-fin-de-semana","status":"publish","type":"post","link":"https:\/\/www.rivera.gub.uy\/social\/suspendidos-los-partidos-de-la-4ta-fecha-del-campeonato-infantil-de-futbol-de-barrios-del-pasado-fin-de-semana\/","title":{"rendered":"Suspendidos los partidos del Campeonato Infantil de F\u00fatbol de Barrios, el pasado fin de semana"},"content":{"rendered":"<div class=\"\">\n<div class=\"_1mf _1mj\">Lamentablemente por mal tiempo fuimos obligados a suspender los encuentros de la 4ta. fecha del Campeonato Infantil de F\u00fatbol de Barrios del pasado fin de semana.<\/div>\n<\/div>\n<div class=\"\">\n<div class=\"_1mf _1mj\">Los partidos se jugar\u00e1n la tarde de \u00e9ste mi\u00e9rcoles 29 y jueves 30 de noviembre en las canchas del Polideportivo Don Bosco en los siguientes horarios:<\/div>\n<\/div>\n<p><!--more--><\/p>\n<div class=\"\">\n<div class=\"_1mf _1mj\">Mi\u00e9rcoles 29 de noviembre:<\/div>\n<\/div>\n<div class=\"\">\n<div class=\"_1mf _1mj\">17:30 hs.<\/div>\n<\/div>\n<div class=\"\">\n<div class=\"_1mf _1mj\">Salesiano vs Santa Isabel<\/div>\n<\/div>\n<div class=\"\">\n<div class=\"_1mf _1mj\">Bisio vs Don Bosco<\/div>\n<\/div>\n<div class=\"\">\n<div class=\"_1mf _1mj\">18:10 hs.<\/div>\n<\/div>\n<div class=\"\">\n<div class=\"_1mf _1mj\">Misiones vs Saavedra<\/div>\n<\/div>\n<div class=\"\">\n<div class=\"_1mf _1mj\">La Raca vs La Arenera<\/div>\n<\/div>\n<div class=\"\"><\/div>\n<div class=\"\">\n<div class=\"_1mf _1mj\">Jueves 30 de noviembre<\/div>\n<\/div>\n<div class=\"\">\n<div class=\"_1mf _1mj\">17:30 hs.<\/div>\n<\/div>\n<div class=\"\">\n<div class=\"_1mf _1mj\">La Pedrera vs Tres Cruces<\/div>\n<\/div>\n<div class=\"\">\n<div class=\"_1mf _1mj\">Rampla vs Villa Sonia<\/div>\n<\/div>\n<div class=\"\">\n<div class=\"_1mf _1mj\">18:10 hs.<\/div>\n<\/div>\n<div class=\"\">\n<div class=\"_1mf _1mj\">Santa Teresa vs Recreo<\/div>\n<\/div>\n<div class=\"\"><\/div>\n<div class=\"\">\n<div class=\"_1mf _1mj\">Ven\u00ed a alentar tu barrio!<\/div>\n<\/div>\n<div><\/div>\n","protected":false},"excerpt":{"rendered":"<p>Lamentablemente por mal tiempo fuimos obligados a suspender los encuentros de la 4ta. fecha del Campeonato Infantil de F\u00fatbol de Barrios del pasado fin de semana. Los partidos se jugar\u00e1n la tarde de \u00e9ste mi\u00e9rcoles 29 y jueves 30 de noviembre en las canchas del Polideportivo Don Bosco en los siguientes horarios:<\/p>\n","protected":false},"author":4,"featured_media":2336,"comment_status":"open","ping_status":"open","sticky":false,"template":"","format":"standard","meta":{"footnotes":""},"categories":[6,8,5,1,7],"tags":[67,12,25,38,17],"_links":{"self":[{"href":"https:\/\/www.rivera.gub.uy\/social\/wp-json\/wp\/v2\/posts\/2335"}],"collection":[{"href":"https:\/\/www.rivera.gub.uy\/social\/wp-json\/wp\/v2\/posts"}],"about":[{"href":"https:\/\/www.rivera.gub.uy\/social\/wp-json\/wp\/v2\/types\/post"}],"author":[{"embeddable":true,"href":"https:\/\/www.rivera.gub.uy\/social\/wp-json\/wp\/v2\/users\/4"}],"replies":[{"embeddable":true,"href":"https:\/\/www.rivera.gub.uy\/social\/wp-json\/wp\/v2\/comments?post=2335"}],"version-history":[{"count":4,"href":"https:\/\/www.rivera.gub.uy\/social\/wp-json\/wp\/v2\/posts\/2335\/revisions"}],"predecessor-version":[{"id":2358,"href":"https:\/\/www.rivera.gub.uy\/social\/wp-json\/wp\/v2\/posts\/2335\/revisions\/2358"}],"wp:featuredmedia":[{"embeddable":true,"href":"https:\/\/www.rivera.gub.uy\/social\/wp-json\/wp\/v2\/media\/2336"}],"wp:attachment":[{"href":"https:\/\/www.rivera.gub.uy\/social\/wp-json\/wp\/v2\/media?parent=2335"}],"wp:term":[{"taxonomy":"category","embeddable":true,"href":"https:\/\/www.rivera.gub.uy\/social\/wp-json\/wp\/v2\/categories?post=2335"},{"taxonomy":"post_tag","embeddable":true,"href":"https:\/\/www.rivera.gub.uy\/social\/wp-json\/wp\/v2\/tags?post=2335"}],"curies":[{"name":"wp","href":"https:\/\/api.w.org\/{rel}","templated":true}]}}