{"id":2339,"date":"2017-11-29T13:30:40","date_gmt":"2017-11-29T13:30:40","guid":{"rendered":"http:\/\/rivera.gub.uy\/social\/?p=2339"},"modified":"2017-11-30T11:17:53","modified_gmt":"2017-11-30T11:17:53","slug":"festejamos-los-10-anos-ininterrumpidos-de-clases-de-gimnasia-para-la-3ra-edad","status":"publish","type":"post","link":"https:\/\/www.rivera.gub.uy\/social\/festejamos-los-10-anos-ininterrumpidos-de-clases-de-gimnasia-para-la-3ra-edad\/","title":{"rendered":"Festejamos los 10 a\u00f1os ininterrumpidos de clases de gimnasia para la 3\u00aa edad"},"content":{"rendered":"<div class=\"\">\n<div class=\"_1mf _1mj\">Muchos son los motivos para celebrar los 10 a\u00f1os ininterrumpidos de clases de gimnasia para la 3ra. edad brindados de forma GRATUITA por La Direcci\u00f3n General de Promoci\u00f3n y Acci\u00f3n Social a trav\u00e9s Divisi\u00f3n Deportes.<\/div>\n<\/div>\n<p><!--more--><\/p>\n<div class=\"\">\n<div class=\"_1mf _1mj\">A lo largo de los a\u00f1os han pasado por los grupos cientos de riverenses que encontraron en la actividad una forma de mejorar su calidad de vida y al mismo tiempo integrar un grupo de amigas y amigos en el cual pudieron compartir viajes, paseos, comidas e infinitos momentos de confraternizaci\u00f3n imprescindibles para el bienestar f\u00edsico y psicol\u00f3gico de \u00e9sas personas que disfrutan un momento tan especial de la vida.<\/div>\n<\/div>\n<div class=\"\">\n<div class=\"_1mf _1mj\">Las clases son dictadas por el Licenciado en Educaci\u00f3n F\u00edsica Marcelo Castillo que desde el a\u00f1o 2007 planifica clases de gimnasia especial para esa edad, teniendo en cuenta un especial cuidado y dedicaci\u00f3n con cada una de sus alumnas y alumnos. Las mismas se desarrollan dos veces por semana en el Club Uruguay y APENJUR con una asistencia promedio de 40 a 50 personas por grupo.<\/div>\n<\/div>\n<div class=\"\">\n<div class=\"_1mf _1mj\">En la tarde de ayer martes, ambos grupos junto al Profesor y el Director de Divisi\u00f3n Deportes Horacio Hern\u00e1ndez celebraron con una jornada que comenz\u00f3 a las 8:30 y se extendi\u00f3 hasta 18:00 horas en la sede campestre de Los Lagos del Norte donde disfrutaron de actividad f\u00edsica, juegos, comidas y teatro.<\/div>\n<\/div>\n<div class=\"\"><\/div>\n<div class=\"\">\n<div class=\"_1mf _1mj\">No nos queda m\u00e1s que agradecer a cada uno de ellos por todo el cari\u00f1o, la confianza y el respeto que vuelcan hacia nosotros.<\/div>\n<\/div>\n<div><\/div>\n<div>\n<div id='gallery-1' class='gallery galleryid-2339 gallery-columns-5 gallery-size-thumbnail'><figure class='gallery-item'>\n\t\t\t<div class='gallery-icon landscape'>\n\t\t\t\t<a href='https:\/\/www.rivera.gub.uy\/social\/wp-content\/uploads\/2017\/11\/24296769_1707158692669174_3966112359311361086_n-1.jpg'><img loading=\"lazy\" decoding=\"async\" width=\"150\" height=\"150\" src=\"https:\/\/www.rivera.gub.uy\/social\/wp-content\/uploads\/2017\/11\/24296769_1707158692669174_3966112359311361086_n-1-150x150.jpg\" class=\"attachment-thumbnail size-thumbnail\" alt=\"\" \/><\/a>\n\t\t\t<\/div><\/figure><figure class='gallery-item'>\n\t\t\t<div class='gallery-icon landscape'>\n\t\t\t\t<a href='https:\/\/www.rivera.gub.uy\/social\/wp-content\/uploads\/2017\/11\/24294048_1707159426002434_3564254585079511109_n.jpg'><img loading=\"lazy\" decoding=\"async\" width=\"150\" height=\"150\" src=\"https:\/\/www.rivera.gub.uy\/social\/wp-content\/uploads\/2017\/11\/24294048_1707159426002434_3564254585079511109_n-150x150.jpg\" class=\"attachment-thumbnail size-thumbnail\" alt=\"\" \/><\/a>\n\t\t\t<\/div><\/figure><figure class='gallery-item'>\n\t\t\t<div class='gallery-icon landscape'>\n\t\t\t\t<a href='https:\/\/www.rivera.gub.uy\/social\/wp-content\/uploads\/2017\/11\/24296426_1707159509335759_7717158239607113560_n.jpg'><img loading=\"lazy\" decoding=\"async\" width=\"150\" height=\"150\" src=\"https:\/\/www.rivera.gub.uy\/social\/wp-content\/uploads\/2017\/11\/24296426_1707159509335759_7717158239607113560_n-150x150.jpg\" class=\"attachment-thumbnail size-thumbnail\" alt=\"\" \/><\/a>\n\t\t\t<\/div><\/figure><figure class='gallery-item'>\n\t\t\t<div class='gallery-icon landscape'>\n\t\t\t\t<a href='https:\/\/www.rivera.gub.uy\/social\/wp-content\/uploads\/2017\/11\/24231848_1707158776002499_2386891591258717674_n.jpg'><img loading=\"lazy\" decoding=\"async\" width=\"150\" height=\"150\" src=\"https:\/\/www.rivera.gub.uy\/social\/wp-content\/uploads\/2017\/11\/24231848_1707158776002499_2386891591258717674_n-150x150.jpg\" class=\"attachment-thumbnail size-thumbnail\" alt=\"\" \/><\/a>\n\t\t\t<\/div><\/figure><figure class='gallery-item'>\n\t\t\t<div class='gallery-icon landscape'>\n\t\t\t\t<a href='https:\/\/www.rivera.gub.uy\/social\/wp-content\/uploads\/2017\/11\/24129651_1707159149335795_2999052591471754784_n.jpg'><img loading=\"lazy\" decoding=\"async\" width=\"150\" height=\"150\" src=\"https:\/\/www.rivera.gub.uy\/social\/wp-content\/uploads\/2017\/11\/24129651_1707159149335795_2999052591471754784_n-150x150.jpg\" class=\"attachment-thumbnail size-thumbnail\" alt=\"\" \/><\/a>\n\t\t\t<\/div><\/figure><figure class='gallery-item'>\n\t\t\t<div class='gallery-icon landscape'>\n\t\t\t\t<a href='https:\/\/www.rivera.gub.uy\/social\/wp-content\/uploads\/2017\/11\/24129580_1707158909335819_8310082357085981101_n.jpg'><img loading=\"lazy\" decoding=\"async\" width=\"150\" height=\"150\" src=\"https:\/\/www.rivera.gub.uy\/social\/wp-content\/uploads\/2017\/11\/24129580_1707158909335819_8310082357085981101_n-150x150.jpg\" class=\"attachment-thumbnail size-thumbnail\" alt=\"\" \/><\/a>\n\t\t\t<\/div><\/figure><figure class='gallery-item'>\n\t\t\t<div class='gallery-icon landscape'>\n\t\t\t\t<a href='https:\/\/www.rivera.gub.uy\/social\/wp-content\/uploads\/2017\/11\/24129565_1707159609335749_580206099430814272_n.jpg'><img loading=\"lazy\" decoding=\"async\" width=\"150\" height=\"150\" src=\"https:\/\/www.rivera.gub.uy\/social\/wp-content\/uploads\/2017\/11\/24129565_1707159609335749_580206099430814272_n-150x150.jpg\" class=\"attachment-thumbnail size-thumbnail\" alt=\"\" \/><\/a>\n\t\t\t<\/div><\/figure><figure class='gallery-item'>\n\t\t\t<div class='gallery-icon landscape'>\n\t\t\t\t<a href='https:\/\/www.rivera.gub.uy\/social\/wp-content\/uploads\/2017\/11\/24067839_1707159986002378_5915175331879922129_n.jpg'><img loading=\"lazy\" decoding=\"async\" width=\"150\" height=\"150\" src=\"https:\/\/www.rivera.gub.uy\/social\/wp-content\/uploads\/2017\/11\/24067839_1707159986002378_5915175331879922129_n-150x150.jpg\" class=\"attachment-thumbnail size-thumbnail\" alt=\"\" \/><\/a>\n\t\t\t<\/div><\/figure><figure class='gallery-item'>\n\t\t\t<div class='gallery-icon landscape'>\n\t\t\t\t<a href='https:\/\/www.rivera.gub.uy\/social\/wp-content\/uploads\/2017\/11\/24059193_1707159336002443_1657799956935181813_n.jpg'><img loading=\"lazy\" decoding=\"async\" width=\"150\" height=\"150\" src=\"https:\/\/www.rivera.gub.uy\/social\/wp-content\/uploads\/2017\/11\/24059193_1707159336002443_1657799956935181813_n-150x150.jpg\" class=\"attachment-thumbnail size-thumbnail\" alt=\"\" \/><\/a>\n\t\t\t<\/div><\/figure>\n\t\t<\/div>\n\n<\/div>\n<div><\/div>\n","protected":false},"excerpt":{"rendered":"<p>Muchos son los motivos para celebrar los 10 a\u00f1os ininterrumpidos de clases de gimnasia para la 3ra. edad brindados de forma GRATUITA por La Direcci\u00f3n General de Promoci\u00f3n y Acci\u00f3n Social a trav\u00e9s Divisi\u00f3n Deportes.<\/p>\n","protected":false},"author":4,"featured_media":2351,"comment_status":"open","ping_status":"open","sticky":false,"template":"","format":"standard","meta":{"footnotes":""},"categories":[5,1],"tags":[12,38,17],"_links":{"self":[{"href":"https:\/\/www.rivera.gub.uy\/social\/wp-json\/wp\/v2\/posts\/2339"}],"collection":[{"href":"https:\/\/www.rivera.gub.uy\/social\/wp-json\/wp\/v2\/posts"}],"about":[{"href":"https:\/\/www.rivera.gub.uy\/social\/wp-json\/wp\/v2\/types\/post"}],"author":[{"embeddable":true,"href":"https:\/\/www.rivera.gub.uy\/social\/wp-json\/wp\/v2\/users\/4"}],"replies":[{"embeddable":true,"href":"https:\/\/www.rivera.gub.uy\/social\/wp-json\/wp\/v2\/comments?post=2339"}],"version-history":[{"count":5,"href":"https:\/\/www.rivera.gub.uy\/social\/wp-json\/wp\/v2\/posts\/2339\/revisions"}],"predecessor-version":[{"id":2361,"href":"https:\/\/www.rivera.gub.uy\/social\/wp-json\/wp\/v2\/posts\/2339\/revisions\/2361"}],"wp:featuredmedia":[{"embeddable":true,"href":"https:\/\/www.rivera.gub.uy\/social\/wp-json\/wp\/v2\/media\/2351"}],"wp:attachment":[{"href":"https:\/\/www.rivera.gub.uy\/social\/wp-json\/wp\/v2\/media?parent=2339"}],"wp:term":[{"taxonomy":"category","embeddable":true,"href":"https:\/\/www.rivera.gub.uy\/social\/wp-json\/wp\/v2\/categories?post=2339"},{"taxonomy":"post_tag","embeddable":true,"href":"https:\/\/www.rivera.gub.uy\/social\/wp-json\/wp\/v2\/tags?post=2339"}],"curies":[{"name":"wp","href":"https:\/\/api.w.org\/{rel}","templated":true}]}}