{"id":2363,"date":"2017-12-01T12:16:28","date_gmt":"2017-12-01T12:16:28","guid":{"rendered":"http:\/\/rivera.gub.uy\/social\/?p=2363"},"modified":"2017-12-05T15:20:30","modified_gmt":"2017-12-05T15:20:30","slug":"despedida-de-fin-de-ano-de-la-escuela-municipal-de-boxeo","status":"publish","type":"post","link":"https:\/\/www.rivera.gub.uy\/social\/despedida-de-fin-de-ano-de-la-escuela-municipal-de-boxeo\/","title":{"rendered":"Despedida de fin de a\u00f1o de la Escuela Municipal de Boxeo"},"content":{"rendered":"<div class=\"\">\n<div class=\"_1mf _1mj\">La Direcci\u00f3n General de Promoci\u00f3n y Acci\u00f3n Social\u00a0 a trav\u00e9s de Divisi\u00f3n Deportes invita a la despedida de fin de a\u00f1o de la Escuela Municipal de Boxeo.<\/div>\n<\/div>\n<p><!--more--><\/p>\n<div class=\"\">\n<div class=\"_1mf _1mj\">Ni\u00f1os y j\u00f3venes har\u00e1n una demostraci\u00f3n de boxeo y compartir\u00e1n momentos de alegr\u00eda festejando el cierre de un a\u00f1o con muchas actividades.<\/div>\n<\/div>\n<div class=\"\">\n<div class=\"_1mf _1mj\">Los esperamos el d\u00eda 9 de diciembre a las 19hs. en la Escuela Municipal de Boxeo (Av. Cuar\u00f3 23.)<\/div>\n<\/div>\n<div class=\"\">\n<div class=\"_1mf _1mj\">Entrada LIBRE.<\/div>\n<\/div>\n","protected":false},"excerpt":{"rendered":"<p>La Direcci\u00f3n General de Promoci\u00f3n y Acci\u00f3n Social\u00a0 a trav\u00e9s de Divisi\u00f3n Deportes invita a la despedida de fin de a\u00f1o de la Escuela Municipal de Boxeo.<\/p>\n","protected":false},"author":4,"featured_media":2364,"comment_status":"open","ping_status":"open","sticky":false,"template":"","format":"standard","meta":{"footnotes":""},"categories":[5,1],"tags":[102,12,38,17],"_links":{"self":[{"href":"https:\/\/www.rivera.gub.uy\/social\/wp-json\/wp\/v2\/posts\/2363"}],"collection":[{"href":"https:\/\/www.rivera.gub.uy\/social\/wp-json\/wp\/v2\/posts"}],"about":[{"href":"https:\/\/www.rivera.gub.uy\/social\/wp-json\/wp\/v2\/types\/post"}],"author":[{"embeddable":true,"href":"https:\/\/www.rivera.gub.uy\/social\/wp-json\/wp\/v2\/users\/4"}],"replies":[{"embeddable":true,"href":"https:\/\/www.rivera.gub.uy\/social\/wp-json\/wp\/v2\/comments?post=2363"}],"version-history":[{"count":3,"href":"https:\/\/www.rivera.gub.uy\/social\/wp-json\/wp\/v2\/posts\/2363\/revisions"}],"predecessor-version":[{"id":2444,"href":"https:\/\/www.rivera.gub.uy\/social\/wp-json\/wp\/v2\/posts\/2363\/revisions\/2444"}],"wp:featuredmedia":[{"embeddable":true,"href":"https:\/\/www.rivera.gub.uy\/social\/wp-json\/wp\/v2\/media\/2364"}],"wp:attachment":[{"href":"https:\/\/www.rivera.gub.uy\/social\/wp-json\/wp\/v2\/media?parent=2363"}],"wp:term":[{"taxonomy":"category","embeddable":true,"href":"https:\/\/www.rivera.gub.uy\/social\/wp-json\/wp\/v2\/categories?post=2363"},{"taxonomy":"post_tag","embeddable":true,"href":"https:\/\/www.rivera.gub.uy\/social\/wp-json\/wp\/v2\/tags?post=2363"}],"curies":[{"name":"wp","href":"https:\/\/api.w.org\/{rel}","templated":true}]}}