{"id":2366,"date":"2017-12-01T13:54:23","date_gmt":"2017-12-01T13:54:23","guid":{"rendered":"http:\/\/rivera.gub.uy\/social\/?p=2366"},"modified":"2017-12-05T15:21:13","modified_gmt":"2017-12-05T15:21:13","slug":"barrialito-2017","status":"publish","type":"post","link":"https:\/\/www.rivera.gub.uy\/social\/barrialito-2017\/","title":{"rendered":"BARRIALITO 2017"},"content":{"rendered":"<div class=\"\">\n<div class=\"_1mf _1mj\">Una vez mas cerramos el a\u00f1o con una gran fiesta para todos los ni\u00f1os y ni\u00f1as que participaron de las actividades de f\u00fatbol en los barrios a cargo de Divisi\u00f3n Deportes.<\/div>\n<\/div>\n<div class=\"\">\n<div class=\"_1mf _1mj\">BARRIALITO 2017.<\/div>\n<\/div>\n<p><!--more--><\/p>\n<div class=\"\">\n<div class=\"_1mf _1mj\">El a\u00f1o pasado participaron mas 800 ni\u00f1os de todos los barrios de la cuidad y del interior del departamento, en \u00e9ste 2017 se estima una participaci\u00f3n similar.<\/div>\n<\/div>\n<div class=\"\">\n<div class=\"_1mf _1mj\">Se dividir\u00e1 en 4 la cancha principal del Estadio Atilio Paiva Olivera donde se jugar\u00e1n tandas de 4 partidos simult\u00e1neos y se finalizar\u00e1 la jornada con una merienda para todos los chicos.<\/div>\n<\/div>\n<div class=\"\">\n<div class=\"_1mf _1mj\">Esperamos contar nuevamente con la presencia de todos los padres, familiares, amigos y vecinos.<\/div>\n<\/div>\n<div class=\"\">\n<div class=\"_1mf _1mj\"><\/div>\n<\/div>\n<div class=\"\">\n<div class=\"_1mf _1mj\">Domingo 10 de diciembre \/ 17:00 horas.<\/div>\n<\/div>\n<div class=\"\">\n<div class=\"_1mf _1mj\">Estadio Atilio Paiva Olivera.<\/div>\n<\/div>\n","protected":false},"excerpt":{"rendered":"<p>Una vez mas cerramos el a\u00f1o con una gran fiesta para todos los ni\u00f1os y ni\u00f1as que participaron de las actividades de f\u00fatbol en los barrios a cargo de Divisi\u00f3n Deportes. BARRIALITO 2017.<\/p>\n","protected":false},"author":4,"featured_media":2367,"comment_status":"open","ping_status":"open","sticky":false,"template":"","format":"standard","meta":{"footnotes":""},"categories":[6,8,5,1,7],"tags":[12,38,17],"_links":{"self":[{"href":"https:\/\/www.rivera.gub.uy\/social\/wp-json\/wp\/v2\/posts\/2366"}],"collection":[{"href":"https:\/\/www.rivera.gub.uy\/social\/wp-json\/wp\/v2\/posts"}],"about":[{"href":"https:\/\/www.rivera.gub.uy\/social\/wp-json\/wp\/v2\/types\/post"}],"author":[{"embeddable":true,"href":"https:\/\/www.rivera.gub.uy\/social\/wp-json\/wp\/v2\/users\/4"}],"replies":[{"embeddable":true,"href":"https:\/\/www.rivera.gub.uy\/social\/wp-json\/wp\/v2\/comments?post=2366"}],"version-history":[{"count":2,"href":"https:\/\/www.rivera.gub.uy\/social\/wp-json\/wp\/v2\/posts\/2366\/revisions"}],"predecessor-version":[{"id":2445,"href":"https:\/\/www.rivera.gub.uy\/social\/wp-json\/wp\/v2\/posts\/2366\/revisions\/2445"}],"wp:featuredmedia":[{"embeddable":true,"href":"https:\/\/www.rivera.gub.uy\/social\/wp-json\/wp\/v2\/media\/2367"}],"wp:attachment":[{"href":"https:\/\/www.rivera.gub.uy\/social\/wp-json\/wp\/v2\/media?parent=2366"}],"wp:term":[{"taxonomy":"category","embeddable":true,"href":"https:\/\/www.rivera.gub.uy\/social\/wp-json\/wp\/v2\/categories?post=2366"},{"taxonomy":"post_tag","embeddable":true,"href":"https:\/\/www.rivera.gub.uy\/social\/wp-json\/wp\/v2\/tags?post=2366"}],"curies":[{"name":"wp","href":"https:\/\/api.w.org\/{rel}","templated":true}]}}