{"id":2454,"date":"2017-12-06T12:32:10","date_gmt":"2017-12-06T12:32:10","guid":{"rendered":"http:\/\/rivera.gub.uy\/social\/?p=2454"},"modified":"2017-12-06T14:05:27","modified_gmt":"2017-12-06T14:05:27","slug":"se-disputa-la-6ta-fecha-de-la-ultima-etapa-del-campeonato-infantil-de-futbol-de-barrios","status":"publish","type":"post","link":"https:\/\/www.rivera.gub.uy\/social\/se-disputa-la-6ta-fecha-de-la-ultima-etapa-del-campeonato-infantil-de-futbol-de-barrios\/","title":{"rendered":"Se disputa la 6\u00aa fecha de la \u00faltima etapa del Campeonato Infantil de F\u00fatbol de Barrios"},"content":{"rendered":"<div class=\"\">\n<div class=\"_1mf _1mj\">Divisi\u00f3n Deportes informa que Hoy mi\u00e9rcoles 6 y ma\u00f1ana jueves 7 de diciembre se disputa la 6ta. fecha de la \u00faltima etapa (Sub. 10) del Campeonato Infantil de F\u00fatbol de Barrios en el Polideportivo Don Bosco.<\/div>\n<\/div>\n<p><!--more--><\/p>\n<div class=\"\"><\/div>\n<div class=\"\">\n<div class=\"_1mf _1mj\">Mi\u00e9rcoles 06<\/div>\n<\/div>\n<div class=\"\">\n<div class=\"_1mf _1mj\">17:30 hs.<\/div>\n<\/div>\n<div class=\"\">\n<div class=\"_1mf _1mj\">Rampla vs Don Bosco<\/div>\n<\/div>\n<div class=\"\">\n<div class=\"_1mf _1mj\">Salesiano vs Villa Sonia<\/div>\n<\/div>\n<div class=\"\">\n<div class=\"_1mf _1mj\">18:10 hs.<\/div>\n<\/div>\n<div class=\"\">\n<div class=\"_1mf _1mj\">Bisio vs Saavedra<\/div>\n<\/div>\n<div class=\"\">\n<div class=\"_1mf _1mj\">Santa Teresa vs Santa Isabel<\/div>\n<\/div>\n<div class=\"\"><\/div>\n<div class=\"\">\n<div class=\"_1mf _1mj\">Jueves 7<\/div>\n<\/div>\n<div class=\"\">\n<div class=\"_1mf _1mj\">17:30 hs.<\/div>\n<\/div>\n<div class=\"\">\n<div class=\"_1mf _1mj\">La Pedrera vs La Arenera<\/div>\n<\/div>\n<div class=\"\">\n<div class=\"_1mf _1mj\">18:10 hs.<\/div>\n<\/div>\n<div class=\"\">\n<div class=\"_1mf _1mj\">Misiones vs Tres Cruces<\/div>\n<\/div>\n<div class=\"\">\n<div class=\"_1mf _1mj\">Recreo vs La Raca<\/div>\n<\/div>\n<div class=\"\"><\/div>\n<div class=\"\">\n<div class=\"_1mf _1mj\">Ven\u00ed a alentar tu barrio!<\/div>\n<\/div>\n","protected":false},"excerpt":{"rendered":"<p>Divisi\u00f3n Deportes informa que Hoy mi\u00e9rcoles 6 y ma\u00f1ana jueves 7 de diciembre se disputa la 6ta. fecha de la \u00faltima etapa (Sub. 10) del Campeonato Infantil de F\u00fatbol de Barrios en el Polideportivo Don Bosco.<\/p>\n","protected":false},"author":4,"featured_media":2455,"comment_status":"open","ping_status":"open","sticky":false,"template":"","format":"standard","meta":{"footnotes":""},"categories":[5,1],"tags":[12,25,38,17],"_links":{"self":[{"href":"https:\/\/www.rivera.gub.uy\/social\/wp-json\/wp\/v2\/posts\/2454"}],"collection":[{"href":"https:\/\/www.rivera.gub.uy\/social\/wp-json\/wp\/v2\/posts"}],"about":[{"href":"https:\/\/www.rivera.gub.uy\/social\/wp-json\/wp\/v2\/types\/post"}],"author":[{"embeddable":true,"href":"https:\/\/www.rivera.gub.uy\/social\/wp-json\/wp\/v2\/users\/4"}],"replies":[{"embeddable":true,"href":"https:\/\/www.rivera.gub.uy\/social\/wp-json\/wp\/v2\/comments?post=2454"}],"version-history":[{"count":4,"href":"https:\/\/www.rivera.gub.uy\/social\/wp-json\/wp\/v2\/posts\/2454\/revisions"}],"predecessor-version":[{"id":2459,"href":"https:\/\/www.rivera.gub.uy\/social\/wp-json\/wp\/v2\/posts\/2454\/revisions\/2459"}],"wp:featuredmedia":[{"embeddable":true,"href":"https:\/\/www.rivera.gub.uy\/social\/wp-json\/wp\/v2\/media\/2455"}],"wp:attachment":[{"href":"https:\/\/www.rivera.gub.uy\/social\/wp-json\/wp\/v2\/media?parent=2454"}],"wp:term":[{"taxonomy":"category","embeddable":true,"href":"https:\/\/www.rivera.gub.uy\/social\/wp-json\/wp\/v2\/categories?post=2454"},{"taxonomy":"post_tag","embeddable":true,"href":"https:\/\/www.rivera.gub.uy\/social\/wp-json\/wp\/v2\/tags?post=2454"}],"curies":[{"name":"wp","href":"https:\/\/api.w.org\/{rel}","templated":true}]}}