{"id":2527,"date":"2017-12-08T12:04:32","date_gmt":"2017-12-08T12:04:32","guid":{"rendered":"http:\/\/rivera.gub.uy\/social\/?p=2527"},"modified":"2017-12-13T17:13:15","modified_gmt":"2017-12-13T17:13:15","slug":"5ta-fecha-del-torneo-de-tenis-de-mesa-gran-copa-alfajores-molke","status":"publish","type":"post","link":"https:\/\/www.rivera.gub.uy\/social\/5ta-fecha-del-torneo-de-tenis-de-mesa-gran-copa-alfajores-molke\/","title":{"rendered":"5\u00aa fecha del Torneo de Tenis de Mesa gran copa \u00abAlfajores Molke\u00bb"},"content":{"rendered":"<div class=\"\">\n<div class=\"_1mf _1mj\">Ma\u00f1ana s\u00e1bado en Shopping Melancia, se juega la 5ta. fecha del Torneo de Tenis de Mesa gran copa \u00abAlfajores Molke\u00bb.<\/div>\n<\/div>\n<div class=\"\"><\/div>\n<div class=\"\">\n<div class=\"_1mf _1mj\">Divisi\u00f3n Deportes te invita a participar de la 5ta. fecha del Torneo de Tenis de Mesa gran copa \u00abAlfajores Molke en las instalaciones del Shopping Melancia ma\u00f1ana s\u00e1bado 9 de diciembre.<\/div>\n<\/div>\n<div class=\"\">\n<div class=\"_1mf _1mj\">La categor\u00eda Sub. 18 mixta comienza a las 10:00 hs. y se juega hasta las 15:00 hs., y la de adultos tambi\u00e9n mixta, inicia a las 16:00 hs. y culmina a las 18:00 hs.<\/div>\n<\/div>\n<p><!--more--><\/p>\n<div class=\"\"><\/div>\n<div class=\"\">\n<div class=\"_1mf _1mj\"><strong>INSCRIPCIONES GRATUITAS!<\/strong><\/div>\n<\/div>\n<div class=\"\"><\/div>\n<div class=\"\">\n<div class=\"_1mf _1mj\">Camisetas y medallas para los campeones!<\/div>\n<\/div>\n<div class=\"\">\n<div class=\"_1mf _1mj\">Se prestar\u00e1 paletas para los participantes que no tengan.<\/div>\n<\/div>\n<div class=\"\">\n<div class=\"_1mf _1mj\">Los esperamos.<\/div>\n<\/div>\n","protected":false},"excerpt":{"rendered":"<p>Ma\u00f1ana s\u00e1bado en Shopping Melancia, se juega la 5ta. fecha del Torneo de Tenis de Mesa gran copa \u00abAlfajores Molke\u00bb. Divisi\u00f3n Deportes te invita a participar de la 5ta. fecha del Torneo de Tenis de Mesa gran copa \u00abAlfajores Molke en las instalaciones del Shopping Melancia ma\u00f1ana s\u00e1bado 9 de diciembre. La categor\u00eda Sub. 18 [&hellip;]<\/p>\n","protected":false},"author":4,"featured_media":2528,"comment_status":"open","ping_status":"open","sticky":false,"template":"","format":"standard","meta":{"footnotes":""},"categories":[6,8,5,1,7],"tags":[12,38,17,19],"_links":{"self":[{"href":"https:\/\/www.rivera.gub.uy\/social\/wp-json\/wp\/v2\/posts\/2527"}],"collection":[{"href":"https:\/\/www.rivera.gub.uy\/social\/wp-json\/wp\/v2\/posts"}],"about":[{"href":"https:\/\/www.rivera.gub.uy\/social\/wp-json\/wp\/v2\/types\/post"}],"author":[{"embeddable":true,"href":"https:\/\/www.rivera.gub.uy\/social\/wp-json\/wp\/v2\/users\/4"}],"replies":[{"embeddable":true,"href":"https:\/\/www.rivera.gub.uy\/social\/wp-json\/wp\/v2\/comments?post=2527"}],"version-history":[{"count":4,"href":"https:\/\/www.rivera.gub.uy\/social\/wp-json\/wp\/v2\/posts\/2527\/revisions"}],"predecessor-version":[{"id":2651,"href":"https:\/\/www.rivera.gub.uy\/social\/wp-json\/wp\/v2\/posts\/2527\/revisions\/2651"}],"wp:featuredmedia":[{"embeddable":true,"href":"https:\/\/www.rivera.gub.uy\/social\/wp-json\/wp\/v2\/media\/2528"}],"wp:attachment":[{"href":"https:\/\/www.rivera.gub.uy\/social\/wp-json\/wp\/v2\/media?parent=2527"}],"wp:term":[{"taxonomy":"category","embeddable":true,"href":"https:\/\/www.rivera.gub.uy\/social\/wp-json\/wp\/v2\/categories?post=2527"},{"taxonomy":"post_tag","embeddable":true,"href":"https:\/\/www.rivera.gub.uy\/social\/wp-json\/wp\/v2\/tags?post=2527"}],"curies":[{"name":"wp","href":"https:\/\/api.w.org\/{rel}","templated":true}]}}