{"id":2628,"date":"2017-12-12T13:13:44","date_gmt":"2017-12-12T13:13:44","guid":{"rendered":"http:\/\/rivera.gub.uy\/social\/?p=2628"},"modified":"2017-12-13T17:40:54","modified_gmt":"2017-12-13T17:40:54","slug":"barrialito-2017-la-mayor-fiesta-del-futbol-infantil-del-ano","status":"publish","type":"post","link":"https:\/\/www.rivera.gub.uy\/social\/barrialito-2017-la-mayor-fiesta-del-futbol-infantil-del-ano\/","title":{"rendered":"BARRIALITO 2017&#8230; La mayor fiesta del f\u00fatbol infantil del a\u00f1o!!!"},"content":{"rendered":"<div class=\"\">La actividad de f\u00fatbol infantil de barrios, cerr\u00f3 con broche de oro el pasado domingo 10 de diciembre en el Estadio Atilio Paiva Olivera.<\/div>\n<div class=\"\">\n<div class=\"_1mf _1mj\">Una verdadera fiesta para casi 800 ni\u00f1os y ni\u00f1as de todas las edades que compartieron una tarde noche de mucho f\u00fatbol, diversi\u00f3n y alegr\u00eda jugando en la cancha principal de uno de los principales escenarios deportivos del pa\u00eds.<\/div>\n<\/div>\n<div class=\"\">\n<div class=\"_1mf _1mj\">Centenas de padres y familiares se hicieron presentes para prestigiar y compartir momentos de confraternizaci\u00f3n entre todos los barrios y hasta del interior del departamento.<\/div>\n<\/div>\n<div class=\"\">\n<div class=\"_1mf _1mj\">Luego de jugar todos contra todos en cuatro canchas simultaneas, compartieron una merienda.<\/div>\n<\/div>\n<p><!--more--><\/p>\n<div class=\"\">\n<div class=\"_1mf _1mj\">No queda mas que agradecer a todos esos chiquilines que fueron los que brillaron en Rivera Brilla, a los padres y familiares por estar siempre presentes en sus actividades, a los amigos de COMERI por darnos la tranquilidad de contar con la mejor atenci\u00f3n m\u00e9dica de emergencia durante todo el evento, a la Brigada de Caballer\u00eda N\u00ba3 por colaborar una ves mas con la estructura y personal para la elaboraci\u00f3n y distribuci\u00f3n de la merienda, a jueces brindaron su trabajo de manera honoraria y por \u00faltimo a todo el personal de Divisi\u00f3n Deportes que volc\u00f3 todo su energ\u00eda y dedicaci\u00f3n para que los chiquilines tuviera la fiesta que se merec\u00edan.<\/div>\n<div><\/div>\n<div>Fotos\u00a0washington katona costa fern\u00e1ndez \/ Prensa IDR<\/div>\n<div>M\u00e1s fotos <a href=\"https:\/\/www.facebook.com\/media\/set\/?set=a.1721963157855394.1073741870.350709164980807&amp;type=1&amp;l=782238b4ea\" target=\"_blank\" rel=\"noopener\">aqu\u00ed\u00a0<\/a><\/div>\n<div>\n<div id='gallery-1' class='gallery galleryid-2628 gallery-columns-5 gallery-size-thumbnail'><figure class='gallery-item'>\n\t\t\t<div class='gallery-icon landscape'>\n\t\t\t\t<a href='https:\/\/www.rivera.gub.uy\/social\/wp-content\/uploads\/2017\/12\/25152070_1721983204520056_7349084714022110487_n.jpg'><img loading=\"lazy\" decoding=\"async\" width=\"150\" height=\"150\" src=\"https:\/\/www.rivera.gub.uy\/social\/wp-content\/uploads\/2017\/12\/25152070_1721983204520056_7349084714022110487_n-150x150.jpg\" class=\"attachment-thumbnail size-thumbnail\" alt=\"\" \/><\/a>\n\t\t\t<\/div><\/figure><figure class='gallery-item'>\n\t\t\t<div class='gallery-icon landscape'>\n\t\t\t\t<a href='https:\/\/www.rivera.gub.uy\/social\/wp-content\/uploads\/2017\/12\/24910022_1721982131186830_1666399082798747240_n.jpg'><img loading=\"lazy\" decoding=\"async\" width=\"150\" height=\"150\" src=\"https:\/\/www.rivera.gub.uy\/social\/wp-content\/uploads\/2017\/12\/24910022_1721982131186830_1666399082798747240_n-150x150.jpg\" class=\"attachment-thumbnail size-thumbnail\" alt=\"\" \/><\/a>\n\t\t\t<\/div><\/figure><figure class='gallery-item'>\n\t\t\t<div class='gallery-icon landscape'>\n\t\t\t\t<a href='https:\/\/www.rivera.gub.uy\/social\/wp-content\/uploads\/2017\/12\/24993268_1721968574521519_6892548304458022229_n.jpg'><img loading=\"lazy\" decoding=\"async\" width=\"150\" height=\"150\" src=\"https:\/\/www.rivera.gub.uy\/social\/wp-content\/uploads\/2017\/12\/24993268_1721968574521519_6892548304458022229_n-150x150.jpg\" class=\"attachment-thumbnail size-thumbnail\" alt=\"\" \/><\/a>\n\t\t\t<\/div><\/figure><figure class='gallery-item'>\n\t\t\t<div class='gallery-icon landscape'>\n\t\t\t\t<a href='https:\/\/www.rivera.gub.uy\/social\/wp-content\/uploads\/2017\/12\/24993111_1721971117854598_4215148625310824890_n.jpg'><img loading=\"lazy\" decoding=\"async\" width=\"150\" height=\"150\" src=\"https:\/\/www.rivera.gub.uy\/social\/wp-content\/uploads\/2017\/12\/24993111_1721971117854598_4215148625310824890_n-150x150.jpg\" class=\"attachment-thumbnail size-thumbnail\" alt=\"\" \/><\/a>\n\t\t\t<\/div><\/figure><figure class='gallery-item'>\n\t\t\t<div class='gallery-icon landscape'>\n\t\t\t\t<a href='https:\/\/www.rivera.gub.uy\/social\/wp-content\/uploads\/2017\/12\/24991488_1721963844521992_7672161683412684325_n.jpg'><img loading=\"lazy\" decoding=\"async\" width=\"150\" height=\"150\" src=\"https:\/\/www.rivera.gub.uy\/social\/wp-content\/uploads\/2017\/12\/24991488_1721963844521992_7672161683412684325_n-150x150.jpg\" class=\"attachment-thumbnail size-thumbnail\" alt=\"\" \/><\/a>\n\t\t\t<\/div><\/figure><figure class='gallery-item'>\n\t\t\t<div class='gallery-icon landscape'>\n\t\t\t\t<a href='https:\/\/www.rivera.gub.uy\/social\/wp-content\/uploads\/2017\/12\/24991268_1721984721186571_4717314470174738031_n.jpg'><img loading=\"lazy\" decoding=\"async\" width=\"150\" height=\"150\" src=\"https:\/\/www.rivera.gub.uy\/social\/wp-content\/uploads\/2017\/12\/24991268_1721984721186571_4717314470174738031_n-150x150.jpg\" class=\"attachment-thumbnail size-thumbnail\" alt=\"\" \/><\/a>\n\t\t\t<\/div><\/figure><figure class='gallery-item'>\n\t\t\t<div class='gallery-icon landscape'>\n\t\t\t\t<a href='https:\/\/www.rivera.gub.uy\/social\/wp-content\/uploads\/2017\/12\/24991124_1721986924519684_7935429962005843873_n.jpg'><img loading=\"lazy\" decoding=\"async\" width=\"150\" height=\"150\" src=\"https:\/\/www.rivera.gub.uy\/social\/wp-content\/uploads\/2017\/12\/24991124_1721986924519684_7935429962005843873_n-150x150.jpg\" class=\"attachment-thumbnail size-thumbnail\" alt=\"\" \/><\/a>\n\t\t\t<\/div><\/figure><figure class='gallery-item'>\n\t\t\t<div class='gallery-icon landscape'>\n\t\t\t\t<a href='https:\/\/www.rivera.gub.uy\/social\/wp-content\/uploads\/2017\/12\/25289252_1721986164519760_2818221309384767989_n.jpg'><img loading=\"lazy\" decoding=\"async\" width=\"150\" height=\"150\" src=\"https:\/\/www.rivera.gub.uy\/social\/wp-content\/uploads\/2017\/12\/25289252_1721986164519760_2818221309384767989_n-150x150.jpg\" class=\"attachment-thumbnail size-thumbnail\" alt=\"\" \/><\/a>\n\t\t\t<\/div><\/figure><figure class='gallery-item'>\n\t\t\t<div class='gallery-icon landscape'>\n\t\t\t\t<a href='https:\/\/www.rivera.gub.uy\/social\/wp-content\/uploads\/2017\/12\/25152230_1721979384520438_8932234689670582202_n.jpg'><img loading=\"lazy\" decoding=\"async\" width=\"150\" height=\"150\" src=\"https:\/\/www.rivera.gub.uy\/social\/wp-content\/uploads\/2017\/12\/25152230_1721979384520438_8932234689670582202_n-150x150.jpg\" class=\"attachment-thumbnail size-thumbnail\" alt=\"\" \/><\/a>\n\t\t\t<\/div><\/figure><figure class='gallery-item'>\n\t\t\t<div class='gallery-icon landscape'>\n\t\t\t\t<a href='https:\/\/www.rivera.gub.uy\/social\/wp-content\/uploads\/2017\/12\/25152070_1721983204520056_7349084714022110487_n-1.jpg'><img loading=\"lazy\" decoding=\"async\" width=\"150\" height=\"150\" src=\"https:\/\/www.rivera.gub.uy\/social\/wp-content\/uploads\/2017\/12\/25152070_1721983204520056_7349084714022110487_n-1-150x150.jpg\" class=\"attachment-thumbnail size-thumbnail\" alt=\"\" \/><\/a>\n\t\t\t<\/div><\/figure><figure class='gallery-item'>\n\t\t\t<div class='gallery-icon landscape'>\n\t\t\t\t<a href='https:\/\/www.rivera.gub.uy\/social\/wp-content\/uploads\/2017\/12\/24993302_1721987364519640_8178635145812326772_n.jpg'><img loading=\"lazy\" decoding=\"async\" width=\"150\" height=\"150\" src=\"https:\/\/www.rivera.gub.uy\/social\/wp-content\/uploads\/2017\/12\/24993302_1721987364519640_8178635145812326772_n-150x150.jpg\" class=\"attachment-thumbnail size-thumbnail\" alt=\"\" \/><\/a>\n\t\t\t<\/div><\/figure>\n\t\t<\/div>\n\n<\/div>\n<\/div>\n","protected":false},"excerpt":{"rendered":"<p>La actividad de f\u00fatbol infantil de barrios, cerr\u00f3 con broche de oro el pasado domingo 10 de diciembre en el Estadio Atilio Paiva Olivera. Una verdadera fiesta para casi 800 ni\u00f1os y ni\u00f1as de todas las edades que compartieron una tarde noche de mucho f\u00fatbol, diversi\u00f3n y alegr\u00eda jugando en la cancha principal de uno [&hellip;]<\/p>\n","protected":false},"author":4,"featured_media":2629,"comment_status":"open","ping_status":"open","sticky":false,"template":"","format":"standard","meta":{"footnotes":""},"categories":[5,1],"tags":[127,12,25,38,17,128],"_links":{"self":[{"href":"https:\/\/www.rivera.gub.uy\/social\/wp-json\/wp\/v2\/posts\/2628"}],"collection":[{"href":"https:\/\/www.rivera.gub.uy\/social\/wp-json\/wp\/v2\/posts"}],"about":[{"href":"https:\/\/www.rivera.gub.uy\/social\/wp-json\/wp\/v2\/types\/post"}],"author":[{"embeddable":true,"href":"https:\/\/www.rivera.gub.uy\/social\/wp-json\/wp\/v2\/users\/4"}],"replies":[{"embeddable":true,"href":"https:\/\/www.rivera.gub.uy\/social\/wp-json\/wp\/v2\/comments?post=2628"}],"version-history":[{"count":4,"href":"https:\/\/www.rivera.gub.uy\/social\/wp-json\/wp\/v2\/posts\/2628\/revisions"}],"predecessor-version":[{"id":2663,"href":"https:\/\/www.rivera.gub.uy\/social\/wp-json\/wp\/v2\/posts\/2628\/revisions\/2663"}],"wp:featuredmedia":[{"embeddable":true,"href":"https:\/\/www.rivera.gub.uy\/social\/wp-json\/wp\/v2\/media\/2629"}],"wp:attachment":[{"href":"https:\/\/www.rivera.gub.uy\/social\/wp-json\/wp\/v2\/media?parent=2628"}],"wp:term":[{"taxonomy":"category","embeddable":true,"href":"https:\/\/www.rivera.gub.uy\/social\/wp-json\/wp\/v2\/categories?post=2628"},{"taxonomy":"post_tag","embeddable":true,"href":"https:\/\/www.rivera.gub.uy\/social\/wp-json\/wp\/v2\/tags?post=2628"}],"curies":[{"name":"wp","href":"https:\/\/api.w.org\/{rel}","templated":true}]}}