{"id":2666,"date":"2017-12-14T13:09:20","date_gmt":"2017-12-14T13:09:20","guid":{"rendered":"http:\/\/rivera.gub.uy\/social\/?p=2666"},"modified":"2017-12-28T16:48:01","modified_gmt":"2017-12-28T16:48:01","slug":"final-del-campeonato-de-futbol-de-barrios-infantil","status":"publish","type":"post","link":"https:\/\/www.rivera.gub.uy\/social\/final-del-campeonato-de-futbol-de-barrios-infantil\/","title":{"rendered":"Final del Campeonato de F\u00fatbol Infantil de Barrios"},"content":{"rendered":"<div class=\"\">\n<div class=\"_1mf _1mj\">\u00c9ste martes 19, todos al Estadio Atilio Paiva Olivera!<\/div>\n<\/div>\n<div class=\"\">\n<div><\/div>\n<div class=\"_1mf _1mj\">A las 18 horas, comenzar\u00e1 la final del Campeonato de F\u00fatbol de Barrios infantil, categor\u00eda sub. 10.<\/div>\n<\/div>\n<div class=\"\">\n<div class=\"_1mf _1mj\">Durante todo el a\u00f1o, las categor\u00edas sub. 14, sub. 12 y sub. 10, disputaron el campeonato anual donde cada categor\u00eda sum\u00f3 puntos para definir el barrio campe\u00f3n 2017.<\/div>\n<\/div>\n<div class=\"\">\n<div><\/div>\n<div class=\"_1mf _1mj\">El pr\u00f3ximo martes, en el principal escenario deportivo del departamento, se disputar\u00e1n los \u00faltimos partidos de la categor\u00eda sub. 10.<\/div>\n<\/div>\n<div class=\"\">\n<div class=\"_1mf _1mj\">Se dividir\u00e1 la cancha principal en cuatro, donde se jugar\u00e1n 4 partidos simult\u00e1neos:<\/div>\n<\/div>\n<div class=\"\">\n<div class=\"_1mf _1mj\"><\/div>\n<\/div>\n<div class=\"\">\n<div class=\"_1mf _1mj\">Hora 18:00<\/div>\n<\/div>\n<div class=\"\">\n<div class=\"_1mf _1mj\">&#8211; Salesiano VS La Arenera<\/div>\n<\/div>\n<div class=\"\">\n<div class=\"_1mf _1mj\">&#8211; La Pedrera VS Don Bosco<\/div>\n<\/div>\n<div class=\"\">\n<div class=\"_1mf _1mj\">&#8211; Rampla VS Recreo<\/div>\n<\/div>\n<div class=\"\">\n<div class=\"_1mf _1mj\">&#8211; La Raca VS Saavedra<\/div>\n<\/div>\n<div class=\"\">\n<div class=\"_1mf _1mj\"><\/div>\n<\/div>\n<div class=\"\">\n<div class=\"_1mf _1mj\">Hora 18:45<\/div>\n<\/div>\n<div class=\"\">\n<div class=\"_1mf _1mj\">&#8211; Bisio VS Santa Isabel<\/div>\n<\/div>\n<div class=\"\">\n<div class=\"_1mf _1mj\">&#8211; Santa Teresa VS Tres Cruces<\/div>\n<\/div>\n<div class=\"\">\n<div class=\"_1mf _1mj\">&#8211; Misiones VS Villa Sonia<\/div>\n<\/div>\n<div class=\"\">\n<div class=\"_1mf _1mj\"><\/div>\n<\/div>\n<div class=\"\">\n<div class=\"_1mf _1mj\">Hora 19:30 &#8211; Entrega de premios.<\/div>\n<\/div>\n<div><\/div>\n<div>Ven\u00ed a alentar tu barrio!<\/div>\n","protected":false},"excerpt":{"rendered":"<p>\u00c9ste martes 19, todos al Estadio Atilio Paiva Olivera! A las 18 horas, comenzar\u00e1 la final del Campeonato de F\u00fatbol de Barrios infantil, categor\u00eda sub. 10. Durante todo el a\u00f1o, las categor\u00edas sub. 14, sub. 12 y sub. 10, disputaron el campeonato anual donde cada categor\u00eda sum\u00f3 puntos para definir el barrio campe\u00f3n 2017. El [&hellip;]<\/p>\n","protected":false},"author":4,"featured_media":2667,"comment_status":"open","ping_status":"open","sticky":false,"template":"","format":"standard","meta":{"footnotes":""},"categories":[6,8,5,1,7],"tags":[26,25,27,38,17],"_links":{"self":[{"href":"https:\/\/www.rivera.gub.uy\/social\/wp-json\/wp\/v2\/posts\/2666"}],"collection":[{"href":"https:\/\/www.rivera.gub.uy\/social\/wp-json\/wp\/v2\/posts"}],"about":[{"href":"https:\/\/www.rivera.gub.uy\/social\/wp-json\/wp\/v2\/types\/post"}],"author":[{"embeddable":true,"href":"https:\/\/www.rivera.gub.uy\/social\/wp-json\/wp\/v2\/users\/4"}],"replies":[{"embeddable":true,"href":"https:\/\/www.rivera.gub.uy\/social\/wp-json\/wp\/v2\/comments?post=2666"}],"version-history":[{"count":4,"href":"https:\/\/www.rivera.gub.uy\/social\/wp-json\/wp\/v2\/posts\/2666\/revisions"}],"predecessor-version":[{"id":2902,"href":"https:\/\/www.rivera.gub.uy\/social\/wp-json\/wp\/v2\/posts\/2666\/revisions\/2902"}],"wp:featuredmedia":[{"embeddable":true,"href":"https:\/\/www.rivera.gub.uy\/social\/wp-json\/wp\/v2\/media\/2667"}],"wp:attachment":[{"href":"https:\/\/www.rivera.gub.uy\/social\/wp-json\/wp\/v2\/media?parent=2666"}],"wp:term":[{"taxonomy":"category","embeddable":true,"href":"https:\/\/www.rivera.gub.uy\/social\/wp-json\/wp\/v2\/categories?post=2666"},{"taxonomy":"post_tag","embeddable":true,"href":"https:\/\/www.rivera.gub.uy\/social\/wp-json\/wp\/v2\/tags?post=2666"}],"curies":[{"name":"wp","href":"https:\/\/api.w.org\/{rel}","templated":true}]}}