{"id":2700,"date":"2017-12-15T13:41:33","date_gmt":"2017-12-15T13:41:33","guid":{"rendered":"http:\/\/rivera.gub.uy\/social\/?p=2700"},"modified":"2017-12-27T13:33:41","modified_gmt":"2017-12-27T13:33:41","slug":"manana-festejamos-los-4-anos-del-polideportivo-santa-isabel","status":"publish","type":"post","link":"https:\/\/www.rivera.gub.uy\/social\/manana-festejamos-los-4-anos-del-polideportivo-santa-isabel\/","title":{"rendered":"4 a\u00f1os del Polideportivo Santa Isabel"},"content":{"rendered":"<div class=\"\">\n<div class=\"_1mf _1mj\">El s\u00e1bado 16 de diciembre, te invitamos a festejar un aniversario m\u00e1s del Polideportivo Santa Isabel.<\/div>\n<div><\/div>\n<div class=\"_1mf _1mj\">A partir de las 18 horas, se dar\u00e1 inicio a las actividades deportivas.<\/div>\n<div><\/div>\n<div class=\"_1mf _1mj\">La jornada, culminar\u00e1 con las actuaciones de artistas locales.<\/div>\n<div><\/div>\n<\/div>\n<div class=\"\">\n<div class=\"_1mf _1mj\">Desde hace 4 a\u00f1os, Divisi\u00f3n Deportes brinda a los vecinos una serie de actividades deportivas gratuitas, para todas edades.<\/div>\n<div><\/div>\n<\/div>\n<div class=\"\">\n<div class=\"_1mf _1mj\">Son muchos los motivos para festejar.<\/div>\n<\/div>\n<div class=\"\">\n<div class=\"_1mf _1mj\">Te esperamos para compartir con tu familia y amigos&#8230;<\/div>\n<\/div>\n<div class=\"\">\n<div class=\"_1mf _1mj\">Santa Isabel est\u00e1 de fiesta!<\/div>\n<\/div>\n","protected":false},"excerpt":{"rendered":"<p>El s\u00e1bado 16 de diciembre, te invitamos a festejar un aniversario m\u00e1s del Polideportivo Santa Isabel. A partir de las 18 horas, se dar\u00e1 inicio a las actividades deportivas. La jornada, culminar\u00e1 con las actuaciones de artistas locales. Desde hace 4 a\u00f1os, Divisi\u00f3n Deportes brinda a los vecinos una serie de actividades deportivas gratuitas, para [&hellip;]<\/p>\n","protected":false},"author":4,"featured_media":2863,"comment_status":"open","ping_status":"open","sticky":false,"template":"","format":"standard","meta":{"footnotes":""},"categories":[6,5,1],"tags":[12,38,137,17,138],"_links":{"self":[{"href":"https:\/\/www.rivera.gub.uy\/social\/wp-json\/wp\/v2\/posts\/2700"}],"collection":[{"href":"https:\/\/www.rivera.gub.uy\/social\/wp-json\/wp\/v2\/posts"}],"about":[{"href":"https:\/\/www.rivera.gub.uy\/social\/wp-json\/wp\/v2\/types\/post"}],"author":[{"embeddable":true,"href":"https:\/\/www.rivera.gub.uy\/social\/wp-json\/wp\/v2\/users\/4"}],"replies":[{"embeddable":true,"href":"https:\/\/www.rivera.gub.uy\/social\/wp-json\/wp\/v2\/comments?post=2700"}],"version-history":[{"count":3,"href":"https:\/\/www.rivera.gub.uy\/social\/wp-json\/wp\/v2\/posts\/2700\/revisions"}],"predecessor-version":[{"id":2894,"href":"https:\/\/www.rivera.gub.uy\/social\/wp-json\/wp\/v2\/posts\/2700\/revisions\/2894"}],"wp:featuredmedia":[{"embeddable":true,"href":"https:\/\/www.rivera.gub.uy\/social\/wp-json\/wp\/v2\/media\/2863"}],"wp:attachment":[{"href":"https:\/\/www.rivera.gub.uy\/social\/wp-json\/wp\/v2\/media?parent=2700"}],"wp:term":[{"taxonomy":"category","embeddable":true,"href":"https:\/\/www.rivera.gub.uy\/social\/wp-json\/wp\/v2\/categories?post=2700"},{"taxonomy":"post_tag","embeddable":true,"href":"https:\/\/www.rivera.gub.uy\/social\/wp-json\/wp\/v2\/tags?post=2700"}],"curies":[{"name":"wp","href":"https:\/\/api.w.org\/{rel}","templated":true}]}}