{"id":2905,"date":"2018-01-03T15:46:47","date_gmt":"2018-01-03T15:46:47","guid":{"rendered":"http:\/\/rivera.gub.uy\/social\/?p=2905"},"modified":"2018-01-03T15:46:54","modified_gmt":"2018-01-03T15:46:54","slug":"cierre-de-actividades-y-balance-del-ano-de-la-division-deportes","status":"publish","type":"post","link":"https:\/\/www.rivera.gub.uy\/social\/cierre-de-actividades-y-balance-del-ano-de-la-division-deportes\/","title":{"rendered":"Cierre de actividades y balance del a\u00f1o de la Divisi\u00f3n Deportes"},"content":{"rendered":"<p>El coordinador de la Unidad de la Direcci\u00f3n General de Promoci\u00f3n y acci\u00f3n social y director de la Divisi\u00f3n Deportes, de la Intendencia departamental de Rivera, Prof. Horacio Hern\u00e1ndez, inform\u00f3 al cierre de las actividades deportivas y el balance del a\u00f1o que pas\u00f3.<\/p>\n<p><strong>Liga de F\u00fatbol Sub 10 de barrios<\/strong><\/p>\n<p>Hern\u00e1ndez habl\u00f3 del cierre de la categoria de sub 10 de la Liga de barrios de F\u00fatbol, en donde se fueron premiando los equipos por etapas donde \u201cno hab\u00eda un barrio campe\u00f3n\u201d, sino que se consider\u00f3 la suma de puntos para no darle importante a la competici\u00f3n en si.<\/p>\n<p>\u201cDe esta manera seguimos desarrollando que el ambiente de los ni\u00f1os en ellos barrios se a un ambiente de confraternizar\u2026\u201d, agreg\u00f3 el director.<!--more--><\/p>\n<p><strong>Barrialito<\/strong><\/p>\n<p>Mencion\u00f3 la gran participaci\u00f3n de ni\u00f1os y p\u00fablico que tuvo el Barrialito 2017 en el estadio Atilio Paiva Olivera, con la gran prsencia de padres y ni\u00f1os.<\/p>\n<p><strong>4 a\u00f1os del Polideportivo de Santa Isabel<\/strong><\/p>\n<p>Por otra parte el director de Deportes, enfatiz\u00f3 en el cumplimiento de actividades que se realizan desde hace 4 a\u00f1os en el Polideportivo de Santa Isabel, donde se siguen sumando trabajos y \u201c..en muchas actividades realizadas a pulm\u00f3n por los coordinadores y la Comisi\u00f3n de Apoyo\u201d.<\/p>\n<p>\u201cLa gente del Polideportivo esta trabajando muy bien tanto Ad\u00e1n Albarenque como Eduardo P\u00e9rez, con todo la propuesta que ofrece en Tenis de Mesa, f\u00fatbol, danzas para ni\u00f1as, Judo, Voley y Gimnasia.<br \/>\nHan realizado un gran fiesta de fin de a\u00f1o y pasamos meomentos muy lindos con invitados de otros barrios.<br \/>\nLo que no queremos dejar pasar es la importancia que tiene el Polideportivo en ese barrio\u201d, manifest\u00f3 Horacio Hern\u00e1ndez.<\/p>\n<p><strong>Escuela Departamental de Boxeo<\/strong><\/p>\n<p>Otro logro muy importante es la Escuela Departamental de Boxeo, que cerr\u00f3 el a\u00f1o de actividades con la participaci\u00f3n de muchos ni\u00f1os con clases abiertas.<br \/>\n\u201cLa idea es seguir este pr\u00f3ximo a\u00f1o, la academia es muy buena y la presencia de chicos y chicas es muy importante, donde los padres se sienten tranquilos y satisfechos de mandar a sus hijos a un lugar seguro donde estar\u00e1n bien atendidos por gente responsable\u201d, indic\u00f3.<\/p>\n<p><strong>Tenis de Mesa: Copa Macro Mercado y Copa Molke<\/strong><\/p>\n<p>Otra de las grandes actividades que se logr\u00f3 este a\u00f1o fue el Tenis de Mesa, que sigui\u00f3 hasta el final del a\u00f1o, con el apoyo de empresas de Rivera, donde hubo j\u00f3venes y ni\u00f1os representando a Rivera en varias instancias a nivel nacional como fue el \u201cCampeonato Nacional de la Juventud\u201d.<\/p>\n<p>\u201cEn este nivel hubo varios interesados que realizaron cursos internacionales de Tenis de Mesa, en Montevideo\u201d, agreg\u00f3.<\/p>\n<p><strong>Campeonato de Voley<\/strong><\/p>\n<p>En esta disciplina hubo intensa actividad en el gimnasio Liceo Celia Pomoli, donde se termin\u00f3 realizando un campeonato de los cuales muchas de estas personas participaron en los Juegos Nacionales de la Juventud y otros participaron porque les agrada jugar al voley.<\/p>\n<p><strong>Seven Bi- nacional de Rugby<\/strong><\/p>\n<p>Este a\u00f1o, en su segunda edici\u00f3n, el Rugby fue una verdadera atracci\u00f3n para grandes y chicos y logr\u00f3 que ni\u00f1os del interior del departamento participaran en este deporte sumando la cantidad de 250 ni\u00f1os aprendiendo Rugby en el EstadioAtilio Paiva Olivera, donde se imparti\u00f3 en tres jornadas a cargo de \u201cArlequines\u201d quienes fueron los que organizaron.<\/p>\n<p>Particip\u00f3 en la oportunidad, dictando un curso de Seven el atleta \u201cPuma\u201d, Gonzalo Camacho, integrante de la selecci\u00f3n de Argentina: \u201ceste atleta de elite deja a \u201cLos Pumas\u201d y sigue en su Club y tuvimos el privilegio de que viniera a Rivera a dictar una cl\u00ednica de aprendizaje para los riverenses.<\/p>\n<p><strong>F\u00fatbol Femenino a nivel escolar<\/strong><\/p>\n<p>En otro orden tambi\u00e9n se realiz\u00f3 junto a Primaria, el Campeonato de F\u00fatbol Femenino, \u00fanico Campeonato que se realiza a nivel pa\u00eds, reconocido por ONFI.<\/p>\n<p>\u201cEl campeonato cont\u00f3 con la participaci\u00f3n de 24 escuelas de medio, lo que representa un total de 600 ni\u00f1as y eso hace que a\u00f1o a a\u00f1o se trate de mejorar, porque es importante que los chiquilines y chiquilinas tengan su espacio\u201d, expres\u00f3 Hern\u00e1ndez.<\/p>\n<p>\u201cUn balance muy positivo con la participaci\u00f3n de los integrantes de la divisi\u00f3n deportes y queremos que el a\u00f1o pr\u00f3ximo se concreten algunas cosas que nos quedaron en el tintero, como la actividad del pat\u00edn. Pero ahora abocados en el verano con \u201cTodos al Agua\u201d y atendiendo a las escuelas\u201d, concluy\u00f3 el director de Deportes de la IDR.<\/p>\n<div id='gallery-1' class='gallery galleryid-2905 gallery-columns-4 gallery-size-thumbnail'><figure class='gallery-item'>\n\t\t\t<div class='gallery-icon landscape'>\n\t\t\t\t<a href='https:\/\/www.rivera.gub.uy\/social\/wp-content\/uploads\/2018\/01\/15056236_10209112229581385_4330169060615707932_n-Copiar.jpg'><img loading=\"lazy\" decoding=\"async\" width=\"150\" height=\"150\" src=\"https:\/\/www.rivera.gub.uy\/social\/wp-content\/uploads\/2018\/01\/15056236_10209112229581385_4330169060615707932_n-Copiar-150x150.jpg\" class=\"attachment-thumbnail size-thumbnail\" alt=\"\" \/><\/a>\n\t\t\t<\/div><\/figure><figure class='gallery-item'>\n\t\t\t<div class='gallery-icon landscape'>\n\t\t\t\t<a href='https:\/\/www.rivera.gub.uy\/social\/wp-content\/uploads\/2018\/01\/16195797_10209752145378880_7290243930323120200_n-Copiar.jpg'><img loading=\"lazy\" decoding=\"async\" width=\"150\" height=\"150\" src=\"https:\/\/www.rivera.gub.uy\/social\/wp-content\/uploads\/2018\/01\/16195797_10209752145378880_7290243930323120200_n-Copiar-150x150.jpg\" class=\"attachment-thumbnail size-thumbnail\" alt=\"\" \/><\/a>\n\t\t\t<\/div><\/figure><figure class='gallery-item'>\n\t\t\t<div class='gallery-icon landscape'>\n\t\t\t\t<a href='https:\/\/www.rivera.gub.uy\/social\/wp-content\/uploads\/2018\/01\/DSC_0900-Copiar.jpg'><img loading=\"lazy\" decoding=\"async\" width=\"150\" height=\"150\" src=\"https:\/\/www.rivera.gub.uy\/social\/wp-content\/uploads\/2018\/01\/DSC_0900-Copiar-150x150.jpg\" class=\"attachment-thumbnail size-thumbnail\" alt=\"\" \/><\/a>\n\t\t\t<\/div><\/figure><figure class='gallery-item'>\n\t\t\t<div class='gallery-icon landscape'>\n\t\t\t\t<a href='https:\/\/www.rivera.gub.uy\/social\/wp-content\/uploads\/2018\/01\/DSC_1345-Copiar.jpg'><img loading=\"lazy\" decoding=\"async\" width=\"150\" height=\"150\" src=\"https:\/\/www.rivera.gub.uy\/social\/wp-content\/uploads\/2018\/01\/DSC_1345-Copiar-150x150.jpg\" class=\"attachment-thumbnail size-thumbnail\" alt=\"\" \/><\/a>\n\t\t\t<\/div><\/figure><figure class='gallery-item'>\n\t\t\t<div class='gallery-icon landscape'>\n\t\t\t\t<a href='https:\/\/www.rivera.gub.uy\/social\/wp-content\/uploads\/2018\/01\/DSC_1356-sub-12-Copiar.jpg'><img loading=\"lazy\" decoding=\"async\" width=\"150\" height=\"150\" src=\"https:\/\/www.rivera.gub.uy\/social\/wp-content\/uploads\/2018\/01\/DSC_1356-sub-12-Copiar-150x150.jpg\" class=\"attachment-thumbnail size-thumbnail\" alt=\"\" \/><\/a>\n\t\t\t<\/div><\/figure><figure class='gallery-item'>\n\t\t\t<div class='gallery-icon landscape'>\n\t\t\t\t<a href='https:\/\/www.rivera.gub.uy\/social\/wp-content\/uploads\/2018\/01\/DSC_1705-Copiar.jpg'><img loading=\"lazy\" decoding=\"async\" width=\"150\" height=\"150\" src=\"https:\/\/www.rivera.gub.uy\/social\/wp-content\/uploads\/2018\/01\/DSC_1705-Copiar-150x150.jpg\" class=\"attachment-thumbnail size-thumbnail\" alt=\"\" \/><\/a>\n\t\t\t<\/div><\/figure><figure class='gallery-item'>\n\t\t\t<div class='gallery-icon landscape'>\n\t\t\t\t<a href='https:\/\/www.rivera.gub.uy\/social\/wp-content\/uploads\/2018\/01\/DSC_1761-Copiar.jpg'><img loading=\"lazy\" decoding=\"async\" width=\"150\" height=\"150\" src=\"https:\/\/www.rivera.gub.uy\/social\/wp-content\/uploads\/2018\/01\/DSC_1761-Copiar-150x150.jpg\" class=\"attachment-thumbnail size-thumbnail\" alt=\"\" \/><\/a>\n\t\t\t<\/div><\/figure><figure class='gallery-item'>\n\t\t\t<div class='gallery-icon landscape'>\n\t\t\t\t<a href='https:\/\/www.rivera.gub.uy\/social\/wp-content\/uploads\/2018\/01\/DSC_2084-Copiar.jpg'><img loading=\"lazy\" decoding=\"async\" width=\"150\" height=\"150\" src=\"https:\/\/www.rivera.gub.uy\/social\/wp-content\/uploads\/2018\/01\/DSC_2084-Copiar-150x150.jpg\" class=\"attachment-thumbnail size-thumbnail\" alt=\"\" \/><\/a>\n\t\t\t<\/div><\/figure>\n\t\t<\/div>\n\n","protected":false},"excerpt":{"rendered":"<p>El coordinador de la Unidad de la Direcci\u00f3n General de Promoci\u00f3n y acci\u00f3n social y director de la Divisi\u00f3n Deportes, de la Intendencia departamental de Rivera, Prof. Horacio Hern\u00e1ndez, inform\u00f3 al cierre de las actividades deportivas y el balance del a\u00f1o que pas\u00f3. Liga de F\u00fatbol Sub 10 de barrios Hern\u00e1ndez habl\u00f3 del cierre de [&hellip;]<\/p>\n","protected":false},"author":2,"featured_media":2912,"comment_status":"open","ping_status":"open","sticky":false,"template":"","format":"standard","meta":{"footnotes":""},"categories":[5,1],"tags":[102,25,38,17,75,19,120],"_links":{"self":[{"href":"https:\/\/www.rivera.gub.uy\/social\/wp-json\/wp\/v2\/posts\/2905"}],"collection":[{"href":"https:\/\/www.rivera.gub.uy\/social\/wp-json\/wp\/v2\/posts"}],"about":[{"href":"https:\/\/www.rivera.gub.uy\/social\/wp-json\/wp\/v2\/types\/post"}],"author":[{"embeddable":true,"href":"https:\/\/www.rivera.gub.uy\/social\/wp-json\/wp\/v2\/users\/2"}],"replies":[{"embeddable":true,"href":"https:\/\/www.rivera.gub.uy\/social\/wp-json\/wp\/v2\/comments?post=2905"}],"version-history":[{"count":1,"href":"https:\/\/www.rivera.gub.uy\/social\/wp-json\/wp\/v2\/posts\/2905\/revisions"}],"predecessor-version":[{"id":2914,"href":"https:\/\/www.rivera.gub.uy\/social\/wp-json\/wp\/v2\/posts\/2905\/revisions\/2914"}],"wp:featuredmedia":[{"embeddable":true,"href":"https:\/\/www.rivera.gub.uy\/social\/wp-json\/wp\/v2\/media\/2912"}],"wp:attachment":[{"href":"https:\/\/www.rivera.gub.uy\/social\/wp-json\/wp\/v2\/media?parent=2905"}],"wp:term":[{"taxonomy":"category","embeddable":true,"href":"https:\/\/www.rivera.gub.uy\/social\/wp-json\/wp\/v2\/categories?post=2905"},{"taxonomy":"post_tag","embeddable":true,"href":"https:\/\/www.rivera.gub.uy\/social\/wp-json\/wp\/v2\/tags?post=2905"}],"curies":[{"name":"wp","href":"https:\/\/api.w.org\/{rel}","templated":true}]}}