{"id":2915,"date":"2018-01-19T13:43:20","date_gmt":"2018-01-19T13:43:20","guid":{"rendered":"http:\/\/rivera.gub.uy\/social\/?p=2915"},"modified":"2018-01-19T17:44:02","modified_gmt":"2018-01-19T17:44:02","slug":"torneo-de-tenis-de-mesa-en-tacuarembo","status":"publish","type":"post","link":"https:\/\/www.rivera.gub.uy\/social\/torneo-de-tenis-de-mesa-en-tacuarembo\/","title":{"rendered":"Torneo de Tenis de Mesa en Tacuaremb\u00f3"},"content":{"rendered":"<p>Iniciamos el ciclo 2018 de Tenis de Mesa apoyando y participando de la Copa Regional \u00abCarlos Gardel\u00bb, que comenzar\u00e1\u00a0el pr\u00f3ximo s\u00e1bado 27 de enero, a las 15 horas, en el Polideportivo de la ciudad de Tacuaremb\u00f3.<\/p>\n<p>Desde Rivera, partir\u00e1 una delegaci\u00f3n de jugadores que participaron en el Circuito Riverense de Tenis de Mesa y en el Torneo 2017, organizado por Divisi\u00f3n Deportes.<!--more--><br \/>\nLas inscripciones se realizar\u00e1n el d\u00eda 27, en el polideportivo, desde la<span class=\"text_exposed_show\">s 14:00 horas.<\/p>\n<p>Categor\u00edas:<br \/>\nFemenina &#8211; Sub 18 &#8211; Libre &#8211; Mayores de 40 a\u00f1os.<br \/>\nMedallas a los 4 mejores de cada categor\u00eda.<br \/>\nSe sortear\u00e1 una paleta profesional entre todos los participantes.<\/span><\/p>\n<div class=\"text_exposed_show\">\n<p><img loading=\"lazy\" decoding=\"async\" class=\"aligncenter wp-image-2916 size-medium\" src=\"http:\/\/rivera.gub.uy\/social\/wp-content\/uploads\/2018\/01\/IMG-20180118-WA0004-213x300.jpg\" alt=\"\" width=\"213\" height=\"300\" srcset=\"https:\/\/www.rivera.gub.uy\/social\/wp-content\/uploads\/2018\/01\/IMG-20180118-WA0004-213x300.jpg 213w, https:\/\/www.rivera.gub.uy\/social\/wp-content\/uploads\/2018\/01\/IMG-20180118-WA0004-768x1082.jpg 768w, https:\/\/www.rivera.gub.uy\/social\/wp-content\/uploads\/2018\/01\/IMG-20180118-WA0004-727x1024.jpg 727w, https:\/\/www.rivera.gub.uy\/social\/wp-content\/uploads\/2018\/01\/IMG-20180118-WA0004-820x1155.jpg 820w, https:\/\/www.rivera.gub.uy\/social\/wp-content\/uploads\/2018\/01\/IMG-20180118-WA0004.jpg 1136w\" sizes=\"(max-width: 213px) 100vw, 213px\" \/><\/p>\n<p>Organiza: Mart\u00edn Chiappara<\/p>\n<p>Apoya:<br \/>\nDivisi\u00f3n Deportes (Intendencia Departamental de Rivera) &#8211; Intendencia Departamental de Tacuaremb\u00f3.<\/p>\n<p>&nbsp;<\/p>\n<p>Por informes: 098 052 503<\/p>\n<\/div>\n","protected":false},"excerpt":{"rendered":"<p>Iniciamos el ciclo 2018 de Tenis de Mesa apoyando y participando de la Copa Regional \u00abCarlos Gardel\u00bb, que comenzar\u00e1\u00a0el pr\u00f3ximo s\u00e1bado 27 de enero, a las 15 horas, en el Polideportivo de la ciudad de Tacuaremb\u00f3. Desde Rivera, partir\u00e1 una delegaci\u00f3n de jugadores que participaron en el Circuito Riverense de Tenis de Mesa y en [&hellip;]<\/p>\n","protected":false},"author":4,"featured_media":2919,"comment_status":"open","ping_status":"open","sticky":false,"template":"","format":"standard","meta":{"footnotes":""},"categories":[6,8,5,1,7,9],"tags":[12,38,17,19],"_links":{"self":[{"href":"https:\/\/www.rivera.gub.uy\/social\/wp-json\/wp\/v2\/posts\/2915"}],"collection":[{"href":"https:\/\/www.rivera.gub.uy\/social\/wp-json\/wp\/v2\/posts"}],"about":[{"href":"https:\/\/www.rivera.gub.uy\/social\/wp-json\/wp\/v2\/types\/post"}],"author":[{"embeddable":true,"href":"https:\/\/www.rivera.gub.uy\/social\/wp-json\/wp\/v2\/users\/4"}],"replies":[{"embeddable":true,"href":"https:\/\/www.rivera.gub.uy\/social\/wp-json\/wp\/v2\/comments?post=2915"}],"version-history":[{"count":4,"href":"https:\/\/www.rivera.gub.uy\/social\/wp-json\/wp\/v2\/posts\/2915\/revisions"}],"predecessor-version":[{"id":2921,"href":"https:\/\/www.rivera.gub.uy\/social\/wp-json\/wp\/v2\/posts\/2915\/revisions\/2921"}],"wp:featuredmedia":[{"embeddable":true,"href":"https:\/\/www.rivera.gub.uy\/social\/wp-json\/wp\/v2\/media\/2919"}],"wp:attachment":[{"href":"https:\/\/www.rivera.gub.uy\/social\/wp-json\/wp\/v2\/media?parent=2915"}],"wp:term":[{"taxonomy":"category","embeddable":true,"href":"https:\/\/www.rivera.gub.uy\/social\/wp-json\/wp\/v2\/categories?post=2915"},{"taxonomy":"post_tag","embeddable":true,"href":"https:\/\/www.rivera.gub.uy\/social\/wp-json\/wp\/v2\/tags?post=2915"}],"curies":[{"name":"wp","href":"https:\/\/api.w.org\/{rel}","templated":true}]}}