{"id":2957,"date":"2018-01-23T14:40:16","date_gmt":"2018-01-23T14:40:16","guid":{"rendered":"http:\/\/rivera.gub.uy\/social\/?p=2957"},"modified":"2018-01-23T14:40:16","modified_gmt":"2018-01-23T14:40:16","slug":"el-futbol-infantil-no-se-toma-vacaciones","status":"publish","type":"post","link":"https:\/\/www.rivera.gub.uy\/social\/el-futbol-infantil-no-se-toma-vacaciones\/","title":{"rendered":"El f\u00fatbol infantil no se toma vacaciones!"},"content":{"rendered":"<div class=\"\">\n<div class=\"_1mf _1mj\"><span>El f\u00fatbol infantil no se toma vacaciones!<\/span><\/div>\n<\/div>\n<div class=\"\">\n<div class=\"_1mf _1mj\"><span>\u00a0<\/span><\/div>\n<\/div>\n<div class=\"\">\n<div class=\"_1mf _1mj\"><span>Continuamos sumando actividades en \u00e9stas vacaciones buscando brindar a ni\u00f1os y j\u00f3venes jornadas de confraternizaci\u00f3n, deporte y alegr\u00eda.<\/span><\/div>\n<\/div>\n<div class=\"\">\n<div class=\"_1mf _1mj\"><span>Hoy martes 18:30 horas en la cancha del Barrio la Pedrera tendremos un encuentro entre los cuadros de Club Deportivo Sarand\u00ed Universitario y La Pedrera en la categor\u00eda 2008 y el d\u00eda jueves 25 de enero a las 17:30 horas La Pedrera recibe a Don Bosco en las categor\u00edas 2005 y 2008.<\/span><\/div>\n<\/div>\n","protected":false},"excerpt":{"rendered":"<p>El f\u00fatbol infantil no se toma vacaciones! \u00a0 Continuamos sumando actividades en \u00e9stas vacaciones buscando brindar a ni\u00f1os y j\u00f3venes jornadas de confraternizaci\u00f3n, deporte y alegr\u00eda. Hoy martes 18:30 horas en la cancha del Barrio la Pedrera tendremos un encuentro entre los cuadros de Club Deportivo Sarand\u00ed Universitario y La Pedrera en la categor\u00eda 2008 [&hellip;]<\/p>\n","protected":false},"author":4,"featured_media":2958,"comment_status":"open","ping_status":"open","sticky":false,"template":"","format":"standard","meta":{"footnotes":""},"categories":[1],"tags":[],"_links":{"self":[{"href":"https:\/\/www.rivera.gub.uy\/social\/wp-json\/wp\/v2\/posts\/2957"}],"collection":[{"href":"https:\/\/www.rivera.gub.uy\/social\/wp-json\/wp\/v2\/posts"}],"about":[{"href":"https:\/\/www.rivera.gub.uy\/social\/wp-json\/wp\/v2\/types\/post"}],"author":[{"embeddable":true,"href":"https:\/\/www.rivera.gub.uy\/social\/wp-json\/wp\/v2\/users\/4"}],"replies":[{"embeddable":true,"href":"https:\/\/www.rivera.gub.uy\/social\/wp-json\/wp\/v2\/comments?post=2957"}],"version-history":[{"count":1,"href":"https:\/\/www.rivera.gub.uy\/social\/wp-json\/wp\/v2\/posts\/2957\/revisions"}],"predecessor-version":[{"id":2959,"href":"https:\/\/www.rivera.gub.uy\/social\/wp-json\/wp\/v2\/posts\/2957\/revisions\/2959"}],"wp:featuredmedia":[{"embeddable":true,"href":"https:\/\/www.rivera.gub.uy\/social\/wp-json\/wp\/v2\/media\/2958"}],"wp:attachment":[{"href":"https:\/\/www.rivera.gub.uy\/social\/wp-json\/wp\/v2\/media?parent=2957"}],"wp:term":[{"taxonomy":"category","embeddable":true,"href":"https:\/\/www.rivera.gub.uy\/social\/wp-json\/wp\/v2\/categories?post=2957"},{"taxonomy":"post_tag","embeddable":true,"href":"https:\/\/www.rivera.gub.uy\/social\/wp-json\/wp\/v2\/tags?post=2957"}],"curies":[{"name":"wp","href":"https:\/\/api.w.org\/{rel}","templated":true}]}}