{"id":2960,"date":"2018-01-29T13:06:17","date_gmt":"2018-01-29T13:06:17","guid":{"rendered":"http:\/\/rivera.gub.uy\/social\/?p=2960"},"modified":"2018-01-29T13:06:17","modified_gmt":"2018-01-29T13:06:17","slug":"resultados-de-la-3ra-fecha-del-campeonato-interzonal-2018","status":"publish","type":"post","link":"https:\/\/www.rivera.gub.uy\/social\/resultados-de-la-3ra-fecha-del-campeonato-interzonal-2018\/","title":{"rendered":"Resultados de la 3ra.. fecha del Campeonato Interzonal 2018."},"content":{"rendered":"<div class=\"\">\n<div class=\"_1mf _1mj\">La Direcci\u00f3n General de Promoci\u00f3n y Acci\u00f3n Social a trav\u00e9s de Divisi\u00f3n Deportes informa los resultados de la 3ra. fecha del Campeonato de F\u00fatbol Interzonal 2018 disputado en la localidad de Cortume el pasado domingo 28 de enero del corriente a\u00f1o.<\/div>\n<\/div>\n<div class=\"\">\n<div class=\"_1mf _1mj\"><span>\u00a0<\/span><\/div>\n<\/div>\n<div class=\"\">\n<div class=\"_1mf _1mj\"><span>Categor\u00eda Veteranos:<\/span><\/div>\n<\/div>\n<div class=\"\">\n<div class=\"_1mf _1mj\"><span>&#8211; Moirones (1) Cerrillada (5)<\/span><\/div>\n<\/div>\n<div class=\"\">\n<div class=\"_1mf _1mj\"><span>&#8211; Paso Lapuente (2) Cerro Pelado (4)<\/span><\/div>\n<\/div>\n<div class=\"\">\n<div class=\"_1mf _1mj\"><span>&#8211; Cortume (1) Paso Hospital (1)<\/span><\/div>\n<\/div>\n<div class=\"\">\n<div class=\"_1mf _1mj\"><span>\u00a0<\/span><\/div>\n<\/div>\n<div class=\"\">\n<div class=\"_1mf _1mj\"><span>Categor\u00eda Mayores:<\/span><\/div>\n<\/div>\n<div class=\"\">\n<div class=\"_1mf _1mj\"><span>&#8211; Moirones (2) Cerrillada (0)<\/span><\/div>\n<\/div>\n<div class=\"\">\n<div class=\"_1mf _1mj\"><span>&#8211; Paso Lapuente (1) Cerro Pelado (0)<\/span><\/div>\n<\/div>\n<div class=\"\">\n<div class=\"_1mf _1mj\"><span>&#8211; Cortume (4) Paso Hospital (3)<\/span><\/div>\n<\/div>\n<div class=\"\">\n<div class=\"_1mf _1mj\"><span>\u00a0<\/span><\/div>\n<\/div>\n<div class=\"\">\n<div class=\"_1mf _1mj\"><span>La 4ta. fecha se disputa el d\u00eda domingo 4 de febrero en la localidad de Cerro Pelado.<\/span><\/div>\n<\/div>\n<div class=\"\">\n<div class=\"_1mf _1mj\"><span>\u00a0<\/span><\/div>\n<\/div>\n<div class=\"\">\n<div class=\"_1mf _1mj\"><span>Categor\u00eda Veteranos:<\/span><\/div>\n<\/div>\n<div class=\"\">\n<div class=\"_1mf _1mj\"><span>&#8211; Moirones vs Cortume<\/span><\/div>\n<\/div>\n<div class=\"\">\n<div class=\"_1mf _1mj\"><span>&#8211; Cerrillada vs Paso Lapuente<\/span><\/div>\n<\/div>\n<div class=\"\">\n<div class=\"_1mf _1mj\"><span>&#8211; Cerro Pelado vs Paso Hospital<\/span><\/div>\n<\/div>\n<div class=\"\">\n<div class=\"_1mf _1mj\"><span>\u00a0<\/span><\/div>\n<\/div>\n<div class=\"\">\n<div class=\"_1mf _1mj\"><span>Categor\u00eda Mayores:<\/span><\/div>\n<\/div>\n<div class=\"\">\n<div class=\"_1mf _1mj\"><span>&#8211; Moirones vs Cortume<\/span><\/div>\n<\/div>\n<div class=\"\">\n<div class=\"_1mf _1mj\"><span>&#8211; Cerrillada vs Paso Lapuente<\/span><\/div>\n<\/div>\n<div class=\"\">\n<div class=\"_1mf _1mj\"><span>&#8211; Cerro Pelado vs Paso Hospital<\/span><\/div>\n<\/div>\n<div class=\"\"><\/div>\n","protected":false},"excerpt":{"rendered":"<p>La Direcci\u00f3n General de Promoci\u00f3n y Acci\u00f3n Social a trav\u00e9s de Divisi\u00f3n Deportes informa los resultados de la 3ra. fecha del Campeonato de F\u00fatbol Interzonal 2018 disputado en la localidad de Cortume el pasado domingo 28 de enero del corriente a\u00f1o. \u00a0 Categor\u00eda Veteranos: &#8211; Moirones (1) Cerrillada (5) &#8211; Paso Lapuente (2) Cerro Pelado [&hellip;]<\/p>\n","protected":false},"author":4,"featured_media":2941,"comment_status":"open","ping_status":"open","sticky":false,"template":"","format":"standard","meta":{"footnotes":""},"categories":[6,8,5,1,7,9],"tags":[],"_links":{"self":[{"href":"https:\/\/www.rivera.gub.uy\/social\/wp-json\/wp\/v2\/posts\/2960"}],"collection":[{"href":"https:\/\/www.rivera.gub.uy\/social\/wp-json\/wp\/v2\/posts"}],"about":[{"href":"https:\/\/www.rivera.gub.uy\/social\/wp-json\/wp\/v2\/types\/post"}],"author":[{"embeddable":true,"href":"https:\/\/www.rivera.gub.uy\/social\/wp-json\/wp\/v2\/users\/4"}],"replies":[{"embeddable":true,"href":"https:\/\/www.rivera.gub.uy\/social\/wp-json\/wp\/v2\/comments?post=2960"}],"version-history":[{"count":1,"href":"https:\/\/www.rivera.gub.uy\/social\/wp-json\/wp\/v2\/posts\/2960\/revisions"}],"predecessor-version":[{"id":2961,"href":"https:\/\/www.rivera.gub.uy\/social\/wp-json\/wp\/v2\/posts\/2960\/revisions\/2961"}],"wp:featuredmedia":[{"embeddable":true,"href":"https:\/\/www.rivera.gub.uy\/social\/wp-json\/wp\/v2\/media\/2941"}],"wp:attachment":[{"href":"https:\/\/www.rivera.gub.uy\/social\/wp-json\/wp\/v2\/media?parent=2960"}],"wp:term":[{"taxonomy":"category","embeddable":true,"href":"https:\/\/www.rivera.gub.uy\/social\/wp-json\/wp\/v2\/categories?post=2960"},{"taxonomy":"post_tag","embeddable":true,"href":"https:\/\/www.rivera.gub.uy\/social\/wp-json\/wp\/v2\/tags?post=2960"}],"curies":[{"name":"wp","href":"https:\/\/api.w.org\/{rel}","templated":true}]}}