{"id":2962,"date":"2018-01-29T14:20:51","date_gmt":"2018-01-29T14:20:51","guid":{"rendered":"http:\/\/rivera.gub.uy\/social\/?p=2962"},"modified":"2018-01-29T14:20:51","modified_gmt":"2018-01-29T14:20:51","slug":"rivera-brillo-en-el-tenis-de-mesa-en-tacuarembo","status":"publish","type":"post","link":"https:\/\/www.rivera.gub.uy\/social\/rivera-brillo-en-el-tenis-de-mesa-en-tacuarembo\/","title":{"rendered":"Rivera brill\u00f3 en el Tenis de Mesa en Tacuaremb\u00f3!"},"content":{"rendered":"<div class=\"\">\n<div class=\"_1mf _1mj\"><\/div>\n<\/div>\n<div class=\"\">\n<div class=\"_1mf _1mj\">El pasado fin de semana una delegaci\u00f3n de 20 riverenses a cargo del Coordinador de Tenis de Mesa de la Divisi\u00f3n Deportes Fernando Morais viajaron a la cuidad de Tacuaremb\u00f3 a disputar el Torneo Regional Norte, copa Carlos Gardel donde salieron campeones en 3 de las 4 categor\u00edas de la competencia.<\/div>\n<\/div>\n<div class=\"\">\n<div class=\"_1mf _1mj\"><span>\u00a0<\/span><\/div>\n<\/div>\n<div class=\"\">\n<div class=\"_1mf _1mj\"><span>Categor\u00eda Sub. 18<\/span><\/div>\n<\/div>\n<div class=\"\">\n<div class=\"_1mf _1mj\"><span>1\u00ba Sebasti\u00e1n Pereyra (Rivera)<\/span><\/div>\n<\/div>\n<div class=\"\">\n<div class=\"_1mf _1mj\"><span>2\u00ba Douglas de los Santos (Rivera)<\/span><\/div>\n<\/div>\n<div class=\"\">\n<div class=\"_1mf _1mj\"><span>3\u00ba Felipe Leal (Rivera)<\/span><\/div>\n<\/div>\n<div class=\"\">\n<div class=\"_1mf _1mj\"><span>\u00a0<\/span><\/div>\n<\/div>\n<div class=\"\">\n<div class=\"_1mf _1mj\"><span>Categor\u00eda Mayores de 40<\/span><\/div>\n<\/div>\n<div class=\"\">\n<div class=\"_1mf _1mj\"><span>1\u00ba Alejandro Pereyra (Rivera)<\/span><\/div>\n<\/div>\n<div class=\"\">\n<div class=\"_1mf _1mj\"><span>2\u00ba Guido Tomasini (Rivera)<\/span><\/div>\n<\/div>\n<div class=\"\">\n<div class=\"_1mf _1mj\"><span>\u00a0<\/span><\/div>\n<\/div>\n<div class=\"\">\n<div class=\"_1mf _1mj\"><span>Copa de Plata de la Categor\u00eda \u00danica <\/span><\/div>\n<\/div>\n<div class=\"\">\n<div class=\"_1mf _1mj\"><span>1\u00ba Felipe de Arteaga (Rivera)<\/span><\/div>\n<\/div>\n<div class=\"\">\n<div class=\"_1mf _1mj\"><span>2\u00ba Carlos Acosta (Rivera)<\/span><\/div>\n<\/div>\n<div class=\"\">\n<div class=\"_1mf _1mj\"><span>3\u00ba Mateus Vargas (Rivera)<\/span><\/div>\n<\/div>\n<div class=\"\">\n<div class=\"_1mf _1mj\"><span>\u00a0<\/span><\/div>\n<\/div>\n<div class=\"\">\n<div class=\"_1mf _1mj\"><span>Copa de Oro \u00danica <\/span><\/div>\n<\/div>\n<div class=\"\">\n<div class=\"_1mf _1mj\"><span>3\u00ba Sebasti\u00e1n Pereyra (Rivera)<\/span><\/div>\n<\/div>\n<div class=\"\">\n<div class=\"_1mf _1mj\"><span>\u00a0<\/span><\/div>\n<\/div>\n<div class=\"\">\n<div class=\"_1mf _1mj\"><span>Felicitaciones muchachos por representar al departamento de la mejor manera y lograr tan buenos resultados.<\/span><\/div>\n<\/div>\n<div class=\"\">\n<div class=\"_1mf _1mj\"><span>Vamos por m\u00e1s!<\/span><\/div>\n<\/div>\n<div><img loading=\"lazy\" decoding=\"async\" class=\"alignnone size-medium wp-image-2964\" src=\"http:\/\/rivera.gub.uy\/social\/wp-content\/uploads\/2018\/01\/IMG-20180127-WA0029-300x169.jpg\" alt=\"\" width=\"300\" height=\"169\" srcset=\"https:\/\/www.rivera.gub.uy\/social\/wp-content\/uploads\/2018\/01\/IMG-20180127-WA0029-300x169.jpg 300w, https:\/\/www.rivera.gub.uy\/social\/wp-content\/uploads\/2018\/01\/IMG-20180127-WA0029-768x432.jpg 768w, https:\/\/www.rivera.gub.uy\/social\/wp-content\/uploads\/2018\/01\/IMG-20180127-WA0029-1024x576.jpg 1024w, https:\/\/www.rivera.gub.uy\/social\/wp-content\/uploads\/2018\/01\/IMG-20180127-WA0029-820x461.jpg 820w, https:\/\/www.rivera.gub.uy\/social\/wp-content\/uploads\/2018\/01\/IMG-20180127-WA0029.jpg 1280w\" sizes=\"(max-width: 300px) 100vw, 300px\" \/> <img loading=\"lazy\" decoding=\"async\" class=\"alignnone size-medium wp-image-2965\" src=\"http:\/\/rivera.gub.uy\/social\/wp-content\/uploads\/2018\/01\/IMG-20180127-WA0052-225x300.jpg\" alt=\"\" width=\"225\" height=\"300\" srcset=\"https:\/\/www.rivera.gub.uy\/social\/wp-content\/uploads\/2018\/01\/IMG-20180127-WA0052-225x300.jpg 225w, https:\/\/www.rivera.gub.uy\/social\/wp-content\/uploads\/2018\/01\/IMG-20180127-WA0052-768x1024.jpg 768w, https:\/\/www.rivera.gub.uy\/social\/wp-content\/uploads\/2018\/01\/IMG-20180127-WA0052-820x1093.jpg 820w, https:\/\/www.rivera.gub.uy\/social\/wp-content\/uploads\/2018\/01\/IMG-20180127-WA0052.jpg 1200w\" sizes=\"(max-width: 225px) 100vw, 225px\" \/> <img loading=\"lazy\" decoding=\"async\" class=\"alignnone size-medium wp-image-2966\" src=\"http:\/\/rivera.gub.uy\/social\/wp-content\/uploads\/2018\/01\/IMG-20180127-WA0053-225x300.jpg\" alt=\"\" width=\"225\" height=\"300\" srcset=\"https:\/\/www.rivera.gub.uy\/social\/wp-content\/uploads\/2018\/01\/IMG-20180127-WA0053-225x300.jpg 225w, https:\/\/www.rivera.gub.uy\/social\/wp-content\/uploads\/2018\/01\/IMG-20180127-WA0053-768x1024.jpg 768w, https:\/\/www.rivera.gub.uy\/social\/wp-content\/uploads\/2018\/01\/IMG-20180127-WA0053-820x1093.jpg 820w, https:\/\/www.rivera.gub.uy\/social\/wp-content\/uploads\/2018\/01\/IMG-20180127-WA0053.jpg 1200w\" sizes=\"(max-width: 225px) 100vw, 225px\" \/> <img loading=\"lazy\" decoding=\"async\" class=\"alignnone size-medium wp-image-2967\" src=\"http:\/\/rivera.gub.uy\/social\/wp-content\/uploads\/2018\/01\/IMG-20180127-WA0054-225x300.jpg\" alt=\"\" width=\"225\" height=\"300\" srcset=\"https:\/\/www.rivera.gub.uy\/social\/wp-content\/uploads\/2018\/01\/IMG-20180127-WA0054-225x300.jpg 225w, https:\/\/www.rivera.gub.uy\/social\/wp-content\/uploads\/2018\/01\/IMG-20180127-WA0054-768x1024.jpg 768w, https:\/\/www.rivera.gub.uy\/social\/wp-content\/uploads\/2018\/01\/IMG-20180127-WA0054-820x1093.jpg 820w, https:\/\/www.rivera.gub.uy\/social\/wp-content\/uploads\/2018\/01\/IMG-20180127-WA0054.jpg 1200w\" sizes=\"(max-width: 225px) 100vw, 225px\" \/> <img loading=\"lazy\" decoding=\"async\" class=\"alignnone size-medium wp-image-2968\" src=\"http:\/\/rivera.gub.uy\/social\/wp-content\/uploads\/2018\/01\/IMG-20180127-WA0055-225x300.jpg\" alt=\"\" width=\"225\" height=\"300\" srcset=\"https:\/\/www.rivera.gub.uy\/social\/wp-content\/uploads\/2018\/01\/IMG-20180127-WA0055-225x300.jpg 225w, https:\/\/www.rivera.gub.uy\/social\/wp-content\/uploads\/2018\/01\/IMG-20180127-WA0055-768x1024.jpg 768w, https:\/\/www.rivera.gub.uy\/social\/wp-content\/uploads\/2018\/01\/IMG-20180127-WA0055-820x1093.jpg 820w, https:\/\/www.rivera.gub.uy\/social\/wp-content\/uploads\/2018\/01\/IMG-20180127-WA0055.jpg 1200w\" sizes=\"(max-width: 225px) 100vw, 225px\" \/> <img loading=\"lazy\" decoding=\"async\" class=\"alignnone size-medium wp-image-2969\" src=\"http:\/\/rivera.gub.uy\/social\/wp-content\/uploads\/2018\/01\/IMG-20180127-WA0057-300x225.jpg\" alt=\"\" width=\"300\" height=\"225\" srcset=\"https:\/\/www.rivera.gub.uy\/social\/wp-content\/uploads\/2018\/01\/IMG-20180127-WA0057-300x225.jpg 300w, https:\/\/www.rivera.gub.uy\/social\/wp-content\/uploads\/2018\/01\/IMG-20180127-WA0057-768x576.jpg 768w, https:\/\/www.rivera.gub.uy\/social\/wp-content\/uploads\/2018\/01\/IMG-20180127-WA0057-1024x768.jpg 1024w, https:\/\/www.rivera.gub.uy\/social\/wp-content\/uploads\/2018\/01\/IMG-20180127-WA0057-820x615.jpg 820w, https:\/\/www.rivera.gub.uy\/social\/wp-content\/uploads\/2018\/01\/IMG-20180127-WA0057.jpg 1600w\" sizes=\"(max-width: 300px) 100vw, 300px\" \/> <img loading=\"lazy\" decoding=\"async\" class=\"alignnone size-medium wp-image-2970\" src=\"http:\/\/rivera.gub.uy\/social\/wp-content\/uploads\/2018\/01\/IMG-20180127-WA0058-300x225.jpg\" alt=\"\" width=\"300\" height=\"225\" srcset=\"https:\/\/www.rivera.gub.uy\/social\/wp-content\/uploads\/2018\/01\/IMG-20180127-WA0058-300x225.jpg 300w, https:\/\/www.rivera.gub.uy\/social\/wp-content\/uploads\/2018\/01\/IMG-20180127-WA0058-768x576.jpg 768w, https:\/\/www.rivera.gub.uy\/social\/wp-content\/uploads\/2018\/01\/IMG-20180127-WA0058-1024x768.jpg 1024w, https:\/\/www.rivera.gub.uy\/social\/wp-content\/uploads\/2018\/01\/IMG-20180127-WA0058-820x615.jpg 820w, https:\/\/www.rivera.gub.uy\/social\/wp-content\/uploads\/2018\/01\/IMG-20180127-WA0058.jpg 1600w\" sizes=\"(max-width: 300px) 100vw, 300px\" \/> <img loading=\"lazy\" decoding=\"async\" class=\"alignnone size-medium wp-image-2971\" src=\"http:\/\/rivera.gub.uy\/social\/wp-content\/uploads\/2018\/01\/IMG-20180127-WA0059-300x225.jpg\" alt=\"\" width=\"300\" height=\"225\" srcset=\"https:\/\/www.rivera.gub.uy\/social\/wp-content\/uploads\/2018\/01\/IMG-20180127-WA0059-300x225.jpg 300w, https:\/\/www.rivera.gub.uy\/social\/wp-content\/uploads\/2018\/01\/IMG-20180127-WA0059-768x576.jpg 768w, https:\/\/www.rivera.gub.uy\/social\/wp-content\/uploads\/2018\/01\/IMG-20180127-WA0059-1024x768.jpg 1024w, https:\/\/www.rivera.gub.uy\/social\/wp-content\/uploads\/2018\/01\/IMG-20180127-WA0059-820x615.jpg 820w, https:\/\/www.rivera.gub.uy\/social\/wp-content\/uploads\/2018\/01\/IMG-20180127-WA0059.jpg 1600w\" sizes=\"(max-width: 300px) 100vw, 300px\" \/> <img loading=\"lazy\" decoding=\"async\" class=\"alignnone size-medium wp-image-2972\" src=\"http:\/\/rivera.gub.uy\/social\/wp-content\/uploads\/2018\/01\/IMG-20180127-WA0060-300x225.jpg\" alt=\"\" width=\"300\" height=\"225\" srcset=\"https:\/\/www.rivera.gub.uy\/social\/wp-content\/uploads\/2018\/01\/IMG-20180127-WA0060-300x225.jpg 300w, https:\/\/www.rivera.gub.uy\/social\/wp-content\/uploads\/2018\/01\/IMG-20180127-WA0060-768x576.jpg 768w, https:\/\/www.rivera.gub.uy\/social\/wp-content\/uploads\/2018\/01\/IMG-20180127-WA0060-1024x768.jpg 1024w, https:\/\/www.rivera.gub.uy\/social\/wp-content\/uploads\/2018\/01\/IMG-20180127-WA0060-820x615.jpg 820w, https:\/\/www.rivera.gub.uy\/social\/wp-content\/uploads\/2018\/01\/IMG-20180127-WA0060.jpg 1600w\" sizes=\"(max-width: 300px) 100vw, 300px\" \/> <img loading=\"lazy\" decoding=\"async\" class=\"alignnone size-medium wp-image-2973\" src=\"http:\/\/rivera.gub.uy\/social\/wp-content\/uploads\/2018\/01\/IMG-20180127-WA0061-1-300x225.jpg\" alt=\"\" width=\"300\" height=\"225\" srcset=\"https:\/\/www.rivera.gub.uy\/social\/wp-content\/uploads\/2018\/01\/IMG-20180127-WA0061-1-300x225.jpg 300w, https:\/\/www.rivera.gub.uy\/social\/wp-content\/uploads\/2018\/01\/IMG-20180127-WA0061-1-768x576.jpg 768w, https:\/\/www.rivera.gub.uy\/social\/wp-content\/uploads\/2018\/01\/IMG-20180127-WA0061-1-1024x768.jpg 1024w, https:\/\/www.rivera.gub.uy\/social\/wp-content\/uploads\/2018\/01\/IMG-20180127-WA0061-1-820x615.jpg 820w, https:\/\/www.rivera.gub.uy\/social\/wp-content\/uploads\/2018\/01\/IMG-20180127-WA0061-1.jpg 1600w\" sizes=\"(max-width: 300px) 100vw, 300px\" \/> <img loading=\"lazy\" decoding=\"async\" class=\"alignnone size-medium wp-image-2974\" src=\"http:\/\/rivera.gub.uy\/social\/wp-content\/uploads\/2018\/01\/IMG-20180127-WA0062-300x225.jpg\" alt=\"\" width=\"300\" height=\"225\" srcset=\"https:\/\/www.rivera.gub.uy\/social\/wp-content\/uploads\/2018\/01\/IMG-20180127-WA0062-300x225.jpg 300w, https:\/\/www.rivera.gub.uy\/social\/wp-content\/uploads\/2018\/01\/IMG-20180127-WA0062-768x576.jpg 768w, https:\/\/www.rivera.gub.uy\/social\/wp-content\/uploads\/2018\/01\/IMG-20180127-WA0062-1024x768.jpg 1024w, https:\/\/www.rivera.gub.uy\/social\/wp-content\/uploads\/2018\/01\/IMG-20180127-WA0062-820x615.jpg 820w, https:\/\/www.rivera.gub.uy\/social\/wp-content\/uploads\/2018\/01\/IMG-20180127-WA0062.jpg 1600w\" sizes=\"(max-width: 300px) 100vw, 300px\" \/> <img loading=\"lazy\" decoding=\"async\" class=\"alignnone size-medium wp-image-2975\" src=\"http:\/\/rivera.gub.uy\/social\/wp-content\/uploads\/2018\/01\/IMG-20180127-WA0063-300x225.jpg\" alt=\"\" width=\"300\" height=\"225\" srcset=\"https:\/\/www.rivera.gub.uy\/social\/wp-content\/uploads\/2018\/01\/IMG-20180127-WA0063-300x225.jpg 300w, https:\/\/www.rivera.gub.uy\/social\/wp-content\/uploads\/2018\/01\/IMG-20180127-WA0063-768x576.jpg 768w, https:\/\/www.rivera.gub.uy\/social\/wp-content\/uploads\/2018\/01\/IMG-20180127-WA0063-1024x768.jpg 1024w, https:\/\/www.rivera.gub.uy\/social\/wp-content\/uploads\/2018\/01\/IMG-20180127-WA0063-820x615.jpg 820w, https:\/\/www.rivera.gub.uy\/social\/wp-content\/uploads\/2018\/01\/IMG-20180127-WA0063.jpg 1600w\" sizes=\"(max-width: 300px) 100vw, 300px\" \/> <img loading=\"lazy\" decoding=\"async\" class=\"alignnone size-medium wp-image-2976\" src=\"http:\/\/rivera.gub.uy\/social\/wp-content\/uploads\/2018\/01\/IMG-20180127-WA0064-300x225.jpg\" alt=\"\" width=\"300\" height=\"225\" srcset=\"https:\/\/www.rivera.gub.uy\/social\/wp-content\/uploads\/2018\/01\/IMG-20180127-WA0064-300x225.jpg 300w, https:\/\/www.rivera.gub.uy\/social\/wp-content\/uploads\/2018\/01\/IMG-20180127-WA0064-768x576.jpg 768w, https:\/\/www.rivera.gub.uy\/social\/wp-content\/uploads\/2018\/01\/IMG-20180127-WA0064-1024x768.jpg 1024w, https:\/\/www.rivera.gub.uy\/social\/wp-content\/uploads\/2018\/01\/IMG-20180127-WA0064-820x615.jpg 820w, https:\/\/www.rivera.gub.uy\/social\/wp-content\/uploads\/2018\/01\/IMG-20180127-WA0064.jpg 1600w\" sizes=\"(max-width: 300px) 100vw, 300px\" \/> <img loading=\"lazy\" decoding=\"async\" class=\"alignnone size-medium wp-image-2977\" src=\"http:\/\/rivera.gub.uy\/social\/wp-content\/uploads\/2018\/01\/IMG-20180127-WA0065-300x225.jpg\" alt=\"\" width=\"300\" height=\"225\" srcset=\"https:\/\/www.rivera.gub.uy\/social\/wp-content\/uploads\/2018\/01\/IMG-20180127-WA0065-300x225.jpg 300w, https:\/\/www.rivera.gub.uy\/social\/wp-content\/uploads\/2018\/01\/IMG-20180127-WA0065-768x576.jpg 768w, https:\/\/www.rivera.gub.uy\/social\/wp-content\/uploads\/2018\/01\/IMG-20180127-WA0065-1024x768.jpg 1024w, https:\/\/www.rivera.gub.uy\/social\/wp-content\/uploads\/2018\/01\/IMG-20180127-WA0065-820x615.jpg 820w, https:\/\/www.rivera.gub.uy\/social\/wp-content\/uploads\/2018\/01\/IMG-20180127-WA0065.jpg 1600w\" sizes=\"(max-width: 300px) 100vw, 300px\" \/> <img loading=\"lazy\" decoding=\"async\" class=\"alignnone size-medium wp-image-2978\" src=\"http:\/\/rivera.gub.uy\/social\/wp-content\/uploads\/2018\/01\/IMG-20180127-WA0066-300x225.jpg\" alt=\"\" width=\"300\" height=\"225\" srcset=\"https:\/\/www.rivera.gub.uy\/social\/wp-content\/uploads\/2018\/01\/IMG-20180127-WA0066-300x225.jpg 300w, https:\/\/www.rivera.gub.uy\/social\/wp-content\/uploads\/2018\/01\/IMG-20180127-WA0066-768x576.jpg 768w, https:\/\/www.rivera.gub.uy\/social\/wp-content\/uploads\/2018\/01\/IMG-20180127-WA0066-1024x768.jpg 1024w, https:\/\/www.rivera.gub.uy\/social\/wp-content\/uploads\/2018\/01\/IMG-20180127-WA0066-820x615.jpg 820w, https:\/\/www.rivera.gub.uy\/social\/wp-content\/uploads\/2018\/01\/IMG-20180127-WA0066.jpg 1600w\" sizes=\"(max-width: 300px) 100vw, 300px\" \/> <img loading=\"lazy\" decoding=\"async\" class=\"alignnone size-medium wp-image-2979\" src=\"http:\/\/rivera.gub.uy\/social\/wp-content\/uploads\/2018\/01\/IMG-20180127-WA0067-300x225.jpg\" alt=\"\" width=\"300\" height=\"225\" srcset=\"https:\/\/www.rivera.gub.uy\/social\/wp-content\/uploads\/2018\/01\/IMG-20180127-WA0067-300x225.jpg 300w, https:\/\/www.rivera.gub.uy\/social\/wp-content\/uploads\/2018\/01\/IMG-20180127-WA0067-768x576.jpg 768w, https:\/\/www.rivera.gub.uy\/social\/wp-content\/uploads\/2018\/01\/IMG-20180127-WA0067-1024x768.jpg 1024w, https:\/\/www.rivera.gub.uy\/social\/wp-content\/uploads\/2018\/01\/IMG-20180127-WA0067-820x615.jpg 820w, https:\/\/www.rivera.gub.uy\/social\/wp-content\/uploads\/2018\/01\/IMG-20180127-WA0067.jpg 1600w\" sizes=\"(max-width: 300px) 100vw, 300px\" \/> <img loading=\"lazy\" decoding=\"async\" class=\"alignnone size-medium wp-image-2980\" src=\"http:\/\/rivera.gub.uy\/social\/wp-content\/uploads\/2018\/01\/IMG-20180127-WA0068-300x225.jpg\" alt=\"\" width=\"300\" height=\"225\" srcset=\"https:\/\/www.rivera.gub.uy\/social\/wp-content\/uploads\/2018\/01\/IMG-20180127-WA0068-300x225.jpg 300w, https:\/\/www.rivera.gub.uy\/social\/wp-content\/uploads\/2018\/01\/IMG-20180127-WA0068-768x576.jpg 768w, https:\/\/www.rivera.gub.uy\/social\/wp-content\/uploads\/2018\/01\/IMG-20180127-WA0068-1024x768.jpg 1024w, https:\/\/www.rivera.gub.uy\/social\/wp-content\/uploads\/2018\/01\/IMG-20180127-WA0068-820x615.jpg 820w, https:\/\/www.rivera.gub.uy\/social\/wp-content\/uploads\/2018\/01\/IMG-20180127-WA0068.jpg 1600w\" sizes=\"(max-width: 300px) 100vw, 300px\" \/> <img loading=\"lazy\" decoding=\"async\" class=\"alignnone size-medium wp-image-2981\" src=\"http:\/\/rivera.gub.uy\/social\/wp-content\/uploads\/2018\/01\/IMG-20180127-WA0069-300x225.jpg\" alt=\"\" width=\"300\" height=\"225\" srcset=\"https:\/\/www.rivera.gub.uy\/social\/wp-content\/uploads\/2018\/01\/IMG-20180127-WA0069-300x225.jpg 300w, https:\/\/www.rivera.gub.uy\/social\/wp-content\/uploads\/2018\/01\/IMG-20180127-WA0069-768x576.jpg 768w, https:\/\/www.rivera.gub.uy\/social\/wp-content\/uploads\/2018\/01\/IMG-20180127-WA0069-1024x768.jpg 1024w, https:\/\/www.rivera.gub.uy\/social\/wp-content\/uploads\/2018\/01\/IMG-20180127-WA0069-820x615.jpg 820w, https:\/\/www.rivera.gub.uy\/social\/wp-content\/uploads\/2018\/01\/IMG-20180127-WA0069.jpg 1600w\" sizes=\"(max-width: 300px) 100vw, 300px\" \/> <img loading=\"lazy\" decoding=\"async\" class=\"alignnone size-medium wp-image-2982\" src=\"http:\/\/rivera.gub.uy\/social\/wp-content\/uploads\/2018\/01\/IMG-20180127-WA0070-300x225.jpg\" alt=\"\" width=\"300\" height=\"225\" srcset=\"https:\/\/www.rivera.gub.uy\/social\/wp-content\/uploads\/2018\/01\/IMG-20180127-WA0070-300x225.jpg 300w, https:\/\/www.rivera.gub.uy\/social\/wp-content\/uploads\/2018\/01\/IMG-20180127-WA0070-768x576.jpg 768w, https:\/\/www.rivera.gub.uy\/social\/wp-content\/uploads\/2018\/01\/IMG-20180127-WA0070-1024x768.jpg 1024w, https:\/\/www.rivera.gub.uy\/social\/wp-content\/uploads\/2018\/01\/IMG-20180127-WA0070-820x615.jpg 820w, https:\/\/www.rivera.gub.uy\/social\/wp-content\/uploads\/2018\/01\/IMG-20180127-WA0070.jpg 1600w\" sizes=\"(max-width: 300px) 100vw, 300px\" \/> <img loading=\"lazy\" decoding=\"async\" class=\"alignnone size-medium wp-image-2983\" src=\"http:\/\/rivera.gub.uy\/social\/wp-content\/uploads\/2018\/01\/IMG-20180127-WA0071-300x225.jpg\" alt=\"\" width=\"300\" height=\"225\" srcset=\"https:\/\/www.rivera.gub.uy\/social\/wp-content\/uploads\/2018\/01\/IMG-20180127-WA0071-300x225.jpg 300w, https:\/\/www.rivera.gub.uy\/social\/wp-content\/uploads\/2018\/01\/IMG-20180127-WA0071-768x576.jpg 768w, https:\/\/www.rivera.gub.uy\/social\/wp-content\/uploads\/2018\/01\/IMG-20180127-WA0071-1024x768.jpg 1024w, https:\/\/www.rivera.gub.uy\/social\/wp-content\/uploads\/2018\/01\/IMG-20180127-WA0071-820x615.jpg 820w, https:\/\/www.rivera.gub.uy\/social\/wp-content\/uploads\/2018\/01\/IMG-20180127-WA0071.jpg 1600w\" sizes=\"(max-width: 300px) 100vw, 300px\" \/> <img loading=\"lazy\" decoding=\"async\" class=\"alignnone size-medium wp-image-2984\" src=\"http:\/\/rivera.gub.uy\/social\/wp-content\/uploads\/2018\/01\/IMG-20180127-WA0075-169x300.jpg\" alt=\"\" width=\"169\" height=\"300\" srcset=\"https:\/\/www.rivera.gub.uy\/social\/wp-content\/uploads\/2018\/01\/IMG-20180127-WA0075-169x300.jpg 169w, https:\/\/www.rivera.gub.uy\/social\/wp-content\/uploads\/2018\/01\/IMG-20180127-WA0075-768x1364.jpg 768w, https:\/\/www.rivera.gub.uy\/social\/wp-content\/uploads\/2018\/01\/IMG-20180127-WA0075-577x1024.jpg 577w, https:\/\/www.rivera.gub.uy\/social\/wp-content\/uploads\/2018\/01\/IMG-20180127-WA0075-820x1456.jpg 820w, https:\/\/www.rivera.gub.uy\/social\/wp-content\/uploads\/2018\/01\/IMG-20180127-WA0075.jpg 901w\" sizes=\"(max-width: 169px) 100vw, 169px\" \/> <img loading=\"lazy\" decoding=\"async\" class=\"alignnone size-medium wp-image-2985\" src=\"http:\/\/rivera.gub.uy\/social\/wp-content\/uploads\/2018\/01\/IMG-20180128-WA0001-225x300.jpg\" alt=\"\" width=\"225\" height=\"300\" srcset=\"https:\/\/www.rivera.gub.uy\/social\/wp-content\/uploads\/2018\/01\/IMG-20180128-WA0001-225x300.jpg 225w, https:\/\/www.rivera.gub.uy\/social\/wp-content\/uploads\/2018\/01\/IMG-20180128-WA0001-768x1024.jpg 768w, https:\/\/www.rivera.gub.uy\/social\/wp-content\/uploads\/2018\/01\/IMG-20180128-WA0001-820x1093.jpg 820w, https:\/\/www.rivera.gub.uy\/social\/wp-content\/uploads\/2018\/01\/IMG-20180128-WA0001.jpg 972w\" sizes=\"(max-width: 225px) 100vw, 225px\" \/> <img loading=\"lazy\" decoding=\"async\" class=\"alignnone size-medium wp-image-2986\" src=\"http:\/\/rivera.gub.uy\/social\/wp-content\/uploads\/2018\/01\/IMG-20180128-WA0004-180x300.jpg\" alt=\"\" width=\"180\" height=\"300\" srcset=\"https:\/\/www.rivera.gub.uy\/social\/wp-content\/uploads\/2018\/01\/IMG-20180128-WA0004-180x300.jpg 180w, https:\/\/www.rivera.gub.uy\/social\/wp-content\/uploads\/2018\/01\/IMG-20180128-WA0004.jpg 480w\" sizes=\"(max-width: 180px) 100vw, 180px\" \/> <img loading=\"lazy\" decoding=\"async\" class=\"alignnone size-medium wp-image-2987\" src=\"http:\/\/rivera.gub.uy\/social\/wp-content\/uploads\/2018\/01\/IMG-20180128-WA0005-300x225.jpg\" alt=\"\" width=\"300\" height=\"225\" srcset=\"https:\/\/www.rivera.gub.uy\/social\/wp-content\/uploads\/2018\/01\/IMG-20180128-WA0005-300x225.jpg 300w, https:\/\/www.rivera.gub.uy\/social\/wp-content\/uploads\/2018\/01\/IMG-20180128-WA0005-768x576.jpg 768w, https:\/\/www.rivera.gub.uy\/social\/wp-content\/uploads\/2018\/01\/IMG-20180128-WA0005-1024x768.jpg 1024w, https:\/\/www.rivera.gub.uy\/social\/wp-content\/uploads\/2018\/01\/IMG-20180128-WA0005-820x615.jpg 820w, https:\/\/www.rivera.gub.uy\/social\/wp-content\/uploads\/2018\/01\/IMG-20180128-WA0005.jpg 1600w\" sizes=\"(max-width: 300px) 100vw, 300px\" \/> <img loading=\"lazy\" decoding=\"async\" class=\"alignnone size-medium wp-image-2988\" src=\"http:\/\/rivera.gub.uy\/social\/wp-content\/uploads\/2018\/01\/IMG-20180128-WA0006-300x225.jpg\" alt=\"\" width=\"300\" height=\"225\" srcset=\"https:\/\/www.rivera.gub.uy\/social\/wp-content\/uploads\/2018\/01\/IMG-20180128-WA0006-300x225.jpg 300w, https:\/\/www.rivera.gub.uy\/social\/wp-content\/uploads\/2018\/01\/IMG-20180128-WA0006-768x576.jpg 768w, https:\/\/www.rivera.gub.uy\/social\/wp-content\/uploads\/2018\/01\/IMG-20180128-WA0006-1024x768.jpg 1024w, https:\/\/www.rivera.gub.uy\/social\/wp-content\/uploads\/2018\/01\/IMG-20180128-WA0006-820x615.jpg 820w, https:\/\/www.rivera.gub.uy\/social\/wp-content\/uploads\/2018\/01\/IMG-20180128-WA0006.jpg 1600w\" sizes=\"(max-width: 300px) 100vw, 300px\" \/><\/div>\n","protected":false},"excerpt":{"rendered":"<p>El pasado fin de semana una delegaci\u00f3n de 20 riverenses a cargo del Coordinador de Tenis de Mesa de la Divisi\u00f3n Deportes Fernando Morais viajaron a la cuidad de Tacuaremb\u00f3 a disputar el Torneo Regional Norte, copa Carlos Gardel donde salieron campeones en 3 de las 4 categor\u00edas de la competencia. \u00a0 Categor\u00eda Sub. 18 [&hellip;]<\/p>\n","protected":false},"author":4,"featured_media":2963,"comment_status":"open","ping_status":"open","sticky":false,"template":"","format":"standard","meta":{"footnotes":""},"categories":[6,8,5,1,7,9],"tags":[],"_links":{"self":[{"href":"https:\/\/www.rivera.gub.uy\/social\/wp-json\/wp\/v2\/posts\/2962"}],"collection":[{"href":"https:\/\/www.rivera.gub.uy\/social\/wp-json\/wp\/v2\/posts"}],"about":[{"href":"https:\/\/www.rivera.gub.uy\/social\/wp-json\/wp\/v2\/types\/post"}],"author":[{"embeddable":true,"href":"https:\/\/www.rivera.gub.uy\/social\/wp-json\/wp\/v2\/users\/4"}],"replies":[{"embeddable":true,"href":"https:\/\/www.rivera.gub.uy\/social\/wp-json\/wp\/v2\/comments?post=2962"}],"version-history":[{"count":1,"href":"https:\/\/www.rivera.gub.uy\/social\/wp-json\/wp\/v2\/posts\/2962\/revisions"}],"predecessor-version":[{"id":2989,"href":"https:\/\/www.rivera.gub.uy\/social\/wp-json\/wp\/v2\/posts\/2962\/revisions\/2989"}],"wp:featuredmedia":[{"embeddable":true,"href":"https:\/\/www.rivera.gub.uy\/social\/wp-json\/wp\/v2\/media\/2963"}],"wp:attachment":[{"href":"https:\/\/www.rivera.gub.uy\/social\/wp-json\/wp\/v2\/media?parent=2962"}],"wp:term":[{"taxonomy":"category","embeddable":true,"href":"https:\/\/www.rivera.gub.uy\/social\/wp-json\/wp\/v2\/categories?post=2962"},{"taxonomy":"post_tag","embeddable":true,"href":"https:\/\/www.rivera.gub.uy\/social\/wp-json\/wp\/v2\/tags?post=2962"}],"curies":[{"name":"wp","href":"https:\/\/api.w.org\/{rel}","templated":true}]}}