{"id":300,"date":"2017-08-14T13:11:28","date_gmt":"2017-08-14T13:11:28","guid":{"rendered":"http:\/\/rivera.gub.uy\/social\/?p=300"},"modified":"2017-08-14T14:40:49","modified_gmt":"2017-08-14T14:40:49","slug":"resultados-3er-fecha-circuito-riverense-macro-mercado-de-tenis-de-mesa","status":"publish","type":"post","link":"https:\/\/www.rivera.gub.uy\/social\/resultados-3er-fecha-circuito-riverense-macro-mercado-de-tenis-de-mesa\/","title":{"rendered":"Resultados de la 3\u00b0 fecha &#8211; Circuito Riverense Macro Mercado de Tenis de Mesa"},"content":{"rendered":"<p>En la ma\u00f1ana y tarde del pasado s\u00e1bado 12 de agosto, se realiz\u00f3 la 3ra. etapa del Circuito Riverense de Tenis de Mesa \u00abGran Copa Macro Mercado\u00bb en el gimnasio del Liceo N\u00ba1 Dra. Celia Pomoli.<br \/>\nCon una concurrencia sorprendente de participantes, pese al mal tiempo, se disfrut\u00f3 de una jornada deportiva de integraci\u00f3n y mucha diversi\u00f3n.<\/p>\n<p><!--more--><\/p>\n<p><strong><span class=\"text_exposed_show\">\u00a0<\/span>Resultados:<\/strong><\/p>\n<div class=\"text_exposed_show\">\n<table style=\"height: 203px;\" width=\"570\">\n<tbody>\n<tr>\n<td style=\"text-align: center;\"><strong>Categor\u00eda<\/strong><\/td>\n<td style=\"text-align: center;\"><strong>Campe\u00f3n<\/strong><\/td>\n<td style=\"text-align: center;\"><strong>Vice-campe\u00f3n<\/strong><\/td>\n<\/tr>\n<tr>\n<td style=\"text-align: center;\"><strong>Masculino sub.15<\/strong><\/td>\n<td style=\"text-align: center;\"><span class=\"text_exposed_show\">Felipe de Arteaga<\/span><\/td>\n<td style=\"text-align: center;\"><span class=\"text_exposed_show\">Bruno Pereyra<\/span><\/td>\n<\/tr>\n<tr>\n<td style=\"text-align: center;\"><strong>Femenino sub.18<\/strong><\/td>\n<td style=\"text-align: center;\">Florencia Gonzalez<\/td>\n<td style=\"text-align: center;\">Lucia Gonzalez<\/td>\n<\/tr>\n<tr>\n<td style=\"text-align: center;\"><strong>Masculino sub.18<\/strong><\/td>\n<td style=\"text-align: center;\">Felipe de Arteaga<\/td>\n<td style=\"text-align: center;\">Ramiro Salaberri<\/td>\n<\/tr>\n<tr>\n<td style=\"text-align: center;\"><strong>Adultos libre<\/strong><\/td>\n<td style=\"text-align: center;\">Sebasti\u00e1n Rosano<\/td>\n<td style=\"text-align: center;\">Mart\u00edn Chiappara<\/td>\n<\/tr>\n<\/tbody>\n<\/table>\n<p>Desde la Divisi\u00f3n Deportes felicitamos a cada uno de los participantes y esperamos verlos en la 4ta. etapa, en Centro Barrial La Estiva (Evaristo Tal y Juan Acosta sin numero) para seguir sumando puntos.<br \/>\nLas inscripciones ya est\u00e1n abiertas en Divisi\u00f3n Deportes tel\u00e9fono 46236289 por el 093 356684.<\/p>\n<p>&nbsp;<\/p>\n<div id='gallery-1' class='gallery galleryid-300 gallery-columns-5 gallery-size-thumbnail'><figure class='gallery-item'>\n\t\t\t<div class='gallery-icon landscape'>\n\t\t\t\t<a href='https:\/\/www.rivera.gub.uy\/social\/wp-content\/uploads\/2017\/08\/Tenis-de-Mesa-2.jpg'><img loading=\"lazy\" decoding=\"async\" width=\"150\" height=\"150\" src=\"https:\/\/www.rivera.gub.uy\/social\/wp-content\/uploads\/2017\/08\/Tenis-de-Mesa-2-150x150.jpg\" class=\"attachment-thumbnail size-thumbnail\" alt=\"\" \/><\/a>\n\t\t\t<\/div><\/figure><figure class='gallery-item'>\n\t\t\t<div class='gallery-icon landscape'>\n\t\t\t\t<a href='https:\/\/www.rivera.gub.uy\/social\/wp-content\/uploads\/2017\/08\/Tenis-de-Mesa-6.jpg'><img loading=\"lazy\" decoding=\"async\" width=\"150\" height=\"150\" src=\"https:\/\/www.rivera.gub.uy\/social\/wp-content\/uploads\/2017\/08\/Tenis-de-Mesa-6-150x150.jpg\" class=\"attachment-thumbnail size-thumbnail\" alt=\"\" \/><\/a>\n\t\t\t<\/div><\/figure><figure class='gallery-item'>\n\t\t\t<div class='gallery-icon landscape'>\n\t\t\t\t<a href='https:\/\/www.rivera.gub.uy\/social\/wp-content\/uploads\/2017\/08\/Tenis-de-Mesa-3.jpg'><img loading=\"lazy\" decoding=\"async\" width=\"150\" height=\"150\" src=\"https:\/\/www.rivera.gub.uy\/social\/wp-content\/uploads\/2017\/08\/Tenis-de-Mesa-3-150x150.jpg\" class=\"attachment-thumbnail size-thumbnail\" alt=\"\" \/><\/a>\n\t\t\t<\/div><\/figure><figure class='gallery-item'>\n\t\t\t<div class='gallery-icon landscape'>\n\t\t\t\t<a href='https:\/\/www.rivera.gub.uy\/social\/wp-content\/uploads\/2017\/08\/Tenis-de-Mesa-4.jpg'><img loading=\"lazy\" decoding=\"async\" width=\"150\" height=\"150\" src=\"https:\/\/www.rivera.gub.uy\/social\/wp-content\/uploads\/2017\/08\/Tenis-de-Mesa-4-150x150.jpg\" class=\"attachment-thumbnail size-thumbnail\" alt=\"\" \/><\/a>\n\t\t\t<\/div><\/figure><figure class='gallery-item'>\n\t\t\t<div class='gallery-icon landscape'>\n\t\t\t\t<a href='https:\/\/www.rivera.gub.uy\/social\/wp-content\/uploads\/2017\/08\/Tenis-de-Mesa-5.jpg'><img loading=\"lazy\" decoding=\"async\" width=\"150\" height=\"150\" src=\"https:\/\/www.rivera.gub.uy\/social\/wp-content\/uploads\/2017\/08\/Tenis-de-Mesa-5-150x150.jpg\" class=\"attachment-thumbnail size-thumbnail\" alt=\"\" \/><\/a>\n\t\t\t<\/div><\/figure><figure class='gallery-item'>\n\t\t\t<div class='gallery-icon landscape'>\n\t\t\t\t<a href='https:\/\/www.rivera.gub.uy\/social\/wp-content\/uploads\/2017\/08\/Tenis-de-Mesa-7.jpg'><img loading=\"lazy\" decoding=\"async\" width=\"150\" height=\"150\" src=\"https:\/\/www.rivera.gub.uy\/social\/wp-content\/uploads\/2017\/08\/Tenis-de-Mesa-7-150x150.jpg\" class=\"attachment-thumbnail size-thumbnail\" alt=\"\" \/><\/a>\n\t\t\t<\/div><\/figure><figure class='gallery-item'>\n\t\t\t<div class='gallery-icon landscape'>\n\t\t\t\t<a href='https:\/\/www.rivera.gub.uy\/social\/wp-content\/uploads\/2017\/08\/Tenis-de-Mesa.jpg'><img loading=\"lazy\" decoding=\"async\" width=\"150\" height=\"150\" src=\"https:\/\/www.rivera.gub.uy\/social\/wp-content\/uploads\/2017\/08\/Tenis-de-Mesa-150x150.jpg\" class=\"attachment-thumbnail size-thumbnail\" alt=\"\" \/><\/a>\n\t\t\t<\/div><\/figure><figure class='gallery-item'>\n\t\t\t<div class='gallery-icon landscape'>\n\t\t\t\t<a href='https:\/\/www.rivera.gub.uy\/social\/wp-content\/uploads\/2017\/08\/Tenis-de-Mesa-10.jpg'><img loading=\"lazy\" decoding=\"async\" width=\"150\" height=\"150\" src=\"https:\/\/www.rivera.gub.uy\/social\/wp-content\/uploads\/2017\/08\/Tenis-de-Mesa-10-150x150.jpg\" class=\"attachment-thumbnail size-thumbnail\" alt=\"\" \/><\/a>\n\t\t\t<\/div><\/figure><figure class='gallery-item'>\n\t\t\t<div class='gallery-icon landscape'>\n\t\t\t\t<a href='https:\/\/www.rivera.gub.uy\/social\/wp-content\/uploads\/2017\/08\/Tenis-de-Mesa-9.jpg'><img loading=\"lazy\" decoding=\"async\" width=\"150\" height=\"150\" src=\"https:\/\/www.rivera.gub.uy\/social\/wp-content\/uploads\/2017\/08\/Tenis-de-Mesa-9-150x150.jpg\" class=\"attachment-thumbnail size-thumbnail\" alt=\"\" \/><\/a>\n\t\t\t<\/div><\/figure>\n\t\t<\/div>\n\n<p>PH: Washington Katona Costa Fern\u00e1ndez ( Divisi\u00f3n Deportes)<\/p>\n<\/div>\n","protected":false},"excerpt":{"rendered":"<p>En la ma\u00f1ana y tarde del pasado s\u00e1bado 12 de agosto, se realiz\u00f3 la 3ra. etapa del Circuito Riverense de Tenis de Mesa \u00abGran Copa Macro Mercado\u00bb en el gimnasio del Liceo N\u00ba1 Dra. Celia Pomoli. Con una concurrencia sorprendente de participantes, pese al mal tiempo, se disfrut\u00f3 de una jornada deportiva de integraci\u00f3n y [&hellip;]<\/p>\n","protected":false},"author":4,"featured_media":308,"comment_status":"open","ping_status":"open","sticky":false,"template":"","format":"standard","meta":{"footnotes":""},"categories":[6,5,1,7],"tags":[20,12,11,18,17,19],"_links":{"self":[{"href":"https:\/\/www.rivera.gub.uy\/social\/wp-json\/wp\/v2\/posts\/300"}],"collection":[{"href":"https:\/\/www.rivera.gub.uy\/social\/wp-json\/wp\/v2\/posts"}],"about":[{"href":"https:\/\/www.rivera.gub.uy\/social\/wp-json\/wp\/v2\/types\/post"}],"author":[{"embeddable":true,"href":"https:\/\/www.rivera.gub.uy\/social\/wp-json\/wp\/v2\/users\/4"}],"replies":[{"embeddable":true,"href":"https:\/\/www.rivera.gub.uy\/social\/wp-json\/wp\/v2\/comments?post=300"}],"version-history":[{"count":11,"href":"https:\/\/www.rivera.gub.uy\/social\/wp-json\/wp\/v2\/posts\/300\/revisions"}],"predecessor-version":[{"id":348,"href":"https:\/\/www.rivera.gub.uy\/social\/wp-json\/wp\/v2\/posts\/300\/revisions\/348"}],"wp:featuredmedia":[{"embeddable":true,"href":"https:\/\/www.rivera.gub.uy\/social\/wp-json\/wp\/v2\/media\/308"}],"wp:attachment":[{"href":"https:\/\/www.rivera.gub.uy\/social\/wp-json\/wp\/v2\/media?parent=300"}],"wp:term":[{"taxonomy":"category","embeddable":true,"href":"https:\/\/www.rivera.gub.uy\/social\/wp-json\/wp\/v2\/categories?post=300"},{"taxonomy":"post_tag","embeddable":true,"href":"https:\/\/www.rivera.gub.uy\/social\/wp-json\/wp\/v2\/tags?post=300"}],"curies":[{"name":"wp","href":"https:\/\/api.w.org\/{rel}","templated":true}]}}