{"id":3012,"date":"2018-02-23T14:06:37","date_gmt":"2018-02-23T14:06:37","guid":{"rendered":"http:\/\/rivera.gub.uy\/social\/?p=3012"},"modified":"2018-02-27T12:32:14","modified_gmt":"2018-02-27T12:32:14","slug":"la-historia-de-un-campeon","status":"publish","type":"post","link":"https:\/\/www.rivera.gub.uy\/social\/la-historia-de-un-campeon\/","title":{"rendered":"La historia de un CAMPE\u00d3N!"},"content":{"rendered":"<div>Nacido en Rivera en el a\u00f1o 1980, Ernesto Machado, m\u00e1s conocido por Nestor \u00abEl Charr\u00faa\u00bb, hoy tiene 37 a\u00f1os.<\/div>\n<div>En el 2001 comenz\u00f3 a entrenar\u00a0\u00a0kick boxing, en una academia privada, en las inmediaciones de la Plaza de Deportes.<\/div>\n<div>Durante el a\u00f1o 2007 y hasta el 2009, se radic\u00f3 en la cuidad de Pelotas (Brasil) especializ\u00e1ndose, en dicha modalidad, con el Prof. Leandro Acosta.<\/div>\n<p><!--more--><\/p>\n<div>Comenz\u00f3 su carrera en Muay Thai en el 2011 consagr\u00e1ndose <strong>Campe\u00f3n Brasilero<\/strong> en la categor\u00eda \u00abPeso Gallo\u00bb el mismo a\u00f1o.<\/div>\n<div>2013 fue el a\u00f1o que se inici\u00f3 en MMA enfrent\u00e1ndose a un problema no menor, no ten\u00eda lugar donde entrenar. Ese fue el momento que comenz\u00f3 el v\u00ednculo con Divisi\u00f3n Deportes. Ernesto le planteo su situaci\u00f3n al Prof. Horacio Hern\u00e1ndez, Director de la Divisi\u00f3n Deportes de la Intendencia de Rivera. Al d\u00eda siguiente ya estaba entrenando en el Gimnasio Municipal\u00a0de Boxeo en los horarios donde no hab\u00eda actividad, ya que all\u00ed se realizan clases sistem\u00e1ticas\u00a0de Boxeo. A los pocos d\u00edas de entrenamiento, se asoman al port\u00f3n de entrada de la Escuela un grupo de j\u00f3venes curiosos queriendo entrenar, desde \u00e9se momento \u00abEl Charr\u00faa\u00bb le da inicio a un magn\u00edfico trabajo social, ya que de forma HONORARIA y con el apoyo de Divisi\u00f3n Deportes comenz\u00f3 a brindar clases de\u00a0\u00a0Muay Thai y\u00a0kick boxing\u00a0a ni\u00f1os y j\u00f3venes que hasta el momento no hab\u00edan tenido la oportunidad de acceder a una academia o a un club privado a iniciarse en la modalidad.<\/div>\n<div>Al poco tiempo se form\u00f3 un numeroso grupo de alumnos donde salieron grandes competidores con logros internacionales, entre ellos Fernando Silveira, Mayra Fag\u00fandez, Nauel Rosa, Felipe Meneses, Vinicios Sales\u00a0entre otros.<\/div>\n<div><\/div>\n<div>En el 2014 Ernesto\u00a0fue invitado a competir a un \u00abGP\u00bb donde participaron m\u00e1s de 40 competidores de todo Brasil, \u00abNestor\u00bb sali\u00f3 campe\u00f3n!.<\/div>\n<div>Pocos meses despu\u00e9s se enfrent\u00f3 a nada m\u00e1s y nada menos que con unos de los mayores referentes de MMA en Brasil, Yuri Maia, esa fue la oportunidad que Machado estaba esperando para darse a conocer en todo el continente.<\/div>\n<div>Al a\u00f1o siguiente fue invitado\u00a0por la Organizaci\u00f3n Brasilera de MMA, a participar de un evento donde disputaban m\u00e1s de 60 competidores, el mismo fue organizado con caracter\u00edsticas\u00a0ol\u00edmpicas\u00a0con el fin de presentar la modalidad en las Olimpiadas, \u00abEl Charr\u00faa\u00bb nuevamente sali\u00f3 campe\u00f3n.<\/div>\n<div>En el 2015 tambi\u00e9n viaj\u00f3 a C\u00f3rdoba Capital (Argentina) a competir en un torneo de\u00a0\u00a0Muay Thai y MMA.<\/div>\n<div>Durante todo el 2016 pele\u00f3 por Argentina, Brasil y Uruguay disputando diversos torneos.<\/div>\n<div>Precisamente\u00a0el 4 de marzo el a\u00f1o pasado (2017) recibi\u00f3 la invitaci\u00f3n para disputar el Campeonato Sudamericano MMA en La Patagonia (Argentina) la competencia se realiz\u00f3 el 8 de abril, \u00abNestor\u00bb tuvo muy pocos d\u00edas para preparase y asimismo se trajo a Rivera el cintur\u00f3n de <strong>CAMPE\u00d3N SUDAMERICANO DE MMA!<\/strong><\/div>\n<div>El a\u00f1o estaba muy lejos de terminar para \u00abEl Charr\u00faa\u00bb, ya que en los \u00faltimos meses de pasado a\u00f1o, se formaliz\u00f3 la Liga Uruguaya de MMA realiz\u00e1ndose\u00a0el primer torneo oficial, donde Ernesto represent\u00f3 a el Departamento, y en la pela final el 22 de diciembre en el Hotel Radisson en la capital del pa\u00eds, se consagr\u00f3 el <strong>PRIMER CAMPE\u00d3N URUGUAYO de MMA<\/strong> en la categor\u00eda Super Pena (hasta 61 kg.)<\/div>\n<div>Luego de un breve descanso en enero, comenz\u00f3 a entrenar muy duro para disputar ahora febrero el Titulo Sudamericano de\u00a0kick boxing en la cuidad de Lautaro (Chile). Infelizmente por una intervenci\u00f3n m\u00e9dica tuvo que abandonar la competencia tras una importante lesi\u00f3n de rodilla.<\/div>\n<div>En \u00e9ste 2017 defender\u00e1 su t\u00edtulo sudamericano en Argentina y el 17 de noviembre viajar\u00e1 a M\u00e9xico a disputar el Titulo Continental de MMA.<\/div>\n<div><\/div>\n<div>Hoy Ernesto Machado contin\u00faa brindando clases de\u00a0\u00a0Muay Thai y\u00a0kick boxing\u00a0en la Escuela Municipal\u00a0de Boxeo dos veces por semana, y desde mediados del 2017, hace parte del equipo de docentes de la Divisi\u00f3n Deportes.<\/div>\n<div>Desde nuestro lugar de trabajo y como manera de reconocimiento contamos su historia de mucha luchas y victorias en el ring y en la vida.<\/div>\n<div><\/div>\n<div><img loading=\"lazy\" decoding=\"async\" class=\"alignnone size-medium wp-image-3016\" src=\"http:\/\/rivera.gub.uy\/social\/wp-content\/uploads\/2018\/02\/IMG-20180122-WA0053-300x200.jpg\" alt=\"\" width=\"300\" height=\"200\" srcset=\"https:\/\/www.rivera.gub.uy\/social\/wp-content\/uploads\/2018\/02\/IMG-20180122-WA0053-300x200.jpg 300w, https:\/\/www.rivera.gub.uy\/social\/wp-content\/uploads\/2018\/02\/IMG-20180122-WA0053-600x400.jpg 600w, https:\/\/www.rivera.gub.uy\/social\/wp-content\/uploads\/2018\/02\/IMG-20180122-WA0053-272x182.jpg 272w, https:\/\/www.rivera.gub.uy\/social\/wp-content\/uploads\/2018\/02\/IMG-20180122-WA0053.jpg 720w\" sizes=\"(max-width: 300px) 100vw, 300px\" \/><\/div>\n<div><\/div>\n","protected":false},"excerpt":{"rendered":"<p>Nacido en Rivera en el a\u00f1o 1980, Ernesto Machado, m\u00e1s conocido por Nestor \u00abEl Charr\u00faa\u00bb, hoy tiene 37 a\u00f1os. En el 2001 comenz\u00f3 a entrenar\u00a0\u00a0kick boxing, en una academia privada, en las inmediaciones de la Plaza de Deportes. Durante el a\u00f1o 2007 y hasta el 2009, se radic\u00f3 en la cuidad de Pelotas (Brasil) especializ\u00e1ndose, [&hellip;]<\/p>\n","protected":false},"author":4,"featured_media":3015,"comment_status":"open","ping_status":"open","sticky":false,"template":"","format":"standard","meta":{"footnotes":""},"categories":[6,8,5,1,7],"tags":[],"_links":{"self":[{"href":"https:\/\/www.rivera.gub.uy\/social\/wp-json\/wp\/v2\/posts\/3012"}],"collection":[{"href":"https:\/\/www.rivera.gub.uy\/social\/wp-json\/wp\/v2\/posts"}],"about":[{"href":"https:\/\/www.rivera.gub.uy\/social\/wp-json\/wp\/v2\/types\/post"}],"author":[{"embeddable":true,"href":"https:\/\/www.rivera.gub.uy\/social\/wp-json\/wp\/v2\/users\/4"}],"replies":[{"embeddable":true,"href":"https:\/\/www.rivera.gub.uy\/social\/wp-json\/wp\/v2\/comments?post=3012"}],"version-history":[{"count":7,"href":"https:\/\/www.rivera.gub.uy\/social\/wp-json\/wp\/v2\/posts\/3012\/revisions"}],"predecessor-version":[{"id":3046,"href":"https:\/\/www.rivera.gub.uy\/social\/wp-json\/wp\/v2\/posts\/3012\/revisions\/3046"}],"wp:featuredmedia":[{"embeddable":true,"href":"https:\/\/www.rivera.gub.uy\/social\/wp-json\/wp\/v2\/media\/3015"}],"wp:attachment":[{"href":"https:\/\/www.rivera.gub.uy\/social\/wp-json\/wp\/v2\/media?parent=3012"}],"wp:term":[{"taxonomy":"category","embeddable":true,"href":"https:\/\/www.rivera.gub.uy\/social\/wp-json\/wp\/v2\/categories?post=3012"},{"taxonomy":"post_tag","embeddable":true,"href":"https:\/\/www.rivera.gub.uy\/social\/wp-json\/wp\/v2\/tags?post=3012"}],"curies":[{"name":"wp","href":"https:\/\/api.w.org\/{rel}","templated":true}]}}