{"id":3047,"date":"2018-02-27T14:37:18","date_gmt":"2018-02-27T14:37:18","guid":{"rendered":"http:\/\/rivera.gub.uy\/social\/?p=3047"},"modified":"2018-02-27T15:15:41","modified_gmt":"2018-02-27T15:15:41","slug":"lanzamiento-del-proyecto-patinaje-artistico-en-rivera-convenio-intendencia-departamental-de-rivera-federacion-uruguaya-de-patin-y-hockey","status":"publish","type":"post","link":"https:\/\/www.rivera.gub.uy\/social\/lanzamiento-del-proyecto-patinaje-artistico-en-rivera-convenio-intendencia-departamental-de-rivera-federacion-uruguaya-de-patin-y-hockey\/","title":{"rendered":"Lanzamiento del Proyecto \u00abPatinaje Art\u00edstico en Rivera\u00bb Convenio Intendencia Departamental de Rivera &#8211; Federaci\u00f3n Uruguaya de Pat\u00edn y Hockey."},"content":{"rendered":"<div class=\"\">\n<p>Comenzamos a transitar un nuevo camino lleno de desaf\u00edos y metas a cumplir, seguimos trabajando d\u00eda a d\u00eda para brindarle a los riverenses mas opciones deportivas.<br \/>\nLogramos que desembarque a Rivera otra Federaci\u00f3n para trabajar juntos, \u00e9sta vez con el Pat\u00edn Art\u00edstico.<span class=\"text_exposed_show\"><br \/>\n\u00c9ste nuevo y ambicioso proyecto inicia con clases de patin de la mano de la Prof. Karina Cousillas, docente de la Federaci\u00f3n Uruguaya de Pat\u00edn y Hockey y se dictara en las instalaciones del Melancia quien otra vez con un sentimiento de responsabilidad social se suma a todos los emprendimientos de la Divisi\u00f3n Deportes demostrando un compromiso con aquellas actividades que generan espacio de convivencia y aprendizaje para nuestra sociedad.<br \/>\nLas clases tienen un m\u00f3dico costo de $ 200 por jornada y se realizar\u00e1n todos los d\u00edas s\u00e1bados por la ma\u00f1ana y tarde divididas en diferentes grupos etarios.<br \/>\n\u00c9ste s\u00e1bado 3 de marzo comenzamos las clases y realizaremos en lanzamiento del proyecto a la hora 11:00 en las instalaciones del Shopping Melancia.<br \/>\nEsperamos contar con la presencia de los m\u00e1s de cien ni\u00f1os, ni\u00f1as y j\u00f3venes inscriptos hasta el momento en las diferentes categor\u00edas, del p\u00fablico en general, de autoridades y de todo aquel\/lla que de una manera u otra apoya el deporte.<\/span><\/p>\n<div class=\"text_exposed_show\">\n<p>Los Esperamos!!!<\/p>\n<\/div>\n<\/div>\n<div class=\"\">\n<div class=\"_1mf _1mj\"><\/div>\n<\/div>\n","protected":false},"excerpt":{"rendered":"<p>Comenzamos a transitar un nuevo camino lleno de desaf\u00edos y metas a cumplir, seguimos trabajando d\u00eda a d\u00eda para brindarle a los riverenses mas opciones deportivas. Logramos que desembarque a Rivera otra Federaci\u00f3n para trabajar juntos, \u00e9sta vez con el Pat\u00edn Art\u00edstico. \u00c9ste nuevo y ambicioso proyecto inicia con clases de patin de la mano [&hellip;]<\/p>\n","protected":false},"author":4,"featured_media":3004,"comment_status":"open","ping_status":"open","sticky":false,"template":"","format":"standard","meta":{"footnotes":""},"categories":[6,8,5,1,7,9],"tags":[],"_links":{"self":[{"href":"https:\/\/www.rivera.gub.uy\/social\/wp-json\/wp\/v2\/posts\/3047"}],"collection":[{"href":"https:\/\/www.rivera.gub.uy\/social\/wp-json\/wp\/v2\/posts"}],"about":[{"href":"https:\/\/www.rivera.gub.uy\/social\/wp-json\/wp\/v2\/types\/post"}],"author":[{"embeddable":true,"href":"https:\/\/www.rivera.gub.uy\/social\/wp-json\/wp\/v2\/users\/4"}],"replies":[{"embeddable":true,"href":"https:\/\/www.rivera.gub.uy\/social\/wp-json\/wp\/v2\/comments?post=3047"}],"version-history":[{"count":4,"href":"https:\/\/www.rivera.gub.uy\/social\/wp-json\/wp\/v2\/posts\/3047\/revisions"}],"predecessor-version":[{"id":3051,"href":"https:\/\/www.rivera.gub.uy\/social\/wp-json\/wp\/v2\/posts\/3047\/revisions\/3051"}],"wp:featuredmedia":[{"embeddable":true,"href":"https:\/\/www.rivera.gub.uy\/social\/wp-json\/wp\/v2\/media\/3004"}],"wp:attachment":[{"href":"https:\/\/www.rivera.gub.uy\/social\/wp-json\/wp\/v2\/media?parent=3047"}],"wp:term":[{"taxonomy":"category","embeddable":true,"href":"https:\/\/www.rivera.gub.uy\/social\/wp-json\/wp\/v2\/categories?post=3047"},{"taxonomy":"post_tag","embeddable":true,"href":"https:\/\/www.rivera.gub.uy\/social\/wp-json\/wp\/v2\/tags?post=3047"}],"curies":[{"name":"wp","href":"https:\/\/api.w.org\/{rel}","templated":true}]}}