{"id":3053,"date":"2018-03-01T16:56:40","date_gmt":"2018-03-01T16:56:40","guid":{"rendered":"http:\/\/rivera.gub.uy\/social\/?p=3053"},"modified":"2018-03-01T16:56:40","modified_gmt":"2018-03-01T16:56:40","slug":"automovil-club-del-uruguay","status":"publish","type":"post","link":"https:\/\/www.rivera.gub.uy\/social\/automovil-club-del-uruguay\/","title":{"rendered":"Automovil Club Del Uruguay"},"content":{"rendered":"<h3 align=\"justify\"><span style=\"font-family: Calibri, serif\"><span style=\"font-size: medium\"><span lang=\"es-ES\">El dia 28 de febrero el Director de Turismo Carlos Martorell junto a Carlos Ubillo Creador de las 19 Capitales y Javier Berrutia Gerente Comercial de ACU <\/span><\/span><\/span><span style=\"font-family: Calibri, serif\"><span style=\"font-size: medium\"><span lang=\"es-ES\">Autom\u00f3vil<\/span><\/span><\/span><span style=\"font-family: Calibri, serif\"><span style=\"font-size: medium\"><span lang=\"es-ES\"> Club del Uruguay, recepcionaron en Rivera la llegada de los veh\u00edculos que participaron de la 15ta. E<\/span><\/span><\/span><span style=\"font-family: Calibri, serif\"><span style=\"font-size: medium\"><span lang=\"es-ES\">dici\u00f3n<\/span><\/span><\/span><span style=\"font-family: Calibri, serif\"><span style=\"font-size: medium\"><span lang=\"es-ES\"> del Gran Premio del Uruguay \u00ab19 Capitales <\/span><\/span><\/span><span style=\"font-family: Calibri, serif\"><span style=\"font-size: medium\"><span lang=\"es-ES\">Hist\u00f3rico<\/span><\/span><\/span><span style=\"font-family: Calibri, serif\"><span style=\"font-size: medium\"><span lang=\"es-ES\">\u00ab.\u00a0\u00a0<\/span><\/span><\/span><\/h3>\n<p><img loading=\"lazy\" decoding=\"async\" class=\"alignnone size-medium wp-image-3054\" src=\"http:\/\/rivera.gub.uy\/social\/wp-content\/uploads\/2018\/03\/achi-300x225.jpg\" alt=\"\" width=\"300\" height=\"225\" srcset=\"https:\/\/www.rivera.gub.uy\/social\/wp-content\/uploads\/2018\/03\/achi-300x225.jpg 300w, https:\/\/www.rivera.gub.uy\/social\/wp-content\/uploads\/2018\/03\/achi-768x576.jpg 768w, https:\/\/www.rivera.gub.uy\/social\/wp-content\/uploads\/2018\/03\/achi-1024x768.jpg 1024w, https:\/\/www.rivera.gub.uy\/social\/wp-content\/uploads\/2018\/03\/achi-820x615.jpg 820w\" sizes=\"(max-width: 300px) 100vw, 300px\" \/><img loading=\"lazy\" decoding=\"async\" class=\"alignnone size-medium wp-image-3055\" src=\"http:\/\/rivera.gub.uy\/social\/wp-content\/uploads\/2018\/03\/IMG_0809-225x300.jpg\" alt=\"\" width=\"225\" height=\"300\" srcset=\"https:\/\/www.rivera.gub.uy\/social\/wp-content\/uploads\/2018\/03\/IMG_0809-225x300.jpg 225w, https:\/\/www.rivera.gub.uy\/social\/wp-content\/uploads\/2018\/03\/IMG_0809-768x1024.jpg 768w, https:\/\/www.rivera.gub.uy\/social\/wp-content\/uploads\/2018\/03\/IMG_0809-820x1093.jpg 820w\" sizes=\"(max-width: 225px) 100vw, 225px\" \/><img loading=\"lazy\" decoding=\"async\" class=\"alignnone size-medium wp-image-3056\" src=\"http:\/\/rivera.gub.uy\/social\/wp-content\/uploads\/2018\/03\/autos-300x225.jpg\" alt=\"\" width=\"300\" height=\"225\" srcset=\"https:\/\/www.rivera.gub.uy\/social\/wp-content\/uploads\/2018\/03\/autos-300x225.jpg 300w, https:\/\/www.rivera.gub.uy\/social\/wp-content\/uploads\/2018\/03\/autos-768x576.jpg 768w, https:\/\/www.rivera.gub.uy\/social\/wp-content\/uploads\/2018\/03\/autos-1024x768.jpg 1024w, https:\/\/www.rivera.gub.uy\/social\/wp-content\/uploads\/2018\/03\/autos-820x615.jpg 820w\" sizes=\"(max-width: 300px) 100vw, 300px\" \/><img loading=\"lazy\" decoding=\"async\" class=\"alignnone size-medium wp-image-3057\" src=\"http:\/\/rivera.gub.uy\/social\/wp-content\/uploads\/2018\/03\/plaza--225x300.jpg\" alt=\"\" width=\"225\" height=\"300\" srcset=\"https:\/\/www.rivera.gub.uy\/social\/wp-content\/uploads\/2018\/03\/plaza--225x300.jpg 225w, https:\/\/www.rivera.gub.uy\/social\/wp-content\/uploads\/2018\/03\/plaza--768x1024.jpg 768w, https:\/\/www.rivera.gub.uy\/social\/wp-content\/uploads\/2018\/03\/plaza--820x1093.jpg 820w, https:\/\/www.rivera.gub.uy\/social\/wp-content\/uploads\/2018\/03\/plaza-.jpg 1958w\" sizes=\"(max-width: 225px) 100vw, 225px\" \/><\/p>\n","protected":false},"excerpt":{"rendered":"<p>El dia 28 de febrero el Director de Turismo Carlos Martorell junto a Carlos Ubillo Creador de las 19 Capitales y Javier Berrutia Gerente Comercial de ACU Autom\u00f3vil Club del Uruguay, recepcionaron en Rivera la llegada de los veh\u00edculos que participaron de la 15ta. Edici\u00f3n del Gran Premio del Uruguay \u00ab19 Capitales Hist\u00f3rico\u00ab.\u00a0\u00a0<\/p>\n","protected":false},"author":3,"featured_media":3060,"comment_status":"open","ping_status":"open","sticky":false,"template":"","format":"standard","meta":{"footnotes":""},"categories":[5,1,9],"tags":[151,149,150,143,11,148],"_links":{"self":[{"href":"https:\/\/www.rivera.gub.uy\/social\/wp-json\/wp\/v2\/posts\/3053"}],"collection":[{"href":"https:\/\/www.rivera.gub.uy\/social\/wp-json\/wp\/v2\/posts"}],"about":[{"href":"https:\/\/www.rivera.gub.uy\/social\/wp-json\/wp\/v2\/types\/post"}],"author":[{"embeddable":true,"href":"https:\/\/www.rivera.gub.uy\/social\/wp-json\/wp\/v2\/users\/3"}],"replies":[{"embeddable":true,"href":"https:\/\/www.rivera.gub.uy\/social\/wp-json\/wp\/v2\/comments?post=3053"}],"version-history":[{"count":3,"href":"https:\/\/www.rivera.gub.uy\/social\/wp-json\/wp\/v2\/posts\/3053\/revisions"}],"predecessor-version":[{"id":3062,"href":"https:\/\/www.rivera.gub.uy\/social\/wp-json\/wp\/v2\/posts\/3053\/revisions\/3062"}],"wp:featuredmedia":[{"embeddable":true,"href":"https:\/\/www.rivera.gub.uy\/social\/wp-json\/wp\/v2\/media\/3060"}],"wp:attachment":[{"href":"https:\/\/www.rivera.gub.uy\/social\/wp-json\/wp\/v2\/media?parent=3053"}],"wp:term":[{"taxonomy":"category","embeddable":true,"href":"https:\/\/www.rivera.gub.uy\/social\/wp-json\/wp\/v2\/categories?post=3053"},{"taxonomy":"post_tag","embeddable":true,"href":"https:\/\/www.rivera.gub.uy\/social\/wp-json\/wp\/v2\/tags?post=3053"}],"curies":[{"name":"wp","href":"https:\/\/api.w.org\/{rel}","templated":true}]}}