{"id":3063,"date":"2018-03-02T12:54:44","date_gmt":"2018-03-02T12:54:44","guid":{"rendered":"http:\/\/rivera.gub.uy\/social\/?p=3063"},"modified":"2018-03-02T12:54:44","modified_gmt":"2018-03-02T12:54:44","slug":"vi-feria-binacional-de-pascua","status":"publish","type":"post","link":"https:\/\/www.rivera.gub.uy\/social\/vi-feria-binacional-de-pascua\/","title":{"rendered":"VI Feria Binacional de Pascua"},"content":{"rendered":"<h3>El Director de <a href=\"http:\/\/rivera.gub.uy\/social\/turismo\/\">Turismo<\/a> Carlos Martorell se reuni\u00f3 con Luciana Fernandes Asesora T\u00e9cnica de Turismo\u00a0 y Jose Airton Costa Secretario de <a href=\"http:\/\/rivera.gub.uy\/social\/cultura\/\">Cultura<\/a> para realizar coordinaciones de la VI Feria Binacional de Pascua.<\/h3>\n<p><!--more--><\/p>\n<p>La VI Feria Binacional de Pascua, se realizara del 24 al 31 de marzo del 2018 en la Plaza Internacional, y en el mismo contaremos con actuaciones art\u00edsticas,\u00a0culturales, feria de artesan\u00edas, actividades enfocadas principalmente para los ni\u00f1os entre otras. Tambi\u00e9n se realizara la 43\u00ba Festival Internacional de cometas que se realizara en el Cerro Caqueiro.<\/p>\n","protected":false},"excerpt":{"rendered":"<p>El Director de Turismo Carlos Martorell se reuni\u00f3 con Luciana Fernandes Asesora T\u00e9cnica de Turismo\u00a0 y Jose Airton Costa Secretario de Cultura para realizar coordinaciones de la VI Feria Binacional de Pascua.<\/p>\n","protected":false},"author":3,"featured_media":3064,"comment_status":"open","ping_status":"open","sticky":false,"template":"","format":"standard","meta":{"footnotes":""},"categories":[8,1,9],"tags":[143,144,58,147,11,152,145,153,141],"_links":{"self":[{"href":"https:\/\/www.rivera.gub.uy\/social\/wp-json\/wp\/v2\/posts\/3063"}],"collection":[{"href":"https:\/\/www.rivera.gub.uy\/social\/wp-json\/wp\/v2\/posts"}],"about":[{"href":"https:\/\/www.rivera.gub.uy\/social\/wp-json\/wp\/v2\/types\/post"}],"author":[{"embeddable":true,"href":"https:\/\/www.rivera.gub.uy\/social\/wp-json\/wp\/v2\/users\/3"}],"replies":[{"embeddable":true,"href":"https:\/\/www.rivera.gub.uy\/social\/wp-json\/wp\/v2\/comments?post=3063"}],"version-history":[{"count":5,"href":"https:\/\/www.rivera.gub.uy\/social\/wp-json\/wp\/v2\/posts\/3063\/revisions"}],"predecessor-version":[{"id":3069,"href":"https:\/\/www.rivera.gub.uy\/social\/wp-json\/wp\/v2\/posts\/3063\/revisions\/3069"}],"wp:featuredmedia":[{"embeddable":true,"href":"https:\/\/www.rivera.gub.uy\/social\/wp-json\/wp\/v2\/media\/3064"}],"wp:attachment":[{"href":"https:\/\/www.rivera.gub.uy\/social\/wp-json\/wp\/v2\/media?parent=3063"}],"wp:term":[{"taxonomy":"category","embeddable":true,"href":"https:\/\/www.rivera.gub.uy\/social\/wp-json\/wp\/v2\/categories?post=3063"},{"taxonomy":"post_tag","embeddable":true,"href":"https:\/\/www.rivera.gub.uy\/social\/wp-json\/wp\/v2\/tags?post=3063"}],"curies":[{"name":"wp","href":"https:\/\/api.w.org\/{rel}","templated":true}]}}