{"id":321,"date":"2017-08-14T13:46:05","date_gmt":"2017-08-14T13:46:05","guid":{"rendered":"http:\/\/rivera.gub.uy\/social\/?p=321"},"modified":"2017-08-14T15:06:21","modified_gmt":"2017-08-14T15:06:21","slug":"curso-taller-lesiones-deportivas","status":"publish","type":"post","link":"https:\/\/www.rivera.gub.uy\/social\/curso-taller-lesiones-deportivas\/","title":{"rendered":"Curso sobre Lesiones Deportivas"},"content":{"rendered":"<p>La Asociaci\u00f3n de Deportes de Combate y Artes Marciales con el apoyo de la Direcci\u00f3n General de Promoci\u00f3n y Acci\u00f3n Social, a trav\u00e9s de Divisi\u00f3n Deportes, organiza un curso-taller sobre <strong>Lesiones Deportivas<\/strong>.<!--more--><\/p>\n<p>La capacitaci\u00f3n est\u00e1 dirigida a Maestros, Profesores, Instructores, Practicantes de Artes Marciales y Deportes en General.<\/p>\n<p>En dicha actividad se abordaran tem\u00e1ticas para reconocer, identificar y brindar tratamiento inicial a tales Lesiones como :<\/p>\n<ul>\n<li><span class=\"text_exposed_show\">Calambre<\/span><\/li>\n<li><span class=\"text_exposed_show\">Contractura<\/span><\/li>\n<li><span class=\"text_exposed_show\">Contusi\u00f3n<\/span><\/li>\n<li><span class=\"text_exposed_show\">Desgarro<\/span><\/li>\n<li><span class=\"text_exposed_show\">Esguince<\/span><\/li>\n<li><span class=\"text_exposed_show\">Tendinitis<\/span><\/li>\n<li><span class=\"text_exposed_show\">Luxaci\u00f3n<\/span><\/li>\n<li><span class=\"text_exposed_show\">Epistaxis<\/span><\/li>\n<li>Fractura<\/li>\n<\/ul>\n<p><span class=\"text_exposed_show\"><br \/>\nDisertantes: Dr. Eldo Fernando Corbo y Klgo. Hector Martin Coiti\u00f1o.<\/span><\/p>\n<p>El mismo sera dictado el sabado 9 de Setiembre, de 09:00 a 13:00 horas, en instalaciones del Club Deportivo Tel\u00e9grafo (Uruguay 525) de la ciudad de Rivera. Su costo es de $500, siendo gratis para socios de ADCAM.<\/p>\n<div class=\"text_exposed_show\">\n<p>Para inscribirse deben comunicarse al numero celular 099348320 o a nuestra <a href=\"https:\/\/www.facebook.com\/events\/866420783506575\/?acontext=%7B%22source%22%3A3%2C%22source_newsfeed_story_type%22%3A%22regular%22%2C%22action_history%22%3A%22%5B%7B%5C%22surface%5C%22%3A%5C%22newsfeed%5C%22%2C%5C%22mechanism%5C%22%3A%5C%22feed_story%5C%22%2C%5C%22extra_data%5C%22%3A%5B%5D%7D%5D%22%2C%22has_source%22%3Atrue%7D&amp;source=3&amp;source_newsfeed_story_type=regular&amp;action_history=%5B%7B%22surface%22%3A%22newsfeed%22%2C%22mechanism%22%3A%22feed_story%22%2C%22extra_data%22%3A%5B%5D%7D%5D&amp;has_source=1&amp;fref=mentions\">Fan Page<\/a><\/p>\n<p><a href=\"http:\/\/rivera.gub.uy\/social\/wp-content\/uploads\/2017\/08\/Lesiones-Deportivas-Afiche-3.jpg\"><img loading=\"lazy\" decoding=\"async\" class=\"aligncenter wp-image-323 size-medium\" src=\"http:\/\/rivera.gub.uy\/social\/wp-content\/uploads\/2017\/08\/Lesiones-Deportivas-Afiche-3-208x300.jpg\" alt=\"\" width=\"208\" height=\"300\" srcset=\"https:\/\/www.rivera.gub.uy\/social\/wp-content\/uploads\/2017\/08\/Lesiones-Deportivas-Afiche-3-208x300.jpg 208w, https:\/\/www.rivera.gub.uy\/social\/wp-content\/uploads\/2017\/08\/Lesiones-Deportivas-Afiche-3-709x1024.jpg 709w, https:\/\/www.rivera.gub.uy\/social\/wp-content\/uploads\/2017\/08\/Lesiones-Deportivas-Afiche-3.jpg 720w\" sizes=\"(max-width: 208px) 100vw, 208px\" \/><\/a><\/p>\n<\/div>\n","protected":false},"excerpt":{"rendered":"<p>La Asociaci\u00f3n de Deportes de Combate y Artes Marciales con el apoyo de la Direcci\u00f3n General de Promoci\u00f3n y Acci\u00f3n Social, a trav\u00e9s de Divisi\u00f3n Deportes, organiza un curso-taller sobre Lesiones Deportivas.<\/p>\n","protected":false},"author":4,"featured_media":344,"comment_status":"open","ping_status":"open","sticky":false,"template":"","format":"standard","meta":{"footnotes":""},"categories":[5,1],"tags":[16,12,14,11,13,15,17],"_links":{"self":[{"href":"https:\/\/www.rivera.gub.uy\/social\/wp-json\/wp\/v2\/posts\/321"}],"collection":[{"href":"https:\/\/www.rivera.gub.uy\/social\/wp-json\/wp\/v2\/posts"}],"about":[{"href":"https:\/\/www.rivera.gub.uy\/social\/wp-json\/wp\/v2\/types\/post"}],"author":[{"embeddable":true,"href":"https:\/\/www.rivera.gub.uy\/social\/wp-json\/wp\/v2\/users\/4"}],"replies":[{"embeddable":true,"href":"https:\/\/www.rivera.gub.uy\/social\/wp-json\/wp\/v2\/comments?post=321"}],"version-history":[{"count":5,"href":"https:\/\/www.rivera.gub.uy\/social\/wp-json\/wp\/v2\/posts\/321\/revisions"}],"predecessor-version":[{"id":357,"href":"https:\/\/www.rivera.gub.uy\/social\/wp-json\/wp\/v2\/posts\/321\/revisions\/357"}],"wp:featuredmedia":[{"embeddable":true,"href":"https:\/\/www.rivera.gub.uy\/social\/wp-json\/wp\/v2\/media\/344"}],"wp:attachment":[{"href":"https:\/\/www.rivera.gub.uy\/social\/wp-json\/wp\/v2\/media?parent=321"}],"wp:term":[{"taxonomy":"category","embeddable":true,"href":"https:\/\/www.rivera.gub.uy\/social\/wp-json\/wp\/v2\/categories?post=321"},{"taxonomy":"post_tag","embeddable":true,"href":"https:\/\/www.rivera.gub.uy\/social\/wp-json\/wp\/v2\/tags?post=321"}],"curies":[{"name":"wp","href":"https:\/\/api.w.org\/{rel}","templated":true}]}}